{"id":91537,"date":"2024-02-26T08:58:20","date_gmt":"2024-02-26T07:58:20","guid":{"rendered":"https:\/\/www.novak-m.com\/?p=91537"},"modified":"2024-03-18T09:04:44","modified_gmt":"2024-03-18T08:04:44","slug":"spet-na-kolesih","status":"publish","type":"post","link":"https:\/\/novak-m.com\/sl\/spet-na-kolesih\/","title":{"rendered":"Spet na kolesih"},"content":{"rendered":"<h2>Otvoritev sezone<\/h2>\n<p>\u010ceprav se zima uradno \u0161e ni kon\u010dala, je vreme prav pomladno toplo. Tudi na\u0161i navdu\u0161eni kolesarji so izkoristili prijeten konec tedna in se podali na prvo leto\u0161njo skupno turo na jugovzhodu na\u0161e de\u017eele.<\/p>\n<p><img loading=\"lazy\" decoding=\"async\" class=\"alignnone size-full wp-image-91494\" src=\"https:\/\/novak-m.com\/wp-content\/uploads\/2024\/02\/Novak-M-1.-kolesarska-tura_1-e1708503545529.webp\" alt=\"\" width=\"602\" height=\"277\" srcset=\"https:\/\/novak-m.com\/wp-content\/uploads\/2024\/02\/Novak-M-1.-kolesarska-tura_1-e1708503545529.webp 602w, https:\/\/novak-m.com\/wp-content\/uploads\/2024\/02\/Novak-M-1.-kolesarska-tura_1-e1708503545529-300x138.webp 300w, https:\/\/novak-m.com\/wp-content\/uploads\/2024\/02\/Novak-M-1.-kolesarska-tura_1-e1708503545529-600x276.webp 600w, https:\/\/novak-m.com\/wp-content\/uploads\/2024\/02\/Novak-M-1.-kolesarska-tura_1-e1708503545529-261x120.webp 261w\" sizes=\"auto, (max-width: 602px) 100vw, 602px\" \/><\/p>\n<h2>66 km za prvi\u010d<\/h2>\n<p>Svojo 66 km dolgo kro\u017eno pot so za\u010deli v \u010crnomlju in se usmerili proti reki Kolpi. Za za\u010detek sezone so izbrali kar razgibano pot in naredili okrog 1100 vi\u0161inskih metrov. Ve\u010d kot polovico poti so sledili toku Kolpe od Adle\u0161i\u010dev, Vinice do Starega trga pri Kolpi. Tam so se od nje lo\u010dili in se usmerili nazaj proti izhodi\u0161\u010du.<\/p>\n<p><img loading=\"lazy\" decoding=\"async\" class=\"alignnone size-full wp-image-91501\" src=\"https:\/\/novak-m.com\/wp-content\/uploads\/2024\/02\/Novak-M-1.-kolesarska-tura_2.webp\" alt=\"\" width=\"602\" height=\"388\" data-wp-editing=\"1\" srcset=\"https:\/\/novak-m.com\/wp-content\/uploads\/2024\/02\/Novak-M-1.-kolesarska-tura_2.webp 602w, https:\/\/novak-m.com\/wp-content\/uploads\/2024\/02\/Novak-M-1.-kolesarska-tura_2-300x193.webp 300w, https:\/\/novak-m.com\/wp-content\/uploads\/2024\/02\/Novak-M-1.-kolesarska-tura_2-600x387.webp 600w, https:\/\/novak-m.com\/wp-content\/uploads\/2024\/02\/Novak-M-1.-kolesarska-tura_2-186x120.webp 186w\" sizes=\"auto, (max-width: 602px) 100vw, 602px\" \/><\/p>\n<h2>Na poti<\/h2>\n<p>Prazne in \u010diste ceste, vzponi in spusti, ovinki in toplo sonce. Skoraj bi si ne mogli \u017eeleti bolj\u0161ega. Seveda pa ni \u0161lo brez tekmovalnega duha: kdo je bil prvi na tem in onem vzponu, kdo je imel najvi\u0161jo hitrost na spustu, kdo je potreboval dodaten pospe\u0161ek s Haribo bonbon\u010dki\u2026 O tem in \u0161e \u010dem so zadovoljni klepetali \u0161e na skupnem kosilu, s katerim so zaklju\u010dili prvi leto\u0161nji trening.<\/p>\n<p><img loading=\"lazy\" decoding=\"async\" class=\"alignnone size-full wp-image-91508\" src=\"https:\/\/novak-m.com\/wp-content\/uploads\/2024\/02\/Novak-M-1.-kolesarska-tura_3.webp\" alt=\"\" width=\"602\" height=\"388\" srcset=\"https:\/\/novak-m.com\/wp-content\/uploads\/2024\/02\/Novak-M-1.-kolesarska-tura_3.webp 602w, https:\/\/novak-m.com\/wp-content\/uploads\/2024\/02\/Novak-M-1.-kolesarska-tura_3-300x193.webp 300w, https:\/\/novak-m.com\/wp-content\/uploads\/2024\/02\/Novak-M-1.-kolesarska-tura_3-600x387.webp 600w, https:\/\/novak-m.com\/wp-content\/uploads\/2024\/02\/Novak-M-1.-kolesarska-tura_3-186x120.webp 186w\" sizes=\"auto, (max-width: 602px) 100vw, 602px\" \/><\/p>\n<p>O njihovih podvigih in dose\u017ekih bomo letos gotovo \u0161e sli\u0161ali!<\/p>\n<div style='text-align:center;' class='ow_post_button'><a target='_self' href='https:\/\/novak-m.com\/sl\/kontakt\/'>pi\u0161ite nam<\/a><\/div>\n","protected":false},"excerpt":{"rendered":"<p>Prijetno pomladne temperature niso privabile na plano le zvon\u010dkov, ampak tudi na\u0161e kolesarje.<\/p>\n","protected":false},"author":5,"featured_media":91514,"comment_status":"closed","ping_status":"closed","sticky":false,"template":"","format":"standard","meta":{"_acf_changed":false,"footnotes":""},"categories":[21],"tags":[],"class_list":["post-91537","post","type-post","status-publish","format-standard","has-post-thumbnail","hentry","category-novice"],"acf":[],"yoast_head":"<!-- This site is optimized with the Yoast SEO plugin v25.5 - https:\/\/yoast.com\/wordpress\/plugins\/seo\/ -->\n<title>Spet na kolesih | Novak M<\/title>\n<meta name=\"description\" content=\"Novak M kolesarji so izkoristili prijeten konec tedna in se podali na prvo leto\u0161njo skupno turo. Preberi ve\u010d.\" \/>\n<meta name=\"robots\" content=\"index, follow, max-snippet:-1, max-image-preview:large, max-video-preview:-1\" \/>\n<link rel=\"canonical\" href=\"https:\/\/novak-m.com\/back-on-bikes\/\" \/>\n<meta property=\"og:locale\" content=\"sl_SI\" \/>\n<meta property=\"og:type\" content=\"article\" \/>\n<meta property=\"og:title\" content=\"Spet na kolesih | Novak M\" \/>\n<meta property=\"og:description\" content=\"Novak M kolesarji so izkoristili prijeten konec tedna in se podali na prvo leto\u0161njo skupno turo. Preberi ve\u010d.\" \/>\n<meta property=\"og:url\" content=\"https:\/\/novak-m.com\/back-on-bikes\/\" \/>\n<meta property=\"og:site_name\" content=\"Novak-M\" \/>\n<meta property=\"article:published_time\" content=\"2024-02-26T07:58:20+00:00\" \/>\n<meta property=\"article:modified_time\" content=\"2024-03-18T08:04:44+00:00\" \/>\n<meta property=\"og:image\" content=\"https:\/\/novak-m.com\/wp-content\/uploads\/2024\/02\/Novak-M-1.-kolesarska-tura_fb.webp\" \/>\n\t<meta property=\"og:image:width\" content=\"1200\" \/>\n\t<meta property=\"og:image:height\" content=\"630\" \/>\n\t<meta property=\"og:image:type\" content=\"image\/webp\" \/>\n<meta name=\"author\" content=\"ana_cesen\" \/>\n<meta name=\"twitter:card\" content=\"summary_large_image\" \/>\n<meta name=\"twitter:label1\" content=\"Written by\" \/>\n\t<meta name=\"twitter:data1\" content=\"ana_cesen\" \/>\n\t<meta name=\"twitter:label2\" content=\"Est. reading time\" \/>\n\t<meta name=\"twitter:data2\" content=\"2 minuti\" \/>\n<script type=\"application\/ld+json\" class=\"yoast-schema-graph\">{\"@context\":\"https:\/\/schema.org\",\"@graph\":[{\"@type\":\"WebPage\",\"@id\":\"https:\/\/novak-m.com\/back-on-bikes\/\",\"url\":\"https:\/\/novak-m.com\/back-on-bikes\/\",\"name\":\"Spet na kolesih | Novak M\",\"isPartOf\":{\"@id\":\"https:\/\/novak-m.com\/fr\/#website\"},\"primaryImageOfPage\":{\"@id\":\"https:\/\/novak-m.com\/back-on-bikes\/#primaryimage\"},\"image\":{\"@id\":\"https:\/\/novak-m.com\/back-on-bikes\/#primaryimage\"},\"thumbnailUrl\":\"https:\/\/novak-m.com\/wp-content\/uploads\/2024\/02\/Novak-M-1.-kolesarska-tura_3.webp\",\"datePublished\":\"2024-02-26T07:58:20+00:00\",\"dateModified\":\"2024-03-18T08:04:44+00:00\",\"author\":{\"@id\":\"https:\/\/novak-m.com\/fr\/#\/schema\/person\/f484d4bdbb417bc65e1281ff35734865\"},\"description\":\"Novak M kolesarji so izkoristili prijeten konec tedna in se podali na prvo leto\u0161njo skupno turo. Preberi ve\u010d.\",\"breadcrumb\":{\"@id\":\"https:\/\/novak-m.com\/back-on-bikes\/#breadcrumb\"},\"inLanguage\":\"sl-SI\",\"potentialAction\":[{\"@type\":\"ReadAction\",\"target\":[\"https:\/\/novak-m.com\/back-on-bikes\/\"]}]},{\"@type\":\"ImageObject\",\"inLanguage\":\"sl-SI\",\"@id\":\"https:\/\/novak-m.com\/back-on-bikes\/#primaryimage\",\"url\":\"https:\/\/novak-m.com\/wp-content\/uploads\/2024\/02\/Novak-M-1.-kolesarska-tura_3.webp\",\"contentUrl\":\"https:\/\/novak-m.com\/wp-content\/uploads\/2024\/02\/Novak-M-1.-kolesarska-tura_3.webp\",\"width\":602,\"height\":388,\"caption\":\"kolesarji na vzponu\"},{\"@type\":\"BreadcrumbList\",\"@id\":\"https:\/\/novak-m.com\/back-on-bikes\/#breadcrumb\",\"itemListElement\":[{\"@type\":\"ListItem\",\"position\":1,\"name\":\"Home\",\"item\":\"https:\/\/novak-m.com\/sl\/domov\/\"},{\"@type\":\"ListItem\",\"position\":2,\"name\":\"Spet na kolesih\"}]},{\"@type\":\"WebSite\",\"@id\":\"https:\/\/novak-m.com\/fr\/#website\",\"url\":\"https:\/\/novak-m.com\/fr\/\",\"name\":\"Novak M\",\"description\":\"Novak M | official international webpage | novak-m.com\",\"potentialAction\":[{\"@type\":\"SearchAction\",\"target\":{\"@type\":\"EntryPoint\",\"urlTemplate\":\"https:\/\/novak-m.com\/fr\/?s={search_term_string}\"},\"query-input\":{\"@type\":\"PropertyValueSpecification\",\"valueRequired\":true,\"valueName\":\"search_term_string\"}}],\"inLanguage\":\"sl-SI\"},{\"@type\":\"Person\",\"@id\":\"https:\/\/novak-m.com\/fr\/#\/schema\/person\/f484d4bdbb417bc65e1281ff35734865\",\"name\":\"ana_cesen\",\"url\":\"https:\/\/novak-m.com\/sl\/author\/ana_cesen\/\"}]}<\/script>\n<!-- \/ Yoast SEO plugin. -->","yoast_head_json":{"title":"Spet na kolesih | Novak M","description":"Novak M kolesarji so izkoristili prijeten konec tedna in se podali na prvo leto\u0161njo skupno turo. Preberi ve\u010d.","robots":{"index":"index","follow":"follow","max-snippet":"max-snippet:-1","max-image-preview":"max-image-preview:large","max-video-preview":"max-video-preview:-1"},"canonical":"https:\/\/novak-m.com\/back-on-bikes\/","og_locale":"sl_SI","og_type":"article","og_title":"Spet na kolesih | Novak M","og_description":"Novak M kolesarji so izkoristili prijeten konec tedna in se podali na prvo leto\u0161njo skupno turo. Preberi ve\u010d.","og_url":"https:\/\/novak-m.com\/back-on-bikes\/","og_site_name":"Novak-M","article_published_time":"2024-02-26T07:58:20+00:00","article_modified_time":"2024-03-18T08:04:44+00:00","og_image":[{"width":1200,"height":630,"url":"https:\/\/novak-m.com\/wp-content\/uploads\/2024\/02\/Novak-M-1.-kolesarska-tura_fb.webp","type":"image\/webp"}],"author":"ana_cesen","twitter_card":"summary_large_image","twitter_misc":{"Written by":"ana_cesen","Est. reading time":"2 minuti"},"schema":{"@context":"https:\/\/schema.org","@graph":[{"@type":"WebPage","@id":"https:\/\/novak-m.com\/back-on-bikes\/","url":"https:\/\/novak-m.com\/back-on-bikes\/","name":"Spet na kolesih | Novak M","isPartOf":{"@id":"https:\/\/novak-m.com\/fr\/#website"},"primaryImageOfPage":{"@id":"https:\/\/novak-m.com\/back-on-bikes\/#primaryimage"},"image":{"@id":"https:\/\/novak-m.com\/back-on-bikes\/#primaryimage"},"thumbnailUrl":"https:\/\/novak-m.com\/wp-content\/uploads\/2024\/02\/Novak-M-1.-kolesarska-tura_3.webp","datePublished":"2024-02-26T07:58:20+00:00","dateModified":"2024-03-18T08:04:44+00:00","author":{"@id":"https:\/\/novak-m.com\/fr\/#\/schema\/person\/f484d4bdbb417bc65e1281ff35734865"},"description":"Novak M kolesarji so izkoristili prijeten konec tedna in se podali na prvo leto\u0161njo skupno turo. Preberi ve\u010d.","breadcrumb":{"@id":"https:\/\/novak-m.com\/back-on-bikes\/#breadcrumb"},"inLanguage":"sl-SI","potentialAction":[{"@type":"ReadAction","target":["https:\/\/novak-m.com\/back-on-bikes\/"]}]},{"@type":"ImageObject","inLanguage":"sl-SI","@id":"https:\/\/novak-m.com\/back-on-bikes\/#primaryimage","url":"https:\/\/novak-m.com\/wp-content\/uploads\/2024\/02\/Novak-M-1.-kolesarska-tura_3.webp","contentUrl":"https:\/\/novak-m.com\/wp-content\/uploads\/2024\/02\/Novak-M-1.-kolesarska-tura_3.webp","width":602,"height":388,"caption":"kolesarji na vzponu"},{"@type":"BreadcrumbList","@id":"https:\/\/novak-m.com\/back-on-bikes\/#breadcrumb","itemListElement":[{"@type":"ListItem","position":1,"name":"Home","item":"https:\/\/novak-m.com\/sl\/domov\/"},{"@type":"ListItem","position":2,"name":"Spet na kolesih"}]},{"@type":"WebSite","@id":"https:\/\/novak-m.com\/fr\/#website","url":"https:\/\/novak-m.com\/fr\/","name":"Novak M","description":"Novak M | official international webpage | novak-m.com","potentialAction":[{"@type":"SearchAction","target":{"@type":"EntryPoint","urlTemplate":"https:\/\/novak-m.com\/fr\/?s={search_term_string}"},"query-input":{"@type":"PropertyValueSpecification","valueRequired":true,"valueName":"search_term_string"}}],"inLanguage":"sl-SI"},{"@type":"Person","@id":"https:\/\/novak-m.com\/fr\/#\/schema\/person\/f484d4bdbb417bc65e1281ff35734865","name":"ana_cesen","url":"https:\/\/novak-m.com\/sl\/author\/ana_cesen\/"}]}},"_links":{"self":[{"href":"https:\/\/novak-m.com\/sl\/wp-json\/wp\/v2\/posts\/91537","targetHints":{"allow":["GET"]}}],"collection":[{"href":"https:\/\/novak-m.com\/sl\/wp-json\/wp\/v2\/posts"}],"about":[{"href":"https:\/\/novak-m.com\/sl\/wp-json\/wp\/v2\/types\/post"}],"author":[{"embeddable":true,"href":"https:\/\/novak-m.com\/sl\/wp-json\/wp\/v2\/users\/5"}],"replies":[{"embeddable":true,"href":"https:\/\/novak-m.com\/sl\/wp-json\/wp\/v2\/comments?post=91537"}],"version-history":[{"count":0,"href":"https:\/\/novak-m.com\/sl\/wp-json\/wp\/v2\/posts\/91537\/revisions"}],"wp:featuredmedia":[{"embeddable":true,"href":"https:\/\/novak-m.com\/sl\/wp-json\/wp\/v2\/media\/91514"}],"wp:attachment":[{"href":"https:\/\/novak-m.com\/sl\/wp-json\/wp\/v2\/media?parent=91537"}],"wp:term":[{"taxonomy":"category","embeddable":true,"href":"https:\/\/novak-m.com\/sl\/wp-json\/wp\/v2\/categories?post=91537"},{"taxonomy":"post_tag","embeddable":true,"href":"https:\/\/novak-m.com\/sl\/wp-json\/wp\/v2\/tags?post=91537"}],"curies":[{"name":"wp","href":"https:\/\/api.w.org\/{rel}","templated":true}]}}