{"id":86927,"date":"2023-09-01T12:52:40","date_gmt":"2023-09-01T10:52:40","guid":{"rendered":"https:\/\/www.novak-m.com\/world-physiotherapy-day-with-iza-gobar\/"},"modified":"2023-09-25T10:00:49","modified_gmt":"2023-09-25T08:00:49","slug":"ob-dnevu-fizioterapije-iza-gobar","status":"publish","type":"post","link":"https:\/\/novak-m.com\/sl\/ob-dnevu-fizioterapije-iza-gobar\/","title":{"rendered":"Ob dnevu fizioterapije je z nami Iza Gobar"},"content":{"rendered":"<h2>1. Najprej se nam na kratko predstavite.<\/h2>\n<p>Moje Ime je Iza Gobar, sem diplomirana fizioterapevtka, soustanoviteljica <a href=\"https:\/\/fiza.si\/\"><strong>Fize<\/strong><\/a>, ljubiteljica narave, gibanja in vsega kar je\u00a0povezano z razumevanjem \u010dloveka in njegovega delovanja.<\/p>\n<h2>2. Kako ste odkrili, da bo fizioterapija va\u0161a poklicna pot. Skozi \u010das, nek prelomen trenutek?<\/h2>\n<p>\u017delja po poznavanju in razumevanju telesa je bila od nekdaj v meni. \u017de kot otrok sem pogosto \u00bbmasirala\u00ab dru\u017einske \u010dlane, seveda brez predznanja, vendar sem na ta na\u010din zelo zgodaj pri\u010dela z razvijanjem tovrstnih motori\u010dnih spretnosti. V srednji \u0161oli sem se nato za\u010dela aktivno ukvarjati z aerobiko in pilatesom. Pri 16 letih sem opravila te\u010daj za vaditeljico aerobike in pri\u010dela z vodenjem skupinskih vadb, kjer sem se na izobra\u017eevanjih prvi\u010d podrobneje sre\u010dala z anatomijo in poznavanjem telesa v gibanju. Tako da nisem dosti razmi\u0161ljala, ko sem se kasneje odlo\u010dila za \u0161tudij fizioterapije na Almi mater Europaea.<\/p>\n<h2>3. Povejte nam kaj ve\u010d o svojem delu. Na katerem podro\u010dju najve\u010d delujete, kdo so va\u0161i pacienti?<\/h2>\n<p>Trenutno delujem na dveh podro\u010djih, ki pa se nekako dobro dopolnjujeta.<\/p>\n<p>To sta fizioterapija, predvsem podro\u010dje nevrofizioterapije, kjer delam z osebami po po\u0161kodbi centralnega \u017eiv\u010dnega sistema ter podro\u010dje preventive, kjer izvajam \u00bbbody restoration\u00ab tretmaje po svoji metodi, poimenovani Fizaterapija. Moje stranke so zelo raznolike, od na splo\u0161no zdravih ljudi, ki si \u017eelijo dobrega po\u010dutja, do tistih s kroni\u010dnimi bole\u010dinami, po po\u0161kodbah, tudi starostno ni omejitev, delam z vsemi starostnimi skupinami. Zelo aktivna sem na podro\u010dju \u00bbbody restoration\u00ab tretmajev, pri nas ljudje to \u0161e vedno ena\u010dijo s preve\u010d splo\u0161nim pojmom \u00bbmasa\u017ea\u00ab, vendar gre za dodelan, celosten pristop k laj\u0161anju dolo\u010denih zdravstvenih problemov, oziroma je u\u010dinkovito sredstvo za sprostitev in ohranjanje zdravja obenem. Trenutno tudi sodelujem z visoko\u0161olsko ustanovo Alma mater Europaeo, kjer pou\u010dujem osnove klasi\u010dne masa\u017ee in aktivno sodelujem pri promociji in razvoju masa\u017ee v na\u0161em prostoru.<\/p>\n<p>Ob\u010dasno se tudi udele\u017eujem mednarodnih masa\u017enih tekmovanj, ki mi dajejo pozitiven feed back kot je bila recimo zmaga na svetovnem prvenstvu na Danskem 2021 v kategoriji freestyle in leto\u0161nja zmaga na Balkanskem prvenstvu v Srbiji, kjer sem zmagala v kategoriji klasi\u010dne masa\u017ee. Vse to so dogodki, ki potegnejo iz mene kreativnost in nove ideje, najpomembnej\u0161e trenutno pa je sodelovanje in u\u010denje od strokovnjakov, ki so \u017ee pustili svoj pe\u010dat v tej industriji.<\/p>\n<h2>4. Kako bi predstavili podro\u010dje nevrofizioterapije?<\/h2>\n<p>Nevrofizioterapija je specifi\u010dna veja fizioterapije, orientirana na zdravljenje in laj\u0161anje posledic obolenj in po\u0161kodb \u017eiv\u010dnega sistema.<\/p>\n<p>Sama sem se med delom v fizioterapiji \u017ee prej ve\u010dkrat sre\u010dala z nevrolo\u0161kimi pacienti, vendar se mi je po zaklju\u010denem Bobath osnovnem te\u010daju v Centru fizioterapije Ljubljana, odprl popolnoma nov pogled na pristop k obravnavi, saj sem dojela, da so vsi sistemi v telesu nelo\u010dljivo povezani z mo\u017egani in da lahko s poznavanjem le teh pridemo do dobrih rezultatov v rehabilitaciji, ne nujno samo pri okvari centralnega \u017eiv\u010dnega sistema. Po nekaj letih izku\u0161enj z delom na terenu kot fizioterapevtka opa\u017eam, da je to specifi\u010dno podro\u010dje precej kadrovsko podhranjeno, saj je denimo samo v Sloveniji cca 3000 primerov mo\u017eganske kapi na leto in le redki prizadeti si zmorejo na dolgi rok zagotoviti kvalitetno nevrofizioterapevtsko obravnavo, seveda samopla\u010dni\u0161ko, ki je klju\u010dna za okrevanje in vzdr\u017eevanje stanja.<\/p>\n<h2>5. S Fiza masa\u017eo ste osvojili prvo mesto na svetovnem prvenstvu v masa\u017ei v kategoriji freestyle v Kopenhagnu na Danskem. Nam poveste kaj ve\u010d o tej tehniki.<\/h2>\n<p>Fiza masa\u017ea oziroma Fiza body restoration therapy je plod 10-letne prakse in raziskovanja razli\u010dnih tehnik in pristopov v klasi\u010dni fizioterapiji in na podro\u010dju komplementarnega zdravljenja. Klju\u010den je holisti\u010dni \u2013 celostni pristop k pacientu, zato je terapija individualizirana po potrebah posameznika, vendar vsebuje vse klju\u010dne elemente, ki so potrebni, da se na\u0161 muskuloskeletni in du\u0161evni sistem postavita v ravnovesje. V terapiji se dopolnjujejo tehnike klasi\u010dne masa\u017ee, masa\u017ee in raztezanja hrbtenice, mobilizacijske tehnike, akupresurni prijemi ter pasivno raztezanje. Fiza masa\u017ea je tudi uradno registriran terapevtski postopek in del koncepta, kjer je cilj spodbujanje zavedanja zdravja in se nenehno razvije ter dopolnjuje.<\/p>\n<h2>6. Kaj vas najbolj osre\u010duje pri va\u0161em delu?<\/h2>\n<p>Uspeh ob zaklju\u010deni rehabilitaciji, klientov nasme\u0161ek po kon\u010dani terapiji, hvale\u017enost, pristno veselje, ob\u010dutek olaj\u0161anja, vse to so nagrade, ki me nahranijo, ko opravim svoje delo. Predvsem pa mo\u017enost spoznavanja neverjetnih ljudi, ne glede na to ali so klienti ali u\u010ditelji. Vsak del\u010dek, ki ga prispevajo v mozaik moje terapevtske poti je neprecenljiv in to je tisto, kar me zelo motivira pri samem delu pa tudi nasploh.<\/p>\n<p>Hvala za va\u0161 \u010das. \u0160e naprej vam \u017eelimo veliko uspe\u0161nih obravnav in zadovoljnih pacientov.<\/p>\n<div style='text-align:center;' class='ow_post_button'><a target='_self' href='https:\/\/novak-m.com\/sl\/kontakt\/'>PI\u0160ITE NAM<\/a><\/div>\n","protected":false},"excerpt":{"rendered":"<p>Strokovnost, izku\u0161nje, pa tudi predanost, navdu\u0161enje in dobra volja, vse to opisuje fizioterapevtko Izo Gobar, ki smo jo ob tokratnem Svetovnem dnevu fizioterapije povabili k pogovoru.<\/p>\n","protected":false},"author":5,"featured_media":86785,"comment_status":"closed","ping_status":"closed","sticky":false,"template":"","format":"standard","meta":{"_acf_changed":false,"footnotes":""},"categories":[21],"tags":[],"class_list":["post-86927","post","type-post","status-publish","format-standard","has-post-thumbnail","hentry","category-novice"],"acf":[],"yoast_head":"<!-- This site is optimized with the Yoast SEO plugin v25.5 - https:\/\/yoast.com\/wordpress\/plugins\/seo\/ -->\n<title>Svetovni dan fizioterapije 2023 \u2502 Novak M<\/title>\n<meta name=\"description\" content=\"Ob svetovnem dnevu fizioterapije smo povabili fizioterapevtko Izo Gobar, da nam pove o svojem poklicu, poslanstvu in delu.\" \/>\n<meta name=\"robots\" content=\"index, follow, max-snippet:-1, max-image-preview:large, max-video-preview:-1\" \/>\n<link rel=\"canonical\" href=\"https:\/\/novak-m.com\/world-physiotherapy-day-with-iza-gobar\/\" \/>\n<meta property=\"og:locale\" content=\"sl_SI\" \/>\n<meta property=\"og:type\" content=\"article\" \/>\n<meta property=\"og:title\" content=\"Svetovni dan fizioterapije 2023 \u2502 Novak M\" \/>\n<meta property=\"og:description\" content=\"Ob svetovnem dnevu fizioterapije smo povabili fizioterapevtko Izo Gobar, da nam pove o svojem poklicu, poslanstvu in delu.\" \/>\n<meta property=\"og:url\" content=\"https:\/\/novak-m.com\/world-physiotherapy-day-with-iza-gobar\/\" \/>\n<meta property=\"og:site_name\" content=\"Novak-M\" \/>\n<meta property=\"article:published_time\" content=\"2023-09-01T10:52:40+00:00\" \/>\n<meta property=\"article:modified_time\" content=\"2023-09-25T08:00:49+00:00\" \/>\n<meta property=\"og:image\" content=\"https:\/\/novak-m.com\/wp-content\/uploads\/2023\/09\/World-Physiotherapy-day_fb.jpg\" \/>\n\t<meta property=\"og:image:width\" content=\"1245\" \/>\n\t<meta property=\"og:image:height\" content=\"712\" \/>\n\t<meta property=\"og:image:type\" content=\"image\/jpeg\" \/>\n<meta name=\"author\" content=\"ana_cesen\" \/>\n<meta name=\"twitter:card\" content=\"summary_large_image\" \/>\n<meta name=\"twitter:label1\" content=\"Written by\" \/>\n\t<meta name=\"twitter:data1\" content=\"ana_cesen\" \/>\n\t<meta name=\"twitter:label2\" content=\"Est. reading time\" \/>\n\t<meta name=\"twitter:data2\" content=\"4 minute\" \/>\n<script type=\"application\/ld+json\" class=\"yoast-schema-graph\">{\"@context\":\"https:\/\/schema.org\",\"@graph\":[{\"@type\":\"WebPage\",\"@id\":\"https:\/\/novak-m.com\/world-physiotherapy-day-with-iza-gobar\/\",\"url\":\"https:\/\/novak-m.com\/world-physiotherapy-day-with-iza-gobar\/\",\"name\":\"Svetovni dan fizioterapije 2023 \u2502 Novak M\",\"isPartOf\":{\"@id\":\"https:\/\/novak-m.com\/fr\/#website\"},\"primaryImageOfPage\":{\"@id\":\"https:\/\/novak-m.com\/world-physiotherapy-day-with-iza-gobar\/#primaryimage\"},\"image\":{\"@id\":\"https:\/\/novak-m.com\/world-physiotherapy-day-with-iza-gobar\/#primaryimage\"},\"thumbnailUrl\":\"https:\/\/novak-m.com\/wp-content\/uploads\/2023\/09\/World-Physiotherapy-day.jpg\",\"datePublished\":\"2023-09-01T10:52:40+00:00\",\"dateModified\":\"2023-09-25T08:00:49+00:00\",\"author\":{\"@id\":\"https:\/\/novak-m.com\/fr\/#\/schema\/person\/f484d4bdbb417bc65e1281ff35734865\"},\"description\":\"Ob svetovnem dnevu fizioterapije smo povabili fizioterapevtko Izo Gobar, da nam pove o svojem poklicu, poslanstvu in delu.\",\"breadcrumb\":{\"@id\":\"https:\/\/novak-m.com\/world-physiotherapy-day-with-iza-gobar\/#breadcrumb\"},\"inLanguage\":\"sl-SI\",\"potentialAction\":[{\"@type\":\"ReadAction\",\"target\":[\"https:\/\/novak-m.com\/world-physiotherapy-day-with-iza-gobar\/\"]}]},{\"@type\":\"ImageObject\",\"inLanguage\":\"sl-SI\",\"@id\":\"https:\/\/novak-m.com\/world-physiotherapy-day-with-iza-gobar\/#primaryimage\",\"url\":\"https:\/\/novak-m.com\/wp-content\/uploads\/2023\/09\/World-Physiotherapy-day.jpg\",\"contentUrl\":\"https:\/\/novak-m.com\/wp-content\/uploads\/2023\/09\/World-Physiotherapy-day.jpg\",\"width\":1200,\"height\":1075,\"caption\":\"fizioterapevtka izvaja zdravljenje\"},{\"@type\":\"BreadcrumbList\",\"@id\":\"https:\/\/novak-m.com\/world-physiotherapy-day-with-iza-gobar\/#breadcrumb\",\"itemListElement\":[{\"@type\":\"ListItem\",\"position\":1,\"name\":\"Home\",\"item\":\"https:\/\/novak-m.com\/sl\/domov\/\"},{\"@type\":\"ListItem\",\"position\":2,\"name\":\"Ob dnevu fizioterapije je z nami Iza Gobar\"}]},{\"@type\":\"WebSite\",\"@id\":\"https:\/\/novak-m.com\/fr\/#website\",\"url\":\"https:\/\/novak-m.com\/fr\/\",\"name\":\"Novak M\",\"description\":\"Novak M | official international webpage | novak-m.com\",\"potentialAction\":[{\"@type\":\"SearchAction\",\"target\":{\"@type\":\"EntryPoint\",\"urlTemplate\":\"https:\/\/novak-m.com\/fr\/?s={search_term_string}\"},\"query-input\":{\"@type\":\"PropertyValueSpecification\",\"valueRequired\":true,\"valueName\":\"search_term_string\"}}],\"inLanguage\":\"sl-SI\"},{\"@type\":\"Person\",\"@id\":\"https:\/\/novak-m.com\/fr\/#\/schema\/person\/f484d4bdbb417bc65e1281ff35734865\",\"name\":\"ana_cesen\",\"url\":\"https:\/\/novak-m.com\/sl\/author\/ana_cesen\/\"}]}<\/script>\n<!-- \/ Yoast SEO plugin. -->","yoast_head_json":{"title":"Svetovni dan fizioterapije 2023 \u2502 Novak M","description":"Ob svetovnem dnevu fizioterapije smo povabili fizioterapevtko Izo Gobar, da nam pove o svojem poklicu, poslanstvu in delu.","robots":{"index":"index","follow":"follow","max-snippet":"max-snippet:-1","max-image-preview":"max-image-preview:large","max-video-preview":"max-video-preview:-1"},"canonical":"https:\/\/novak-m.com\/world-physiotherapy-day-with-iza-gobar\/","og_locale":"sl_SI","og_type":"article","og_title":"Svetovni dan fizioterapije 2023 \u2502 Novak M","og_description":"Ob svetovnem dnevu fizioterapije smo povabili fizioterapevtko Izo Gobar, da nam pove o svojem poklicu, poslanstvu in delu.","og_url":"https:\/\/novak-m.com\/world-physiotherapy-day-with-iza-gobar\/","og_site_name":"Novak-M","article_published_time":"2023-09-01T10:52:40+00:00","article_modified_time":"2023-09-25T08:00:49+00:00","og_image":[{"width":1245,"height":712,"url":"https:\/\/novak-m.com\/wp-content\/uploads\/2023\/09\/World-Physiotherapy-day_fb.jpg","type":"image\/jpeg"}],"author":"ana_cesen","twitter_card":"summary_large_image","twitter_misc":{"Written by":"ana_cesen","Est. reading time":"4 minute"},"schema":{"@context":"https:\/\/schema.org","@graph":[{"@type":"WebPage","@id":"https:\/\/novak-m.com\/world-physiotherapy-day-with-iza-gobar\/","url":"https:\/\/novak-m.com\/world-physiotherapy-day-with-iza-gobar\/","name":"Svetovni dan fizioterapije 2023 \u2502 Novak M","isPartOf":{"@id":"https:\/\/novak-m.com\/fr\/#website"},"primaryImageOfPage":{"@id":"https:\/\/novak-m.com\/world-physiotherapy-day-with-iza-gobar\/#primaryimage"},"image":{"@id":"https:\/\/novak-m.com\/world-physiotherapy-day-with-iza-gobar\/#primaryimage"},"thumbnailUrl":"https:\/\/novak-m.com\/wp-content\/uploads\/2023\/09\/World-Physiotherapy-day.jpg","datePublished":"2023-09-01T10:52:40+00:00","dateModified":"2023-09-25T08:00:49+00:00","author":{"@id":"https:\/\/novak-m.com\/fr\/#\/schema\/person\/f484d4bdbb417bc65e1281ff35734865"},"description":"Ob svetovnem dnevu fizioterapije smo povabili fizioterapevtko Izo Gobar, da nam pove o svojem poklicu, poslanstvu in delu.","breadcrumb":{"@id":"https:\/\/novak-m.com\/world-physiotherapy-day-with-iza-gobar\/#breadcrumb"},"inLanguage":"sl-SI","potentialAction":[{"@type":"ReadAction","target":["https:\/\/novak-m.com\/world-physiotherapy-day-with-iza-gobar\/"]}]},{"@type":"ImageObject","inLanguage":"sl-SI","@id":"https:\/\/novak-m.com\/world-physiotherapy-day-with-iza-gobar\/#primaryimage","url":"https:\/\/novak-m.com\/wp-content\/uploads\/2023\/09\/World-Physiotherapy-day.jpg","contentUrl":"https:\/\/novak-m.com\/wp-content\/uploads\/2023\/09\/World-Physiotherapy-day.jpg","width":1200,"height":1075,"caption":"fizioterapevtka izvaja zdravljenje"},{"@type":"BreadcrumbList","@id":"https:\/\/novak-m.com\/world-physiotherapy-day-with-iza-gobar\/#breadcrumb","itemListElement":[{"@type":"ListItem","position":1,"name":"Home","item":"https:\/\/novak-m.com\/sl\/domov\/"},{"@type":"ListItem","position":2,"name":"Ob dnevu fizioterapije je z nami Iza Gobar"}]},{"@type":"WebSite","@id":"https:\/\/novak-m.com\/fr\/#website","url":"https:\/\/novak-m.com\/fr\/","name":"Novak M","description":"Novak M | official international webpage | novak-m.com","potentialAction":[{"@type":"SearchAction","target":{"@type":"EntryPoint","urlTemplate":"https:\/\/novak-m.com\/fr\/?s={search_term_string}"},"query-input":{"@type":"PropertyValueSpecification","valueRequired":true,"valueName":"search_term_string"}}],"inLanguage":"sl-SI"},{"@type":"Person","@id":"https:\/\/novak-m.com\/fr\/#\/schema\/person\/f484d4bdbb417bc65e1281ff35734865","name":"ana_cesen","url":"https:\/\/novak-m.com\/sl\/author\/ana_cesen\/"}]}},"_links":{"self":[{"href":"https:\/\/novak-m.com\/sl\/wp-json\/wp\/v2\/posts\/86927","targetHints":{"allow":["GET"]}}],"collection":[{"href":"https:\/\/novak-m.com\/sl\/wp-json\/wp\/v2\/posts"}],"about":[{"href":"https:\/\/novak-m.com\/sl\/wp-json\/wp\/v2\/types\/post"}],"author":[{"embeddable":true,"href":"https:\/\/novak-m.com\/sl\/wp-json\/wp\/v2\/users\/5"}],"replies":[{"embeddable":true,"href":"https:\/\/novak-m.com\/sl\/wp-json\/wp\/v2\/comments?post=86927"}],"version-history":[{"count":0,"href":"https:\/\/novak-m.com\/sl\/wp-json\/wp\/v2\/posts\/86927\/revisions"}],"wp:featuredmedia":[{"embeddable":true,"href":"https:\/\/novak-m.com\/sl\/wp-json\/wp\/v2\/media\/86785"}],"wp:attachment":[{"href":"https:\/\/novak-m.com\/sl\/wp-json\/wp\/v2\/media?parent=86927"}],"wp:term":[{"taxonomy":"category","embeddable":true,"href":"https:\/\/novak-m.com\/sl\/wp-json\/wp\/v2\/categories?post=86927"},{"taxonomy":"post_tag","embeddable":true,"href":"https:\/\/novak-m.com\/sl\/wp-json\/wp\/v2\/tags?post=86927"}],"curies":[{"name":"wp","href":"https:\/\/api.w.org\/{rel}","templated":true}]}}