{"id":61525,"date":"2022-01-31T10:52:57","date_gmt":"2022-01-31T09:52:57","guid":{"rendered":"https:\/\/www.novak-m.com\/?p=61525"},"modified":"2022-02-14T11:11:13","modified_gmt":"2022-02-14T10:11:13","slug":"svetovni-dan-boja-proti-raku-2022","status":"publish","type":"post","link":"https:\/\/novak-m.com\/sl\/svetovni-dan-boja-proti-raku-2022\/","title":{"rendered":"Svetovni dan boja proti raku 2022"},"content":{"rendered":"<h2>Rak &#8211; izku\u0161nja, ki spremeni \u017eivljenje<\/h2>\n<p>Po raziskavah Mednarodne agencije za raziskave raka* je leta 2020 na svetovni ravni zaradi raka umrlo skoraj 10 milijonov ljudi, kar pomeni, da je rak eden od glavnih vzrokov smrti. Leta 2020 bo za rakom zbolelo na novo skoraj 20 milijonov ljudi in bolezen ne vpliva le na fizi\u010dno zdravje, ampak tudi \u010dustveno in du\u0161evno zdravje bolnikov ter njihovih dru\u017ein in tistih, ki zanje skrbijo.<\/p>\n<h2>&#8220;Zmanj\u0161ajmo razkorak v oskrbi.&#8221;<\/h2>\n<p>To je prvo leto nove kampanje ob svetovnem dnevu boja proti raku za obdobje 2022-2024 z naslovom &#8220;Zmanj\u0161ajmo razkorak v oskrbi&#8221;. Gre za prepoznavanje in razumevanje neenakosti, ki obstajajo pri dostopu do oskrbe rakavih bolnikov. Vsi ljudje po svetu, ne glede na to, kje so rojeni, odra\u0161\u010dajo, se starajo, delajo ali \u017eivijo, imajo pravico do dostopa do informacij o raku in storitev za prepre\u010devanje, diagnosticiranje, zdravljenje in podporo.<\/p>\n<h3>Prisluhnimo&#8230;<\/h3>\n<p>Zveza za mednarodni nadzor raka (UICC), ki vodi globalno pobudo, nas poziva, naj se seznanimo s trenutnimi razmerami in pomagamo zmanj\u0161ati stigmatizacijo bolnikov z rakom. Ti bi morali imeti mo\u017enost spregovoriti o svojih pogledih, njihove izku\u0161nje iz prve roke pa bi morale postati vodilo za na\u0161e delovanje.<\/p>\n<h3>&#8230; in za\u010dnimo pri sebi<\/h3>\n<p>Velikokrat mislimo, da ne moremo ni\u010desar spremeniti, saj nismo odlo\u010devalci, vendar vsak od nas lahko deluje v okolju, v katerem \u017eivi in dela. Kot posamezniki lahko naredimo prve korake tako, da \u017eivimo in spodbujamo zdrav \u017eivljenjski slog, ne le v smislu telesne dejavnosti, temve\u010d tudi pri gradnji zdravih in trdnih odnosov, ali pa tako, da bolniku stojimo ob strani.<\/p>\n<p>V podjetju Novak M smo tesno povezani z bolni\u0161ni\u010dnim osebjem, zato da bi na\u0161i izdelki \u010dimbolj odra\u017eali potrebe bolnikov. Terapevtski stoli ZeroG so bili zasnovani tako, da zagotavljajo popolno udobje in samostojnost bolnikov med dolgotrajnimi terapijami, kot je tudi kemoterapija. Dve na\u0161i nedavni \u0161tudiji primerov iz<a href=\"https:\/\/novak-m.com\/sl\/udobje-terapevtskih-stolov-zerog-tudi-v-ukc-ljubljana\/\"><strong> UKC Ljubljana<\/strong> <\/a>in <a href=\"https:\/\/novak-m.com\/sl\/terapevtski-stol\u2026enerale-beaulieu\/\"><strong>Clinique G\u00e9n\u00e9rale Beaulieu<\/strong><\/a> v \u0160vici ka\u017eeta, kako pomembno je pacientom med zdravljenjem zagotoviti udobje in varnost.<\/p>\n<div style='text-align:center;' class='ow_post_button'><a target='_self' href='https:\/\/youtu.be\/6oh3H3t-BDM'>TERAPEVTSKI STOLI ZEROG<\/a><\/div>\n<h2>Posebna zahvala in podpora<\/h2>\n<p>Ob Svetovnem dnevu boja proti raku 2022 \u017eelimo izraziti podporo tistim, ki se trenutno spopadajo z boleznijo, in hvale\u017enost tistim, ki jim stojijo ob strani. Naredimo spremembe, majhne ali velike, da bi prepre\u010dili raka in zmanj\u0161ali razkorak v boju proti raku!<\/p>\n<div style='text-align:center;' class='ow_post_button'><a target='_self' href='https:\/\/novak-m.com\/sl\/kontakt\/'>PI\u0160ITE NAM<\/a><\/div>\n<p>&nbsp;<\/p>\n<p>*Ferlay J, Ervik M, Lam F, Colombet M, Mery L, Pi\u00f1eros M, et al. Global Cancer Observatory: Cancer Today. Lyon: International Agency for Research on Cancer; 2020 (<a href=\"https:\/\/gco.iarc.fr\/today\">https:\/\/gco.iarc.fr\/today<\/a>, accessed January 2022)<\/p>\n","protected":false},"excerpt":{"rendered":"<p>Svetovni dan boja proti raku obele\u017eujemo vsako leto 4. februarja od leta 2000 kot globalno pobudo za re\u0161evanje enega na\u0161ih najve\u010djih izzivov. Kljub temu da je svet sredi pandemije Covid-19, na to bolezen ne smemo pozabiti.<\/p>\n","protected":false},"author":5,"featured_media":61512,"comment_status":"open","ping_status":"open","sticky":false,"template":"","format":"standard","meta":{"_acf_changed":false,"footnotes":""},"categories":[21],"tags":[],"class_list":["post-61525","post","type-post","status-publish","format-standard","has-post-thumbnail","hentry","category-novice"],"acf":[],"yoast_head":"<!-- This site is optimized with the Yoast SEO plugin v25.5 - https:\/\/yoast.com\/wordpress\/plugins\/seo\/ -->\n<title>Svetovni dan boja proti raku, 4. februar 2022 \u2502 Novak M<\/title>\n<meta name=\"description\" content=\"Svetovni dan boja proti raku obele\u017eujemo vsako leto 4. februarja od leta 2000 kot globalno pobudo za re\u0161evanje enega na\u0161ih najve\u010djih izzivov\" \/>\n<meta name=\"robots\" content=\"index, follow, max-snippet:-1, max-image-preview:large, max-video-preview:-1\" \/>\n<link rel=\"canonical\" href=\"https:\/\/novak-m.com\/world-cancer-day-2022\/\" \/>\n<meta property=\"og:locale\" content=\"sl_SI\" \/>\n<meta property=\"og:type\" content=\"article\" \/>\n<meta property=\"og:title\" content=\"30\" \/>\n<meta property=\"og:description\" content=\"false\" \/>\n<meta property=\"og:url\" content=\"https:\/\/novak-m.com\/world-cancer-day-2022\/\" \/>\n<meta property=\"og:site_name\" content=\"Novak-M\" \/>\n<meta property=\"article:published_time\" content=\"2022-01-31T09:52:57+00:00\" \/>\n<meta property=\"article:modified_time\" content=\"2022-02-14T10:11:13+00:00\" \/>\n<meta property=\"og:image\" content=\"https:\/\/novak-m.com\/wp-content\/uploads\/2022\/01\/doctor-holding-patients-hand-1.jpg\" \/>\n\t<meta property=\"og:image:width\" content=\"1037\" \/>\n\t<meta property=\"og:image:height\" content=\"929\" \/>\n\t<meta property=\"og:image:type\" content=\"image\/jpeg\" \/>\n<meta name=\"author\" content=\"ana_cesen\" \/>\n<meta name=\"twitter:card\" content=\"summary_large_image\" \/>\n<meta name=\"twitter:label1\" content=\"Written by\" \/>\n\t<meta name=\"twitter:data1\" content=\"ana_cesen\" \/>\n\t<meta name=\"twitter:label2\" content=\"Est. reading time\" \/>\n\t<meta name=\"twitter:data2\" content=\"2 minuti\" \/>\n<script type=\"application\/ld+json\" class=\"yoast-schema-graph\">{\"@context\":\"https:\/\/schema.org\",\"@graph\":[{\"@type\":\"WebPage\",\"@id\":\"https:\/\/novak-m.com\/world-cancer-day-2022\/\",\"url\":\"https:\/\/novak-m.com\/world-cancer-day-2022\/\",\"name\":\"Svetovni dan boja proti raku, 4. februar 2022 \u2502 Novak M\",\"isPartOf\":{\"@id\":\"https:\/\/novak-m.com\/fr\/#website\"},\"primaryImageOfPage\":{\"@id\":\"https:\/\/novak-m.com\/world-cancer-day-2022\/#primaryimage\"},\"image\":{\"@id\":\"https:\/\/novak-m.com\/world-cancer-day-2022\/#primaryimage\"},\"thumbnailUrl\":\"https:\/\/novak-m.com\/wp-content\/uploads\/2022\/01\/doctor-holding-patients-hand.jpg\",\"datePublished\":\"2022-01-31T09:52:57+00:00\",\"dateModified\":\"2022-02-14T10:11:13+00:00\",\"author\":{\"@id\":\"https:\/\/novak-m.com\/fr\/#\/schema\/person\/f484d4bdbb417bc65e1281ff35734865\"},\"description\":\"Svetovni dan boja proti raku obele\u017eujemo vsako leto 4. februarja od leta 2000 kot globalno pobudo za re\u0161evanje enega na\u0161ih najve\u010djih izzivov\",\"breadcrumb\":{\"@id\":\"https:\/\/novak-m.com\/world-cancer-day-2022\/#breadcrumb\"},\"inLanguage\":\"sl-SI\",\"potentialAction\":[{\"@type\":\"ReadAction\",\"target\":[\"https:\/\/novak-m.com\/world-cancer-day-2022\/\"]}]},{\"@type\":\"ImageObject\",\"inLanguage\":\"sl-SI\",\"@id\":\"https:\/\/novak-m.com\/world-cancer-day-2022\/#primaryimage\",\"url\":\"https:\/\/novak-m.com\/wp-content\/uploads\/2022\/01\/doctor-holding-patients-hand.jpg\",\"contentUrl\":\"https:\/\/novak-m.com\/wp-content\/uploads\/2022\/01\/doctor-holding-patients-hand.jpg\",\"width\":1037,\"height\":929,\"caption\":\"zdravnica dr\u017ei pacientkino roko\"},{\"@type\":\"BreadcrumbList\",\"@id\":\"https:\/\/novak-m.com\/world-cancer-day-2022\/#breadcrumb\",\"itemListElement\":[{\"@type\":\"ListItem\",\"position\":1,\"name\":\"Home\",\"item\":\"https:\/\/novak-m.com\/sl\/domov\/\"},{\"@type\":\"ListItem\",\"position\":2,\"name\":\"Svetovni dan boja proti raku 2022\"}]},{\"@type\":\"WebSite\",\"@id\":\"https:\/\/novak-m.com\/fr\/#website\",\"url\":\"https:\/\/novak-m.com\/fr\/\",\"name\":\"Novak M\",\"description\":\"Novak M | official international webpage | novak-m.com\",\"potentialAction\":[{\"@type\":\"SearchAction\",\"target\":{\"@type\":\"EntryPoint\",\"urlTemplate\":\"https:\/\/novak-m.com\/fr\/?s={search_term_string}\"},\"query-input\":{\"@type\":\"PropertyValueSpecification\",\"valueRequired\":true,\"valueName\":\"search_term_string\"}}],\"inLanguage\":\"sl-SI\"},{\"@type\":\"Person\",\"@id\":\"https:\/\/novak-m.com\/fr\/#\/schema\/person\/f484d4bdbb417bc65e1281ff35734865\",\"name\":\"ana_cesen\",\"url\":\"https:\/\/novak-m.com\/sl\/author\/ana_cesen\/\"}]}<\/script>\n<!-- \/ Yoast SEO plugin. -->","yoast_head_json":{"title":"Svetovni dan boja proti raku, 4. februar 2022 \u2502 Novak M","description":"Svetovni dan boja proti raku obele\u017eujemo vsako leto 4. februarja od leta 2000 kot globalno pobudo za re\u0161evanje enega na\u0161ih najve\u010djih izzivov","robots":{"index":"index","follow":"follow","max-snippet":"max-snippet:-1","max-image-preview":"max-image-preview:large","max-video-preview":"max-video-preview:-1"},"canonical":"https:\/\/novak-m.com\/world-cancer-day-2022\/","og_locale":"sl_SI","og_type":"article","og_title":"30","og_description":"false","og_url":"https:\/\/novak-m.com\/world-cancer-day-2022\/","og_site_name":"Novak-M","article_published_time":"2022-01-31T09:52:57+00:00","article_modified_time":"2022-02-14T10:11:13+00:00","og_image":[{"width":1037,"height":929,"url":"https:\/\/novak-m.com\/wp-content\/uploads\/2022\/01\/doctor-holding-patients-hand-1.jpg","type":"image\/jpeg"}],"author":"ana_cesen","twitter_card":"summary_large_image","twitter_misc":{"Written by":"ana_cesen","Est. reading time":"2 minuti"},"schema":{"@context":"https:\/\/schema.org","@graph":[{"@type":"WebPage","@id":"https:\/\/novak-m.com\/world-cancer-day-2022\/","url":"https:\/\/novak-m.com\/world-cancer-day-2022\/","name":"Svetovni dan boja proti raku, 4. februar 2022 \u2502 Novak M","isPartOf":{"@id":"https:\/\/novak-m.com\/fr\/#website"},"primaryImageOfPage":{"@id":"https:\/\/novak-m.com\/world-cancer-day-2022\/#primaryimage"},"image":{"@id":"https:\/\/novak-m.com\/world-cancer-day-2022\/#primaryimage"},"thumbnailUrl":"https:\/\/novak-m.com\/wp-content\/uploads\/2022\/01\/doctor-holding-patients-hand.jpg","datePublished":"2022-01-31T09:52:57+00:00","dateModified":"2022-02-14T10:11:13+00:00","author":{"@id":"https:\/\/novak-m.com\/fr\/#\/schema\/person\/f484d4bdbb417bc65e1281ff35734865"},"description":"Svetovni dan boja proti raku obele\u017eujemo vsako leto 4. februarja od leta 2000 kot globalno pobudo za re\u0161evanje enega na\u0161ih najve\u010djih izzivov","breadcrumb":{"@id":"https:\/\/novak-m.com\/world-cancer-day-2022\/#breadcrumb"},"inLanguage":"sl-SI","potentialAction":[{"@type":"ReadAction","target":["https:\/\/novak-m.com\/world-cancer-day-2022\/"]}]},{"@type":"ImageObject","inLanguage":"sl-SI","@id":"https:\/\/novak-m.com\/world-cancer-day-2022\/#primaryimage","url":"https:\/\/novak-m.com\/wp-content\/uploads\/2022\/01\/doctor-holding-patients-hand.jpg","contentUrl":"https:\/\/novak-m.com\/wp-content\/uploads\/2022\/01\/doctor-holding-patients-hand.jpg","width":1037,"height":929,"caption":"zdravnica dr\u017ei pacientkino roko"},{"@type":"BreadcrumbList","@id":"https:\/\/novak-m.com\/world-cancer-day-2022\/#breadcrumb","itemListElement":[{"@type":"ListItem","position":1,"name":"Home","item":"https:\/\/novak-m.com\/sl\/domov\/"},{"@type":"ListItem","position":2,"name":"Svetovni dan boja proti raku 2022"}]},{"@type":"WebSite","@id":"https:\/\/novak-m.com\/fr\/#website","url":"https:\/\/novak-m.com\/fr\/","name":"Novak M","description":"Novak M | official international webpage | novak-m.com","potentialAction":[{"@type":"SearchAction","target":{"@type":"EntryPoint","urlTemplate":"https:\/\/novak-m.com\/fr\/?s={search_term_string}"},"query-input":{"@type":"PropertyValueSpecification","valueRequired":true,"valueName":"search_term_string"}}],"inLanguage":"sl-SI"},{"@type":"Person","@id":"https:\/\/novak-m.com\/fr\/#\/schema\/person\/f484d4bdbb417bc65e1281ff35734865","name":"ana_cesen","url":"https:\/\/novak-m.com\/sl\/author\/ana_cesen\/"}]}},"_links":{"self":[{"href":"https:\/\/novak-m.com\/sl\/wp-json\/wp\/v2\/posts\/61525","targetHints":{"allow":["GET"]}}],"collection":[{"href":"https:\/\/novak-m.com\/sl\/wp-json\/wp\/v2\/posts"}],"about":[{"href":"https:\/\/novak-m.com\/sl\/wp-json\/wp\/v2\/types\/post"}],"author":[{"embeddable":true,"href":"https:\/\/novak-m.com\/sl\/wp-json\/wp\/v2\/users\/5"}],"replies":[{"embeddable":true,"href":"https:\/\/novak-m.com\/sl\/wp-json\/wp\/v2\/comments?post=61525"}],"version-history":[{"count":0,"href":"https:\/\/novak-m.com\/sl\/wp-json\/wp\/v2\/posts\/61525\/revisions"}],"wp:featuredmedia":[{"embeddable":true,"href":"https:\/\/novak-m.com\/sl\/wp-json\/wp\/v2\/media\/61512"}],"wp:attachment":[{"href":"https:\/\/novak-m.com\/sl\/wp-json\/wp\/v2\/media?parent=61525"}],"wp:term":[{"taxonomy":"category","embeddable":true,"href":"https:\/\/novak-m.com\/sl\/wp-json\/wp\/v2\/categories?post=61525"},{"taxonomy":"post_tag","embeddable":true,"href":"https:\/\/novak-m.com\/sl\/wp-json\/wp\/v2\/tags?post=61525"}],"curies":[{"name":"wp","href":"https:\/\/api.w.org\/{rel}","templated":true}]}}