{"id":59159,"date":"2021-12-13T12:30:42","date_gmt":"2021-12-13T11:30:42","guid":{"rendered":"https:\/\/www.novak-m.com\/?p=59159"},"modified":"2022-01-10T07:26:13","modified_gmt":"2022-01-10T06:26:13","slug":"del-nase-ekipe-je-na-poslovni-soli-iese","status":"publish","type":"post","link":"https:\/\/novak-m.com\/sl\/del-nase-ekipe-je-na-poslovni-soli-iese\/","title":{"rendered":"Del na\u0161e ekipe je v Barceloni na poslovni \u0161oli IESE"},"content":{"rendered":"<h2>Novo znanje in napredek<\/h2>\n<p>V podjetju Novak M sta znanje in napredek visoko na lestvici vrednot. Razvoju lahko sledimo in se posledi\u010dno odzivamo na potrebe na\u0161ih strank le, \u010de smo odprti za nova znanja in spoznanja.<\/p>\n<h2>Bogato u\u010dno okolje<\/h2>\n<p>V leto\u0161njem letu se dva \u010dlana na\u0161e ekipe udele\u017eujeta programa za razvoj mened\u017ementa na priznani <a href=\"https:\/\/www.iese.edu\/\">poslovni \u0161oli IESE<\/a>. \u0160estmese\u010dni programa za vodje oddelkov ima tokrat 23 udele\u017eencev iz vse Evrope ter iz razli\u010dnih gospodarskih panog in okolij. U\u010dni proces vklju\u010duje predvsem \u0161tudije primerov, razprave in simulacije. V dinami\u010dnem in bogatem u\u010dnem okolju se udele\u017eenci u\u010dijo razumeti strategije, ljudi, procese in sisteme v razli\u010dnih funkcijah ter njihovo povezovanje za ustvarjanje vrednosti. \u010ce to povemo enostavneje, pridobijo kompetence in spretnosti, ki jih potrebuje vsak dober vodja.<\/p>\n<p><img loading=\"lazy\" decoding=\"async\" class=\"alignnone size-full wp-image-59142\" src=\"https:\/\/novak-m.com\/wp-content\/uploads\/2021\/12\/IESE-Business-School_gal.jpg\" alt=\"Iese business scool in Barcelona\" width=\"602\" height=\"388\" srcset=\"https:\/\/novak-m.com\/wp-content\/uploads\/2021\/12\/IESE-Business-School_gal.jpg 602w, https:\/\/novak-m.com\/wp-content\/uploads\/2021\/12\/IESE-Business-School_gal-300x193.jpg 300w, https:\/\/novak-m.com\/wp-content\/uploads\/2021\/12\/IESE-Business-School_gal-600x387.jpg 600w, https:\/\/novak-m.com\/wp-content\/uploads\/2021\/12\/IESE-Business-School_gal-186x120.jpg 186w\" sizes=\"auto, (max-width: 602px) 100vw, 602px\" \/><\/p>\n<h2>Izku\u0161nja iz prve roke<\/h2>\n<p>Jakob Jau\u0161evec, vodja razvoja trga pri podjetju Novak M, o programu pravi: &#8220;<em>Odlo\u010ditev za PMD na IESE v Barceloni je bila ena mojih najbolj\u0161ih odlo\u010ditev v zadnjem \u010dasu. Sam program, zahtevna predavanja in mednarodna skupina me vsekakor potiskajo iz vsakdanje rutine in delovnega okolja. To mi omogo\u010da, da izkusim in se nau\u010dim ve\u010d o poslovanju, gospodarstvu in vodenju ter vidim izzive z razli\u010dnih vidikov. To spodbuja mojo osebno in poklicno rast ter daje nabor orodij za sprejemanje bolj\u0161ih odlo\u010ditev<\/em>.&#8221;<\/p>\n<h2>&#8220;Ljudje so na prvem mestu&#8221;<\/h2>\n<p>V podjetju Novak M si \u017eelimo, da bi na\u0161e podjetje predstavljalo spodbudno okolje za zaposlene, ne le z vidika rasti podjetja, temve\u010d tudi z vidika strokovnega izpopolnjevanja in osebnega razvoja vsakega posameznika. Naj zaklju\u010dimo z eno od vrednot poslovne \u0161ole IESE, ki jo mo\u010dno cenimo tudi mi: &#8220;Verjamemo, da so ljudje na prvem mestu. \u010clove\u0161ki viri so tisto najdragocenej\u0161e za vsako organizacijo.&#8221;<\/p>\n<div style='text-align:center;' class='ow_post_button'><a target='_self' href='https:\/\/novak-m.com\/sl\/kontakt\/'>PI\u0160ITE NAM<\/a><\/div>\n","protected":false},"excerpt":{"rendered":"<p>Dva \u010dlana na\u0161e ekipe sta ta teden v Barceloni, kjer se udele\u017eujeta programa za razvoj mened\u017ementa na poslovni \u0161oli IESE Univerze Navarra v \u0160paniji.<\/p>\n","protected":false},"author":5,"featured_media":59141,"comment_status":"open","ping_status":"open","sticky":false,"template":"","format":"standard","meta":{"_acf_changed":false,"footnotes":""},"categories":[21],"tags":[],"class_list":["post-59159","post","type-post","status-publish","format-standard","has-post-thumbnail","hentry","category-novice"],"acf":[],"yoast_head":"<!-- This site is optimized with the Yoast SEO plugin v25.5 - https:\/\/yoast.com\/wordpress\/plugins\/seo\/ -->\n<title>Del na\u0161e ekipe je v Barceloni na poslovni \u0161oli IESE | Novak M<\/title>\n<meta name=\"description\" content=\"V leto\u0161njem letu se dva \u010dlana na\u0161e ekipe udele\u017eujeta programa za razvoj mened\u017ementa na priznani poslovni \u0161oli IESE.\" \/>\n<meta name=\"robots\" content=\"index, follow, max-snippet:-1, max-image-preview:large, max-video-preview:-1\" \/>\n<link rel=\"canonical\" href=\"https:\/\/novak-m.com\/part-of-our-team-is-at-iese-business-school\/\" \/>\n<meta property=\"og:locale\" content=\"sl_SI\" \/>\n<meta property=\"og:type\" content=\"article\" \/>\n<meta property=\"og:title\" content=\"Del na\u0161e ekipe je v Barceloni na poslovni \u0161oli IESE | Novak M\" \/>\n<meta property=\"og:description\" content=\"V leto\u0161njem letu se dva \u010dlana na\u0161e ekipe udele\u017eujeta programa za razvoj mened\u017ementa na priznani poslovni \u0161oli IESE.\" \/>\n<meta property=\"og:url\" content=\"https:\/\/novak-m.com\/part-of-our-team-is-at-iese-business-school\/\" \/>\n<meta property=\"og:site_name\" content=\"Novak-M\" \/>\n<meta property=\"article:published_time\" content=\"2021-12-13T11:30:42+00:00\" \/>\n<meta property=\"article:modified_time\" content=\"2022-01-10T06:26:13+00:00\" \/>\n<meta property=\"og:image\" content=\"https:\/\/novak-m.com\/wp-content\/uploads\/2021\/12\/IESE_fb.jpg\" \/>\n\t<meta property=\"og:image:width\" content=\"1200\" \/>\n\t<meta property=\"og:image:height\" content=\"627\" \/>\n\t<meta property=\"og:image:type\" content=\"image\/jpeg\" \/>\n<meta name=\"author\" content=\"ana_cesen\" \/>\n<meta name=\"twitter:card\" content=\"summary_large_image\" \/>\n<meta name=\"twitter:label1\" content=\"Written by\" \/>\n\t<meta name=\"twitter:data1\" content=\"ana_cesen\" \/>\n\t<meta name=\"twitter:label2\" content=\"Est. reading time\" \/>\n\t<meta name=\"twitter:data2\" content=\"2 minuti\" \/>\n<script type=\"application\/ld+json\" class=\"yoast-schema-graph\">{\"@context\":\"https:\/\/schema.org\",\"@graph\":[{\"@type\":\"WebPage\",\"@id\":\"https:\/\/novak-m.com\/part-of-our-team-is-at-iese-business-school\/\",\"url\":\"https:\/\/novak-m.com\/part-of-our-team-is-at-iese-business-school\/\",\"name\":\"Del na\u0161e ekipe je v Barceloni na poslovni \u0161oli IESE | Novak M\",\"isPartOf\":{\"@id\":\"https:\/\/novak-m.com\/fr\/#website\"},\"primaryImageOfPage\":{\"@id\":\"https:\/\/novak-m.com\/part-of-our-team-is-at-iese-business-school\/#primaryimage\"},\"image\":{\"@id\":\"https:\/\/novak-m.com\/part-of-our-team-is-at-iese-business-school\/#primaryimage\"},\"thumbnailUrl\":\"https:\/\/novak-m.com\/wp-content\/uploads\/2021\/12\/IESE-Business-School_gen.jpg\",\"datePublished\":\"2021-12-13T11:30:42+00:00\",\"dateModified\":\"2022-01-10T06:26:13+00:00\",\"author\":{\"@id\":\"https:\/\/novak-m.com\/fr\/#\/schema\/person\/f484d4bdbb417bc65e1281ff35734865\"},\"description\":\"V leto\u0161njem letu se dva \u010dlana na\u0161e ekipe udele\u017eujeta programa za razvoj mened\u017ementa na priznani poslovni \u0161oli IESE.\",\"breadcrumb\":{\"@id\":\"https:\/\/novak-m.com\/part-of-our-team-is-at-iese-business-school\/#breadcrumb\"},\"inLanguage\":\"sl-SI\",\"potentialAction\":[{\"@type\":\"ReadAction\",\"target\":[\"https:\/\/novak-m.com\/part-of-our-team-is-at-iese-business-school\/\"]}]},{\"@type\":\"ImageObject\",\"inLanguage\":\"sl-SI\",\"@id\":\"https:\/\/novak-m.com\/part-of-our-team-is-at-iese-business-school\/#primaryimage\",\"url\":\"https:\/\/novak-m.com\/wp-content\/uploads\/2021\/12\/IESE-Business-School_gen.jpg\",\"contentUrl\":\"https:\/\/novak-m.com\/wp-content\/uploads\/2021\/12\/IESE-Business-School_gen.jpg\",\"width\":1037,\"height\":929,\"caption\":\"in front of IESE business school\"},{\"@type\":\"BreadcrumbList\",\"@id\":\"https:\/\/novak-m.com\/part-of-our-team-is-at-iese-business-school\/#breadcrumb\",\"itemListElement\":[{\"@type\":\"ListItem\",\"position\":1,\"name\":\"Home\",\"item\":\"https:\/\/novak-m.com\/sl\/domov\/\"},{\"@type\":\"ListItem\",\"position\":2,\"name\":\"Del na\u0161e ekipe je v Barceloni na poslovni \u0161oli IESE\"}]},{\"@type\":\"WebSite\",\"@id\":\"https:\/\/novak-m.com\/fr\/#website\",\"url\":\"https:\/\/novak-m.com\/fr\/\",\"name\":\"Novak M\",\"description\":\"Novak M | official international webpage | novak-m.com\",\"potentialAction\":[{\"@type\":\"SearchAction\",\"target\":{\"@type\":\"EntryPoint\",\"urlTemplate\":\"https:\/\/novak-m.com\/fr\/?s={search_term_string}\"},\"query-input\":{\"@type\":\"PropertyValueSpecification\",\"valueRequired\":true,\"valueName\":\"search_term_string\"}}],\"inLanguage\":\"sl-SI\"},{\"@type\":\"Person\",\"@id\":\"https:\/\/novak-m.com\/fr\/#\/schema\/person\/f484d4bdbb417bc65e1281ff35734865\",\"name\":\"ana_cesen\",\"url\":\"https:\/\/novak-m.com\/sl\/author\/ana_cesen\/\"}]}<\/script>\n<!-- \/ Yoast SEO plugin. -->","yoast_head_json":{"title":"Del na\u0161e ekipe je v Barceloni na poslovni \u0161oli IESE | Novak M","description":"V leto\u0161njem letu se dva \u010dlana na\u0161e ekipe udele\u017eujeta programa za razvoj mened\u017ementa na priznani poslovni \u0161oli IESE.","robots":{"index":"index","follow":"follow","max-snippet":"max-snippet:-1","max-image-preview":"max-image-preview:large","max-video-preview":"max-video-preview:-1"},"canonical":"https:\/\/novak-m.com\/part-of-our-team-is-at-iese-business-school\/","og_locale":"sl_SI","og_type":"article","og_title":"Del na\u0161e ekipe je v Barceloni na poslovni \u0161oli IESE | Novak M","og_description":"V leto\u0161njem letu se dva \u010dlana na\u0161e ekipe udele\u017eujeta programa za razvoj mened\u017ementa na priznani poslovni \u0161oli IESE.","og_url":"https:\/\/novak-m.com\/part-of-our-team-is-at-iese-business-school\/","og_site_name":"Novak-M","article_published_time":"2021-12-13T11:30:42+00:00","article_modified_time":"2022-01-10T06:26:13+00:00","og_image":[{"width":1200,"height":627,"url":"https:\/\/novak-m.com\/wp-content\/uploads\/2021\/12\/IESE_fb.jpg","type":"image\/jpeg"}],"author":"ana_cesen","twitter_card":"summary_large_image","twitter_misc":{"Written by":"ana_cesen","Est. reading time":"2 minuti"},"schema":{"@context":"https:\/\/schema.org","@graph":[{"@type":"WebPage","@id":"https:\/\/novak-m.com\/part-of-our-team-is-at-iese-business-school\/","url":"https:\/\/novak-m.com\/part-of-our-team-is-at-iese-business-school\/","name":"Del na\u0161e ekipe je v Barceloni na poslovni \u0161oli IESE | Novak M","isPartOf":{"@id":"https:\/\/novak-m.com\/fr\/#website"},"primaryImageOfPage":{"@id":"https:\/\/novak-m.com\/part-of-our-team-is-at-iese-business-school\/#primaryimage"},"image":{"@id":"https:\/\/novak-m.com\/part-of-our-team-is-at-iese-business-school\/#primaryimage"},"thumbnailUrl":"https:\/\/novak-m.com\/wp-content\/uploads\/2021\/12\/IESE-Business-School_gen.jpg","datePublished":"2021-12-13T11:30:42+00:00","dateModified":"2022-01-10T06:26:13+00:00","author":{"@id":"https:\/\/novak-m.com\/fr\/#\/schema\/person\/f484d4bdbb417bc65e1281ff35734865"},"description":"V leto\u0161njem letu se dva \u010dlana na\u0161e ekipe udele\u017eujeta programa za razvoj mened\u017ementa na priznani poslovni \u0161oli IESE.","breadcrumb":{"@id":"https:\/\/novak-m.com\/part-of-our-team-is-at-iese-business-school\/#breadcrumb"},"inLanguage":"sl-SI","potentialAction":[{"@type":"ReadAction","target":["https:\/\/novak-m.com\/part-of-our-team-is-at-iese-business-school\/"]}]},{"@type":"ImageObject","inLanguage":"sl-SI","@id":"https:\/\/novak-m.com\/part-of-our-team-is-at-iese-business-school\/#primaryimage","url":"https:\/\/novak-m.com\/wp-content\/uploads\/2021\/12\/IESE-Business-School_gen.jpg","contentUrl":"https:\/\/novak-m.com\/wp-content\/uploads\/2021\/12\/IESE-Business-School_gen.jpg","width":1037,"height":929,"caption":"in front of IESE business school"},{"@type":"BreadcrumbList","@id":"https:\/\/novak-m.com\/part-of-our-team-is-at-iese-business-school\/#breadcrumb","itemListElement":[{"@type":"ListItem","position":1,"name":"Home","item":"https:\/\/novak-m.com\/sl\/domov\/"},{"@type":"ListItem","position":2,"name":"Del na\u0161e ekipe je v Barceloni na poslovni \u0161oli IESE"}]},{"@type":"WebSite","@id":"https:\/\/novak-m.com\/fr\/#website","url":"https:\/\/novak-m.com\/fr\/","name":"Novak M","description":"Novak M | official international webpage | novak-m.com","potentialAction":[{"@type":"SearchAction","target":{"@type":"EntryPoint","urlTemplate":"https:\/\/novak-m.com\/fr\/?s={search_term_string}"},"query-input":{"@type":"PropertyValueSpecification","valueRequired":true,"valueName":"search_term_string"}}],"inLanguage":"sl-SI"},{"@type":"Person","@id":"https:\/\/novak-m.com\/fr\/#\/schema\/person\/f484d4bdbb417bc65e1281ff35734865","name":"ana_cesen","url":"https:\/\/novak-m.com\/sl\/author\/ana_cesen\/"}]}},"_links":{"self":[{"href":"https:\/\/novak-m.com\/sl\/wp-json\/wp\/v2\/posts\/59159","targetHints":{"allow":["GET"]}}],"collection":[{"href":"https:\/\/novak-m.com\/sl\/wp-json\/wp\/v2\/posts"}],"about":[{"href":"https:\/\/novak-m.com\/sl\/wp-json\/wp\/v2\/types\/post"}],"author":[{"embeddable":true,"href":"https:\/\/novak-m.com\/sl\/wp-json\/wp\/v2\/users\/5"}],"replies":[{"embeddable":true,"href":"https:\/\/novak-m.com\/sl\/wp-json\/wp\/v2\/comments?post=59159"}],"version-history":[{"count":0,"href":"https:\/\/novak-m.com\/sl\/wp-json\/wp\/v2\/posts\/59159\/revisions"}],"wp:featuredmedia":[{"embeddable":true,"href":"https:\/\/novak-m.com\/sl\/wp-json\/wp\/v2\/media\/59141"}],"wp:attachment":[{"href":"https:\/\/novak-m.com\/sl\/wp-json\/wp\/v2\/media?parent=59159"}],"wp:term":[{"taxonomy":"category","embeddable":true,"href":"https:\/\/novak-m.com\/sl\/wp-json\/wp\/v2\/categories?post=59159"},{"taxonomy":"post_tag","embeddable":true,"href":"https:\/\/novak-m.com\/sl\/wp-json\/wp\/v2\/tags?post=59159"}],"curies":[{"name":"wp","href":"https:\/\/api.w.org\/{rel}","templated":true}]}}