{"id":86926,"date":"2023-09-01T12:52:40","date_gmt":"2023-09-01T10:52:40","guid":{"rendered":"https:\/\/www.novak-m.com\/world-physiotherapy-day-with-iza-gobar\/"},"modified":"2023-09-25T09:59:07","modified_gmt":"2023-09-25T07:59:07","slug":"giornata-mondiale-della-fisioterapia-con-iza-gobar","status":"publish","type":"post","link":"https:\/\/novak-m.com\/it\/giornata-mondiale-della-fisioterapia-con-iza-gobar\/","title":{"rendered":"Giornata mondiale della Fisioterapia con Iza Gobar"},"content":{"rendered":"<h2>1. Prima di tutto, raccontaci un po\u2019 di te.<\/h2>\n<p>Mi chiamo Iza Gobar, sono una fisioterapista qualificata, cofondatrice di <strong><a href=\"https:\/\/fiza.si\/\">Fiza<\/a><\/strong>, amante della natura, del movimento e di tutto ci\u00f2 che \u00e8 legato alla comprensione dell&#8217;essere umano e del suo funzionamento.<\/p>\n<h2>2. Quando hai capito che avresti avuto una carriera nella fisioterapia? Col passare del tempo o in un momento specifico?<\/h2>\n<p>Ho sempre avuto il desiderio di conoscere e capire il corpo. Gi\u00e0 da bambina facevo spesso massaggi ai miei familiari. Naturalmente non avevo alcuna conoscenza pregressa, ma \u00e8 cos\u00ec che ho iniziato a sviluppare questo tipo di abilit\u00e0 motorie da giovanissima. In seguito, al liceo, ho scoperto e iniziato a praticare aerobica e Pilates. A 16 anni sono diventata istruttrice di aerobica ed \u00e8 stato in quel momento che ho conosciuto per la prima volta l&#8217;anatomia e il corpo in movimento. Perci\u00f2 per me decidere di studiare fisioterapia all\u2019universit\u00e0 Alma mater Europaea \u00e8 stata una scelta naturale.<\/p>\n<h2>3. Parlaci del tuo lavoro. Qual \u00e8 il campo in cui lavori di pi\u00f9? Chi sono i tuoi pazienti?<\/h2>\n<p>Attualmente lavoro in due campi, ma sono complementari.<\/p>\n<p>Il primo \u00e8 la fisioterapia, in particolare la neurofisioterapia, dove lavoro con persone che hanno subito una lesione al sistema nervoso centrale. L\u2019altro invece \u00e8 la prevenzione, dove eseguo trattamenti di \u201cripristino corporeo\u201d applicando un mio metodo personale, che chiamo Fizaterapia. I miei clienti sono molto diversi, spaziano da persone generalmente sane che vogliono sentirsi meglio, a persone con dolore cronico o convalescenti. Non ci sono limiti di et\u00e0, lavoro con tutte le fasce di et\u00e0. Sono molto attiva nel campo dei trattamenti di &#8220;ripristino corporeo&#8221;. Si tende ancora a usare il termine &#8220;massaggio&#8221;, che \u00e8 troppo generico, per definire questo tipo di trattamenti, ma si tratta di un approccio sofisticato e olistico per alleviare alcuni problemi di salute, oppure di un mezzo efficace per rilassarsi e mantenersi in salute allo stesso tempo. Attualmente collaboro anche con l&#8217;Alma mater Europaea, un istituto di istruzione superiore dove insegno le basi del massaggio classico e sono attivamente coinvolta nella promozione e nello sviluppo del massaggio nella nostra societ\u00e0.<\/p>\n<p>Occasionalmente partecipo anche a gare internazionali di massaggio. Ho ricevuto riscontri molto positivi da quando ho vinto la categoria freestyle ai Campionati del Mondo 2021 in Danimarca e quest&#8217;anno ho vinto nella categoria massaggio classico ai Campionati Balcanici in Serbia. Sono tutti eventi che fanno emergere la mia creativit\u00e0 e nuove idee, ma la cosa pi\u00f9 importante al momento \u00e8 collaborare con gli esperti che hanno gi\u00e0 lasciato il segno in questo settore e imparare da loro.<\/p>\n<h2>4. Come definiresti il campo della neurofisioterapia?<\/h2>\n<p>La neurofisioterapia \u00e8 una branca specifica della fisioterapia che si occupa del trattamento di malattie e lesioni del sistema nervoso e del sollievo dei pazienti che ne sono affetti.<\/p>\n<p>Io stessa ho avuto a che fare spesso con pazienti neurologici mentre lavoravo in fisioterapia. Dopo aver completato il corso base Bobath presso il Centro di fisioterapia di Lubiana, ho iniziato a vedere il metodo di trattamento con occhi totalmente diversi.\u00a0 Mi sono resa conto che tutti i sistemi corporei sono indissolubilmente legati al cervello e che la conoscenza di questi sistemi pu\u00f2 portare a risultati migliori nella riabilitazione, e non solo in caso di danni al sistema nervoso centrale. Dopo diversi anni di lavoro sul campo come fisioterapista, ho notato che questo settore specifico non ha personale a sufficienza. Per fare un esempio, in Slovenia circa 3.000 persone all\u2019anno subiscono un ictus. Purtroppo, solo un numero di queste persone \u00e8 in grado di ricevere, a pagamento, un trattamento neurofisioterapico di qualit\u00e0 a lungo termine, fondamentale per il recupero e il mantenimento della condizione di salute.<\/p>\n<h2>5. Ho letto anche del massaggio Fiza, con il quale ti sei classificata prima nella categoria freestyle ai Campionati Mondiali di Massaggio di Copenaghen. Parlaci di questa tecnica.<\/h2>\n<p>Il massaggio Fiza o la Terapia di ripristino corporeo Fiza \u00e8 il risultato di 10 anni di pratica e ricerca su diverse tecniche e metodi della fisioterapia classica e delle terapie complementari. La chiave sta nell&#8217;approccio olistico ai pazienti. Il trattamento viene adattato alle esigenze del singolo individuo, ma contiene tutti gli elementi chiave necessari per riportare in equilibrio il sistema muscolo-scheletrico e mentale. Tecniche di massaggio classico, massaggio e stretching della colonna vertebrale, tecniche di mobilizzazione, tecniche di digitopressione e stretching passivo completano la terapia. Il massaggio Fiza \u00e8 anche una procedura terapeutica ufficialmente riconosciuta e fa parte di una concezione che mira a promuovere la consapevolezza della salute e che \u00e8 in costante evoluzione e miglioramento.<\/p>\n<h2>6. Qual \u00e8 l\u2019aspetto del tuo lavoro che ti rende pi\u00f9 felice?<\/h2>\n<p>La riabilitazione completata con successo, il sorriso del cliente dopo la terapia, la gratitudine, la gioia pura, la sensazione di sollievo, sono tutte soddisfazioni che mi fanno andare avanti. Soprattutto, l&#8217;opportunit\u00e0 di incontrare persone straordinarie, sia clienti che insegnanti. Ogni piccolo tassello che contribuisce al mosaico del mio percorso terapeutico \u00e8 inestimabile e questo \u00e8 ci\u00f2 che mi motiva cos\u00ec tanto nel mio lavoro e in generale.<\/p>\n<p>Grazie per averci dedicato del tempo. Ti auguriamo di avere tanto successo nella tua carriera e tanti pazienti soddisfatti!<\/p>\n<div style='text-align:center;' class='ow_post_button'><a target='_self' href='https:\/\/novak-m.com\/it\/contatti\/'>CONTATTATECI<\/a><\/div>\n","protected":false},"excerpt":{"rendered":"<p>Competenza, esperienza, dedizione, entusiasmo e buona volont\u00e0: tutte queste caratteristiche descrivono la fisioterapista Iza Gobar, che abbiamo invitato per una chiacchierata in occasione della Giornata Mondiale della Fisioterapia.<\/p>\n","protected":false},"author":5,"featured_media":86784,"comment_status":"closed","ping_status":"closed","sticky":false,"template":"","format":"standard","meta":{"_acf_changed":false,"footnotes":""},"categories":[312],"tags":[],"class_list":["post-86926","post","type-post","status-publish","format-standard","has-post-thumbnail","hentry","category-news"],"acf":[],"yoast_head":"<!-- This site is optimized with the Yoast SEO plugin v25.5 - https:\/\/yoast.com\/wordpress\/plugins\/seo\/ -->\n<title>Giornata mondiale 2023 \u2502 Novak M<\/title>\n<meta name=\"description\" content=\"In Giornata mondiale della fisioterapia, abbiamo invitato la fisioterapista Iza Gobar a raccontarci qualcosa sulla sua professione.\" \/>\n<meta name=\"robots\" content=\"index, follow, max-snippet:-1, max-image-preview:large, max-video-preview:-1\" \/>\n<link rel=\"canonical\" href=\"https:\/\/novak-m.com\/world-physiotherapy-day-with-iza-gobar\/\" \/>\n<meta property=\"og:locale\" content=\"it_IT\" \/>\n<meta property=\"og:type\" content=\"article\" \/>\n<meta property=\"og:title\" content=\"Giornata mondiale 2023 \u2502 Novak M\" \/>\n<meta property=\"og:description\" content=\"In Giornata mondiale della fisioterapia, abbiamo invitato la fisioterapista Iza Gobar a raccontarci qualcosa sulla sua professione.\" \/>\n<meta property=\"og:url\" content=\"https:\/\/novak-m.com\/world-physiotherapy-day-with-iza-gobar\/\" \/>\n<meta property=\"og:site_name\" content=\"Novak-M\" \/>\n<meta property=\"article:published_time\" content=\"2023-09-01T10:52:40+00:00\" \/>\n<meta property=\"article:modified_time\" content=\"2023-09-25T07:59:07+00:00\" \/>\n<meta property=\"og:image\" content=\"https:\/\/novak-m.com\/wp-content\/uploads\/2023\/09\/World-Physiotherapy-day_fb.jpg\" \/>\n\t<meta property=\"og:image:width\" content=\"1245\" \/>\n\t<meta property=\"og:image:height\" content=\"712\" \/>\n\t<meta property=\"og:image:type\" content=\"image\/jpeg\" \/>\n<meta name=\"author\" content=\"ana_cesen\" \/>\n<meta name=\"twitter:card\" content=\"summary_large_image\" \/>\n<meta name=\"twitter:label1\" content=\"Scritto da\" \/>\n\t<meta name=\"twitter:data1\" content=\"ana_cesen\" \/>\n\t<meta name=\"twitter:label2\" content=\"Tempo di lettura stimato\" \/>\n\t<meta name=\"twitter:data2\" content=\"4 minuti\" \/>\n<script type=\"application\/ld+json\" class=\"yoast-schema-graph\">{\"@context\":\"https:\/\/schema.org\",\"@graph\":[{\"@type\":\"WebPage\",\"@id\":\"https:\/\/novak-m.com\/world-physiotherapy-day-with-iza-gobar\/\",\"url\":\"https:\/\/novak-m.com\/world-physiotherapy-day-with-iza-gobar\/\",\"name\":\"Giornata mondiale 2023 \u2502 Novak M\",\"isPartOf\":{\"@id\":\"https:\/\/novak-m.com\/fr\/#website\"},\"primaryImageOfPage\":{\"@id\":\"https:\/\/novak-m.com\/world-physiotherapy-day-with-iza-gobar\/#primaryimage\"},\"image\":{\"@id\":\"https:\/\/novak-m.com\/world-physiotherapy-day-with-iza-gobar\/#primaryimage\"},\"thumbnailUrl\":\"https:\/\/novak-m.com\/wp-content\/uploads\/2023\/09\/World-Physiotherapy-day.jpg\",\"datePublished\":\"2023-09-01T10:52:40+00:00\",\"dateModified\":\"2023-09-25T07:59:07+00:00\",\"author\":{\"@id\":\"https:\/\/novak-m.com\/fr\/#\/schema\/person\/f484d4bdbb417bc65e1281ff35734865\"},\"description\":\"In Giornata mondiale della fisioterapia, abbiamo invitato la fisioterapista Iza Gobar a raccontarci qualcosa sulla sua professione.\",\"breadcrumb\":{\"@id\":\"https:\/\/novak-m.com\/world-physiotherapy-day-with-iza-gobar\/#breadcrumb\"},\"inLanguage\":\"it-IT\",\"potentialAction\":[{\"@type\":\"ReadAction\",\"target\":[\"https:\/\/novak-m.com\/world-physiotherapy-day-with-iza-gobar\/\"]}]},{\"@type\":\"ImageObject\",\"inLanguage\":\"it-IT\",\"@id\":\"https:\/\/novak-m.com\/world-physiotherapy-day-with-iza-gobar\/#primaryimage\",\"url\":\"https:\/\/novak-m.com\/wp-content\/uploads\/2023\/09\/World-Physiotherapy-day.jpg\",\"contentUrl\":\"https:\/\/novak-m.com\/wp-content\/uploads\/2023\/09\/World-Physiotherapy-day.jpg\",\"width\":1200,\"height\":1075,\"caption\":\"fisioterapista che esegue un trattamento\"},{\"@type\":\"BreadcrumbList\",\"@id\":\"https:\/\/novak-m.com\/world-physiotherapy-day-with-iza-gobar\/#breadcrumb\",\"itemListElement\":[{\"@type\":\"ListItem\",\"position\":1,\"name\":\"Home\",\"item\":\"https:\/\/novak-m.com\/it\/home\/\"},{\"@type\":\"ListItem\",\"position\":2,\"name\":\"Giornata mondiale della Fisioterapia con Iza Gobar\"}]},{\"@type\":\"WebSite\",\"@id\":\"https:\/\/novak-m.com\/fr\/#website\",\"url\":\"https:\/\/novak-m.com\/fr\/\",\"name\":\"Novak M\",\"description\":\"Novak M | official international webpage | novak-m.com\",\"potentialAction\":[{\"@type\":\"SearchAction\",\"target\":{\"@type\":\"EntryPoint\",\"urlTemplate\":\"https:\/\/novak-m.com\/fr\/?s={search_term_string}\"},\"query-input\":{\"@type\":\"PropertyValueSpecification\",\"valueRequired\":true,\"valueName\":\"search_term_string\"}}],\"inLanguage\":\"it-IT\"},{\"@type\":\"Person\",\"@id\":\"https:\/\/novak-m.com\/fr\/#\/schema\/person\/f484d4bdbb417bc65e1281ff35734865\",\"name\":\"ana_cesen\",\"url\":\"https:\/\/novak-m.com\/it\/author\/ana_cesen\/\"}]}<\/script>\n<!-- \/ Yoast SEO plugin. -->","yoast_head_json":{"title":"Giornata mondiale 2023 \u2502 Novak M","description":"In Giornata mondiale della fisioterapia, abbiamo invitato la fisioterapista Iza Gobar a raccontarci qualcosa sulla sua professione.","robots":{"index":"index","follow":"follow","max-snippet":"max-snippet:-1","max-image-preview":"max-image-preview:large","max-video-preview":"max-video-preview:-1"},"canonical":"https:\/\/novak-m.com\/world-physiotherapy-day-with-iza-gobar\/","og_locale":"it_IT","og_type":"article","og_title":"Giornata mondiale 2023 \u2502 Novak M","og_description":"In Giornata mondiale della fisioterapia, abbiamo invitato la fisioterapista Iza Gobar a raccontarci qualcosa sulla sua professione.","og_url":"https:\/\/novak-m.com\/world-physiotherapy-day-with-iza-gobar\/","og_site_name":"Novak-M","article_published_time":"2023-09-01T10:52:40+00:00","article_modified_time":"2023-09-25T07:59:07+00:00","og_image":[{"width":1245,"height":712,"url":"https:\/\/novak-m.com\/wp-content\/uploads\/2023\/09\/World-Physiotherapy-day_fb.jpg","type":"image\/jpeg"}],"author":"ana_cesen","twitter_card":"summary_large_image","twitter_misc":{"Scritto da":"ana_cesen","Tempo di lettura stimato":"4 minuti"},"schema":{"@context":"https:\/\/schema.org","@graph":[{"@type":"WebPage","@id":"https:\/\/novak-m.com\/world-physiotherapy-day-with-iza-gobar\/","url":"https:\/\/novak-m.com\/world-physiotherapy-day-with-iza-gobar\/","name":"Giornata mondiale 2023 \u2502 Novak M","isPartOf":{"@id":"https:\/\/novak-m.com\/fr\/#website"},"primaryImageOfPage":{"@id":"https:\/\/novak-m.com\/world-physiotherapy-day-with-iza-gobar\/#primaryimage"},"image":{"@id":"https:\/\/novak-m.com\/world-physiotherapy-day-with-iza-gobar\/#primaryimage"},"thumbnailUrl":"https:\/\/novak-m.com\/wp-content\/uploads\/2023\/09\/World-Physiotherapy-day.jpg","datePublished":"2023-09-01T10:52:40+00:00","dateModified":"2023-09-25T07:59:07+00:00","author":{"@id":"https:\/\/novak-m.com\/fr\/#\/schema\/person\/f484d4bdbb417bc65e1281ff35734865"},"description":"In Giornata mondiale della fisioterapia, abbiamo invitato la fisioterapista Iza Gobar a raccontarci qualcosa sulla sua professione.","breadcrumb":{"@id":"https:\/\/novak-m.com\/world-physiotherapy-day-with-iza-gobar\/#breadcrumb"},"inLanguage":"it-IT","potentialAction":[{"@type":"ReadAction","target":["https:\/\/novak-m.com\/world-physiotherapy-day-with-iza-gobar\/"]}]},{"@type":"ImageObject","inLanguage":"it-IT","@id":"https:\/\/novak-m.com\/world-physiotherapy-day-with-iza-gobar\/#primaryimage","url":"https:\/\/novak-m.com\/wp-content\/uploads\/2023\/09\/World-Physiotherapy-day.jpg","contentUrl":"https:\/\/novak-m.com\/wp-content\/uploads\/2023\/09\/World-Physiotherapy-day.jpg","width":1200,"height":1075,"caption":"fisioterapista che esegue un trattamento"},{"@type":"BreadcrumbList","@id":"https:\/\/novak-m.com\/world-physiotherapy-day-with-iza-gobar\/#breadcrumb","itemListElement":[{"@type":"ListItem","position":1,"name":"Home","item":"https:\/\/novak-m.com\/it\/home\/"},{"@type":"ListItem","position":2,"name":"Giornata mondiale della Fisioterapia con Iza Gobar"}]},{"@type":"WebSite","@id":"https:\/\/novak-m.com\/fr\/#website","url":"https:\/\/novak-m.com\/fr\/","name":"Novak M","description":"Novak M | official international webpage | novak-m.com","potentialAction":[{"@type":"SearchAction","target":{"@type":"EntryPoint","urlTemplate":"https:\/\/novak-m.com\/fr\/?s={search_term_string}"},"query-input":{"@type":"PropertyValueSpecification","valueRequired":true,"valueName":"search_term_string"}}],"inLanguage":"it-IT"},{"@type":"Person","@id":"https:\/\/novak-m.com\/fr\/#\/schema\/person\/f484d4bdbb417bc65e1281ff35734865","name":"ana_cesen","url":"https:\/\/novak-m.com\/it\/author\/ana_cesen\/"}]}},"_links":{"self":[{"href":"https:\/\/novak-m.com\/it\/wp-json\/wp\/v2\/posts\/86926","targetHints":{"allow":["GET"]}}],"collection":[{"href":"https:\/\/novak-m.com\/it\/wp-json\/wp\/v2\/posts"}],"about":[{"href":"https:\/\/novak-m.com\/it\/wp-json\/wp\/v2\/types\/post"}],"author":[{"embeddable":true,"href":"https:\/\/novak-m.com\/it\/wp-json\/wp\/v2\/users\/5"}],"replies":[{"embeddable":true,"href":"https:\/\/novak-m.com\/it\/wp-json\/wp\/v2\/comments?post=86926"}],"version-history":[{"count":0,"href":"https:\/\/novak-m.com\/it\/wp-json\/wp\/v2\/posts\/86926\/revisions"}],"wp:featuredmedia":[{"embeddable":true,"href":"https:\/\/novak-m.com\/it\/wp-json\/wp\/v2\/media\/86784"}],"wp:attachment":[{"href":"https:\/\/novak-m.com\/it\/wp-json\/wp\/v2\/media?parent=86926"}],"wp:term":[{"taxonomy":"category","embeddable":true,"href":"https:\/\/novak-m.com\/it\/wp-json\/wp\/v2\/categories?post=86926"},{"taxonomy":"post_tag","embeddable":true,"href":"https:\/\/novak-m.com\/it\/wp-json\/wp\/v2\/tags?post=86926"}],"curies":[{"name":"wp","href":"https:\/\/api.w.org\/{rel}","templated":true}]}}