{"id":49344,"date":"2021-02-01T10:01:39","date_gmt":"2021-02-01T09:01:39","guid":{"rendered":"https:\/\/www.novak-m.com\/?p=49344"},"modified":"2021-03-01T09:48:25","modified_gmt":"2021-03-01T08:48:25","slug":"giornata-mondiale-contro-il-cancro-4-febbraio","status":"publish","type":"post","link":"https:\/\/novak-m.com\/it\/giornata-mondiale-contro-il-cancro-4-febbraio\/","title":{"rendered":"Giornata mondiale contro il cancro &#8211; 4 Febbraio"},"content":{"rendered":"<h2>Io sono e io far\u00f2<\/h2>\n<p>Questo \u00e8 l&#8217;ultimo anno della campagna 2019-2021 con lo slogan <strong>&#8220;<a href=\"https:\/\/www.worldcancerday.org\/\">Io sono e io far\u00f2<\/a>&#8220;<\/strong>. L\u2019obbiettivo \u00e8 aumentare la consapevolezza che ognuno di noi pu\u00f2 fare qualcosa. Ogni individuo pu\u00f2 contribuire a ridurre i fattori di rischio di cancro. Un terzo dei casi di cancro pu\u00f2 essere prevenuto.<\/p>\n<h3>Cosa farai?<\/h3>\n<p>Questa \u00e8 la domanda cruciale che ci viene posta in occasione della Giornata mondiale contro il cancro. Indipendentemente da quanto siano grandi le nostre azioni, tutte insieme apporteranno cambiamenti positivi. Possiamo iniziare rendendo il nostro stile di vita pi\u00f9 sano, mostrando sostegno a un amico malato e pensando ai fattori di rischio che possiamo influenzare.<\/p>\n<h2>Novak M &#8211; con una missione<\/h2>\n<p>Alla Novak M, da pi\u00f9 di 40 anni, siamo entusiasti della certezza che il personale medico pu\u00f2 curare i pazienti in modo pi\u00f9 semplice ed efficace anche grazie ai dispositivi medici di nostra produzione. La stretta collaborazione con gli utilizzatori finali \u00e8 stato il fattore di successo nella progettazione della <a href=\"https:\/\/novak-m.com\/it\/categoria-di-prodotti\/poltrone-per-prelievo-di-sangue-e-terapie\/\"><strong>poltrona terapeutica<\/strong><\/a>. Grazie al suo comfort e alle sue funzionalit\u00e0 eccezionali, la poltrona aiuta anche i pazienti oncologici a trascorrere il loro tempo durante i lunghi trattamenti con somministrazione endovenosa.<\/p>\n<h2>Iniziate oggi<\/h2>\n<p>Prendetevi cura della vostra salute con attivit\u00e0 fisica e sane abitudini. Costruite buone relazioni negli ambienti in cui vivete e lavorate. Sostenetevi l&#8217;uno con l&#8217;altro!<\/p>\n<div style='text-align:center;' class='ow_post_button'><a target='_self' href='https:\/\/novak-m.com\/it\/contatti\/'>CONTATTI<\/a><\/div>\n","protected":false},"excerpt":{"rendered":"<p>Il 4 Febbraio \u00e8 stato dedicato all&#8217;iniziativa mondiale per la lotta al cancro. Lo scopo \u00e8 chiaro: agire insieme e prevenire milioni di morti in tutto il mondo a causa di questa malattia.<\/p>\n","protected":false},"author":5,"featured_media":49320,"comment_status":"open","ping_status":"open","sticky":false,"template":"","format":"standard","meta":{"_acf_changed":false,"footnotes":""},"categories":[312],"tags":[],"class_list":["post-49344","post","type-post","status-publish","format-standard","has-post-thumbnail","hentry","category-news"],"acf":[],"yoast_head":"<!-- This site is optimized with the Yoast SEO plugin v25.5 - https:\/\/yoast.com\/wordpress\/plugins\/seo\/ -->\n<title>Giornata mondiale contro il cancro - 4 Febbraio| Novak M<\/title>\n<meta name=\"description\" content=\"Il 4 Febbraio \u00e8 stato dedicato all&#039;iniziativa mondiale per la lotta al cancro. Lo scopo \u00e8 chiaro: agire insieme e prevenire milioni di morti.\" \/>\n<meta name=\"robots\" content=\"index, follow, max-snippet:-1, max-image-preview:large, max-video-preview:-1\" \/>\n<link rel=\"canonical\" href=\"https:\/\/novak-m.com\/world-cancer-day-february-4th\/\" \/>\n<meta property=\"og:locale\" content=\"it_IT\" \/>\n<meta property=\"og:type\" content=\"article\" \/>\n<meta property=\"og:title\" content=\"Giornata mondiale contro il cancro - 4 Febbraio| Novak M\" \/>\n<meta property=\"og:description\" content=\"Il 4 Febbraio \u00e8 stato dedicato all&#039;iniziativa mondiale per la lotta al cancro. Lo scopo \u00e8 chiaro: agire insieme e prevenire milioni di morti.\" \/>\n<meta property=\"og:url\" content=\"https:\/\/novak-m.com\/world-cancer-day-february-4th\/\" \/>\n<meta property=\"og:site_name\" content=\"Novak-M\" \/>\n<meta property=\"article:published_time\" content=\"2021-02-01T09:01:39+00:00\" \/>\n<meta property=\"article:modified_time\" content=\"2021-03-01T08:48:25+00:00\" \/>\n<meta property=\"og:image\" content=\"https:\/\/novak-m.com\/wp-content\/uploads\/2021\/01\/FB_cancer-day.jpg\" \/>\n\t<meta property=\"og:image:width\" content=\"1200\" \/>\n\t<meta property=\"og:image:height\" content=\"628\" \/>\n\t<meta property=\"og:image:type\" content=\"image\/jpeg\" \/>\n<meta name=\"author\" content=\"ana_cesen\" \/>\n<meta name=\"twitter:card\" content=\"summary_large_image\" \/>\n<meta name=\"twitter:label1\" content=\"Scritto da\" \/>\n\t<meta name=\"twitter:data1\" content=\"ana_cesen\" \/>\n\t<meta name=\"twitter:label2\" content=\"Tempo di lettura stimato\" \/>\n\t<meta name=\"twitter:data2\" content=\"1 minuto\" \/>\n<script type=\"application\/ld+json\" class=\"yoast-schema-graph\">{\"@context\":\"https:\/\/schema.org\",\"@graph\":[{\"@type\":\"WebPage\",\"@id\":\"https:\/\/novak-m.com\/world-cancer-day-february-4th\/\",\"url\":\"https:\/\/novak-m.com\/world-cancer-day-february-4th\/\",\"name\":\"Giornata mondiale contro il cancro - 4 Febbraio| Novak M\",\"isPartOf\":{\"@id\":\"https:\/\/novak-m.com\/fr\/#website\"},\"primaryImageOfPage\":{\"@id\":\"https:\/\/novak-m.com\/world-cancer-day-february-4th\/#primaryimage\"},\"image\":{\"@id\":\"https:\/\/novak-m.com\/world-cancer-day-february-4th\/#primaryimage\"},\"thumbnailUrl\":\"https:\/\/novak-m.com\/wp-content\/uploads\/2021\/01\/CancerDay.jpg\",\"datePublished\":\"2021-02-01T09:01:39+00:00\",\"dateModified\":\"2021-03-01T08:48:25+00:00\",\"author\":{\"@id\":\"https:\/\/novak-m.com\/fr\/#\/schema\/person\/f484d4bdbb417bc65e1281ff35734865\"},\"description\":\"Il 4 Febbraio \u00e8 stato dedicato all'iniziativa mondiale per la lotta al cancro. Lo scopo \u00e8 chiaro: agire insieme e prevenire milioni di morti.\",\"breadcrumb\":{\"@id\":\"https:\/\/novak-m.com\/world-cancer-day-february-4th\/#breadcrumb\"},\"inLanguage\":\"it-IT\",\"potentialAction\":[{\"@type\":\"ReadAction\",\"target\":[\"https:\/\/novak-m.com\/world-cancer-day-february-4th\/\"]}]},{\"@type\":\"ImageObject\",\"inLanguage\":\"it-IT\",\"@id\":\"https:\/\/novak-m.com\/world-cancer-day-february-4th\/#primaryimage\",\"url\":\"https:\/\/novak-m.com\/wp-content\/uploads\/2021\/01\/CancerDay.jpg\",\"contentUrl\":\"https:\/\/novak-m.com\/wp-content\/uploads\/2021\/01\/CancerDay.jpg\",\"width\":1037,\"height\":929,\"caption\":\"a hand is holding a patient's hand\"},{\"@type\":\"BreadcrumbList\",\"@id\":\"https:\/\/novak-m.com\/world-cancer-day-february-4th\/#breadcrumb\",\"itemListElement\":[{\"@type\":\"ListItem\",\"position\":1,\"name\":\"Home\",\"item\":\"https:\/\/novak-m.com\/it\/home\/\"},{\"@type\":\"ListItem\",\"position\":2,\"name\":\"Giornata mondiale contro il cancro &#8211; 4 Febbraio\"}]},{\"@type\":\"WebSite\",\"@id\":\"https:\/\/novak-m.com\/fr\/#website\",\"url\":\"https:\/\/novak-m.com\/fr\/\",\"name\":\"Novak M\",\"description\":\"Novak M | official international webpage | novak-m.com\",\"potentialAction\":[{\"@type\":\"SearchAction\",\"target\":{\"@type\":\"EntryPoint\",\"urlTemplate\":\"https:\/\/novak-m.com\/fr\/?s={search_term_string}\"},\"query-input\":{\"@type\":\"PropertyValueSpecification\",\"valueRequired\":true,\"valueName\":\"search_term_string\"}}],\"inLanguage\":\"it-IT\"},{\"@type\":\"Person\",\"@id\":\"https:\/\/novak-m.com\/fr\/#\/schema\/person\/f484d4bdbb417bc65e1281ff35734865\",\"name\":\"ana_cesen\",\"url\":\"https:\/\/novak-m.com\/it\/author\/ana_cesen\/\"}]}<\/script>\n<!-- \/ Yoast SEO plugin. -->","yoast_head_json":{"title":"Giornata mondiale contro il cancro - 4 Febbraio| Novak M","description":"Il 4 Febbraio \u00e8 stato dedicato all'iniziativa mondiale per la lotta al cancro. Lo scopo \u00e8 chiaro: agire insieme e prevenire milioni di morti.","robots":{"index":"index","follow":"follow","max-snippet":"max-snippet:-1","max-image-preview":"max-image-preview:large","max-video-preview":"max-video-preview:-1"},"canonical":"https:\/\/novak-m.com\/world-cancer-day-february-4th\/","og_locale":"it_IT","og_type":"article","og_title":"Giornata mondiale contro il cancro - 4 Febbraio| Novak M","og_description":"Il 4 Febbraio \u00e8 stato dedicato all'iniziativa mondiale per la lotta al cancro. Lo scopo \u00e8 chiaro: agire insieme e prevenire milioni di morti.","og_url":"https:\/\/novak-m.com\/world-cancer-day-february-4th\/","og_site_name":"Novak-M","article_published_time":"2021-02-01T09:01:39+00:00","article_modified_time":"2021-03-01T08:48:25+00:00","og_image":[{"width":1200,"height":628,"url":"https:\/\/novak-m.com\/wp-content\/uploads\/2021\/01\/FB_cancer-day.jpg","type":"image\/jpeg"}],"author":"ana_cesen","twitter_card":"summary_large_image","twitter_misc":{"Scritto da":"ana_cesen","Tempo di lettura stimato":"1 minuto"},"schema":{"@context":"https:\/\/schema.org","@graph":[{"@type":"WebPage","@id":"https:\/\/novak-m.com\/world-cancer-day-february-4th\/","url":"https:\/\/novak-m.com\/world-cancer-day-february-4th\/","name":"Giornata mondiale contro il cancro - 4 Febbraio| Novak M","isPartOf":{"@id":"https:\/\/novak-m.com\/fr\/#website"},"primaryImageOfPage":{"@id":"https:\/\/novak-m.com\/world-cancer-day-february-4th\/#primaryimage"},"image":{"@id":"https:\/\/novak-m.com\/world-cancer-day-february-4th\/#primaryimage"},"thumbnailUrl":"https:\/\/novak-m.com\/wp-content\/uploads\/2021\/01\/CancerDay.jpg","datePublished":"2021-02-01T09:01:39+00:00","dateModified":"2021-03-01T08:48:25+00:00","author":{"@id":"https:\/\/novak-m.com\/fr\/#\/schema\/person\/f484d4bdbb417bc65e1281ff35734865"},"description":"Il 4 Febbraio \u00e8 stato dedicato all'iniziativa mondiale per la lotta al cancro. Lo scopo \u00e8 chiaro: agire insieme e prevenire milioni di morti.","breadcrumb":{"@id":"https:\/\/novak-m.com\/world-cancer-day-february-4th\/#breadcrumb"},"inLanguage":"it-IT","potentialAction":[{"@type":"ReadAction","target":["https:\/\/novak-m.com\/world-cancer-day-february-4th\/"]}]},{"@type":"ImageObject","inLanguage":"it-IT","@id":"https:\/\/novak-m.com\/world-cancer-day-february-4th\/#primaryimage","url":"https:\/\/novak-m.com\/wp-content\/uploads\/2021\/01\/CancerDay.jpg","contentUrl":"https:\/\/novak-m.com\/wp-content\/uploads\/2021\/01\/CancerDay.jpg","width":1037,"height":929,"caption":"a hand is holding a patient's hand"},{"@type":"BreadcrumbList","@id":"https:\/\/novak-m.com\/world-cancer-day-february-4th\/#breadcrumb","itemListElement":[{"@type":"ListItem","position":1,"name":"Home","item":"https:\/\/novak-m.com\/it\/home\/"},{"@type":"ListItem","position":2,"name":"Giornata mondiale contro il cancro &#8211; 4 Febbraio"}]},{"@type":"WebSite","@id":"https:\/\/novak-m.com\/fr\/#website","url":"https:\/\/novak-m.com\/fr\/","name":"Novak M","description":"Novak M | official international webpage | novak-m.com","potentialAction":[{"@type":"SearchAction","target":{"@type":"EntryPoint","urlTemplate":"https:\/\/novak-m.com\/fr\/?s={search_term_string}"},"query-input":{"@type":"PropertyValueSpecification","valueRequired":true,"valueName":"search_term_string"}}],"inLanguage":"it-IT"},{"@type":"Person","@id":"https:\/\/novak-m.com\/fr\/#\/schema\/person\/f484d4bdbb417bc65e1281ff35734865","name":"ana_cesen","url":"https:\/\/novak-m.com\/it\/author\/ana_cesen\/"}]}},"_links":{"self":[{"href":"https:\/\/novak-m.com\/it\/wp-json\/wp\/v2\/posts\/49344","targetHints":{"allow":["GET"]}}],"collection":[{"href":"https:\/\/novak-m.com\/it\/wp-json\/wp\/v2\/posts"}],"about":[{"href":"https:\/\/novak-m.com\/it\/wp-json\/wp\/v2\/types\/post"}],"author":[{"embeddable":true,"href":"https:\/\/novak-m.com\/it\/wp-json\/wp\/v2\/users\/5"}],"replies":[{"embeddable":true,"href":"https:\/\/novak-m.com\/it\/wp-json\/wp\/v2\/comments?post=49344"}],"version-history":[{"count":0,"href":"https:\/\/novak-m.com\/it\/wp-json\/wp\/v2\/posts\/49344\/revisions"}],"wp:featuredmedia":[{"embeddable":true,"href":"https:\/\/novak-m.com\/it\/wp-json\/wp\/v2\/media\/49320"}],"wp:attachment":[{"href":"https:\/\/novak-m.com\/it\/wp-json\/wp\/v2\/media?parent=49344"}],"wp:term":[{"taxonomy":"category","embeddable":true,"href":"https:\/\/novak-m.com\/it\/wp-json\/wp\/v2\/categories?post=49344"},{"taxonomy":"post_tag","embeddable":true,"href":"https:\/\/novak-m.com\/it\/wp-json\/wp\/v2\/tags?post=49344"}],"curies":[{"name":"wp","href":"https:\/\/api.w.org\/{rel}","templated":true}]}}