{"id":41092,"date":"2020-06-08T08:23:34","date_gmt":"2020-06-08T06:23:34","guid":{"rendered":"https:\/\/www.novak-m.com\/health-comes-first-at-novak-m\/"},"modified":"2020-07-10T10:05:42","modified_gmt":"2020-07-10T08:05:42","slug":"la-salute-viene-prima-di-tutto","status":"publish","type":"post","link":"https:\/\/novak-m.com\/it\/la-salute-viene-prima-di-tutto\/","title":{"rendered":"La salute viene prima di tutto alla Novak M"},"content":{"rendered":"<h2>Promuoviamo uno stile di vita sano sul lavoro<\/h2>\n<p>\u00c8 stato pi\u00f9 volte sottolineato che la salute e il benessere dei dipendenti di Novak M sono delle priorit\u00e0 dell&#8217;azienda. Facciamo s\u00ec che nella sala da pranzo sia sempre disponibile per i dipendenti della frutta fresca e incoraggiamo sempre l\u2019attivit\u00e0 sportiva. In questo modo contribuiamo al loro benessere e stimoliamo maggiore produttivit\u00e0, motivazione e un clima migliore sul posto di lavoro.<\/p>\n<h2>Allenamento continuo per il prossimo anno<\/h2>\n<p>Come precauzione contro l\u2019avanzamento dell\u2019epidemia di COVID-19, negli ultimi mesi siamo stati privati di numerosi eventi sportivi. Tra questi c&#8217;era anche la 39<sup>a<\/sup> edizione della maratona Franja, a cui abbiamo partecipato ogni anno. Nemmeno le peggiori condizioni meteorologiche avrebbero potuto fermare i nostri entusiasti ciclisti, poich\u00e9 negli ultimi anni avevano concluso con successo la piccola maratona Franja (97 km) o la grande maratona Franja (156 km). Per rimanere nella migliore forma possibile fino alla prossima maratona, la squadra sportiva Novak M continuer\u00e0 a pedalare e ad essere attiva su tutto il territorio sloveno.<\/p>\n","protected":false},"excerpt":{"rendered":"<p>Nonostante il costante e duro lavoro, i dipendenti Novak M sanno come prendersi cura della propria salute e del proprio stile di vita attivo. Lo dimostrano ogni volta partecipando a vari eventi sportivi in tutta la Slovenia. A causa dell&#8217;epidemia di COVID-19, abbiamo dovuto rinunciare alla tradizionale maratona ciclistica di Franja a giugno. Questa notizia non ha per\u00f2 impedito alla nostra squadra di allenarsi quotidianamente.<\/p>\n","protected":false},"author":5,"featured_media":40932,"comment_status":"open","ping_status":"open","sticky":false,"template":"","format":"standard","meta":{"_acf_changed":false,"footnotes":""},"categories":[312],"tags":[],"class_list":["post-41092","post","type-post","status-publish","format-standard","has-post-thumbnail","hentry","category-news"],"acf":[],"yoast_head":"<!-- This site is optimized with the Yoast SEO plugin v25.5 - https:\/\/yoast.com\/wordpress\/plugins\/seo\/ -->\n<title>La salute e uno stile di vita sano sono priorit\u00e0 assolute | Novak M<\/title>\n<meta name=\"description\" content=\"La salute deve venire prima di tutto sul lavoro, ecco perch\u00e9 la promozione di uno stile di vita sano \u00e8 una priorit\u00e0 importante per l&#039;azienda Novak M.\" \/>\n<meta name=\"robots\" content=\"index, follow, max-snippet:-1, max-image-preview:large, max-video-preview:-1\" \/>\n<link rel=\"canonical\" href=\"https:\/\/novak-m.com\/it\/la-salute-viene-prima-di-tutto\/\" \/>\n<meta property=\"og:locale\" content=\"it_IT\" \/>\n<meta property=\"og:type\" content=\"article\" \/>\n<meta property=\"og:title\" content=\"La salute e uno stile di vita sano sono priorit\u00e0 assolute | Novak M\" \/>\n<meta property=\"og:description\" content=\"La salute deve venire prima di tutto sul lavoro, ecco perch\u00e9 la promozione di uno stile di vita sano \u00e8 una priorit\u00e0 importante per l&#039;azienda Novak M.\" \/>\n<meta property=\"og:url\" content=\"https:\/\/novak-m.com\/it\/la-salute-viene-prima-di-tutto\/\" \/>\n<meta property=\"og:site_name\" content=\"Novak-M\" \/>\n<meta property=\"article:published_time\" content=\"2020-06-08T06:23:34+00:00\" \/>\n<meta property=\"article:modified_time\" content=\"2020-07-10T08:05:42+00:00\" \/>\n<meta property=\"og:image\" content=\"https:\/\/novak-m.com\/wp-content\/uploads\/2020\/06\/cycling_in_the_woods_gen.jpg\" \/>\n\t<meta property=\"og:image:width\" content=\"1026\" \/>\n\t<meta property=\"og:image:height\" content=\"916\" \/>\n\t<meta property=\"og:image:type\" content=\"image\/jpeg\" \/>\n<meta name=\"author\" content=\"ana_cesen\" \/>\n<meta name=\"twitter:card\" content=\"summary_large_image\" \/>\n<meta name=\"twitter:label1\" content=\"Scritto da\" \/>\n\t<meta name=\"twitter:data1\" content=\"ana_cesen\" \/>\n\t<meta name=\"twitter:label2\" content=\"Tempo di lettura stimato\" \/>\n\t<meta name=\"twitter:data2\" content=\"1 minuto\" \/>\n<script type=\"application\/ld+json\" class=\"yoast-schema-graph\">{\"@context\":\"https:\/\/schema.org\",\"@graph\":[{\"@type\":\"WebPage\",\"@id\":\"https:\/\/novak-m.com\/it\/la-salute-viene-prima-di-tutto\/\",\"url\":\"https:\/\/novak-m.com\/it\/la-salute-viene-prima-di-tutto\/\",\"name\":\"La salute e uno stile di vita sano sono priorit\u00e0 assolute | Novak M\",\"isPartOf\":{\"@id\":\"https:\/\/novak-m.com\/fr\/#website\"},\"primaryImageOfPage\":{\"@id\":\"https:\/\/novak-m.com\/it\/la-salute-viene-prima-di-tutto\/#primaryimage\"},\"image\":{\"@id\":\"https:\/\/novak-m.com\/it\/la-salute-viene-prima-di-tutto\/#primaryimage\"},\"thumbnailUrl\":\"https:\/\/novak-m.com\/wp-content\/uploads\/2020\/06\/cycling_in_the_woods_gen.jpg\",\"datePublished\":\"2020-06-08T06:23:34+00:00\",\"dateModified\":\"2020-07-10T08:05:42+00:00\",\"author\":{\"@id\":\"https:\/\/novak-m.com\/fr\/#\/schema\/person\/f484d4bdbb417bc65e1281ff35734865\"},\"description\":\"La salute deve venire prima di tutto sul lavoro, ecco perch\u00e9 la promozione di uno stile di vita sano \u00e8 una priorit\u00e0 importante per l'azienda Novak M.\",\"breadcrumb\":{\"@id\":\"https:\/\/novak-m.com\/it\/la-salute-viene-prima-di-tutto\/#breadcrumb\"},\"inLanguage\":\"it-IT\",\"potentialAction\":[{\"@type\":\"ReadAction\",\"target\":[\"https:\/\/novak-m.com\/it\/la-salute-viene-prima-di-tutto\/\"]}]},{\"@type\":\"ImageObject\",\"inLanguage\":\"it-IT\",\"@id\":\"https:\/\/novak-m.com\/it\/la-salute-viene-prima-di-tutto\/#primaryimage\",\"url\":\"https:\/\/novak-m.com\/wp-content\/uploads\/2020\/06\/cycling_in_the_woods_gen.jpg\",\"contentUrl\":\"https:\/\/novak-m.com\/wp-content\/uploads\/2020\/06\/cycling_in_the_woods_gen.jpg\",\"width\":1026,\"height\":916,\"caption\":\"Novak M Radsportteam unterwegs\"},{\"@type\":\"BreadcrumbList\",\"@id\":\"https:\/\/novak-m.com\/it\/la-salute-viene-prima-di-tutto\/#breadcrumb\",\"itemListElement\":[{\"@type\":\"ListItem\",\"position\":1,\"name\":\"Home\",\"item\":\"https:\/\/novak-m.com\/it\/home\/\"},{\"@type\":\"ListItem\",\"position\":2,\"name\":\"La salute viene prima di tutto alla Novak M\"}]},{\"@type\":\"WebSite\",\"@id\":\"https:\/\/novak-m.com\/fr\/#website\",\"url\":\"https:\/\/novak-m.com\/fr\/\",\"name\":\"Novak M\",\"description\":\"Novak M | official international webpage | novak-m.com\",\"potentialAction\":[{\"@type\":\"SearchAction\",\"target\":{\"@type\":\"EntryPoint\",\"urlTemplate\":\"https:\/\/novak-m.com\/fr\/?s={search_term_string}\"},\"query-input\":{\"@type\":\"PropertyValueSpecification\",\"valueRequired\":true,\"valueName\":\"search_term_string\"}}],\"inLanguage\":\"it-IT\"},{\"@type\":\"Person\",\"@id\":\"https:\/\/novak-m.com\/fr\/#\/schema\/person\/f484d4bdbb417bc65e1281ff35734865\",\"name\":\"ana_cesen\",\"url\":\"https:\/\/novak-m.com\/it\/author\/ana_cesen\/\"}]}<\/script>\n<!-- \/ Yoast SEO plugin. -->","yoast_head_json":{"title":"La salute e uno stile di vita sano sono priorit\u00e0 assolute | Novak M","description":"La salute deve venire prima di tutto sul lavoro, ecco perch\u00e9 la promozione di uno stile di vita sano \u00e8 una priorit\u00e0 importante per l'azienda Novak M.","robots":{"index":"index","follow":"follow","max-snippet":"max-snippet:-1","max-image-preview":"max-image-preview:large","max-video-preview":"max-video-preview:-1"},"canonical":"https:\/\/novak-m.com\/it\/la-salute-viene-prima-di-tutto\/","og_locale":"it_IT","og_type":"article","og_title":"La salute e uno stile di vita sano sono priorit\u00e0 assolute | Novak M","og_description":"La salute deve venire prima di tutto sul lavoro, ecco perch\u00e9 la promozione di uno stile di vita sano \u00e8 una priorit\u00e0 importante per l'azienda Novak M.","og_url":"https:\/\/novak-m.com\/it\/la-salute-viene-prima-di-tutto\/","og_site_name":"Novak-M","article_published_time":"2020-06-08T06:23:34+00:00","article_modified_time":"2020-07-10T08:05:42+00:00","og_image":[{"width":1026,"height":916,"url":"https:\/\/novak-m.com\/wp-content\/uploads\/2020\/06\/cycling_in_the_woods_gen.jpg","type":"image\/jpeg"}],"author":"ana_cesen","twitter_card":"summary_large_image","twitter_misc":{"Scritto da":"ana_cesen","Tempo di lettura stimato":"1 minuto"},"schema":{"@context":"https:\/\/schema.org","@graph":[{"@type":"WebPage","@id":"https:\/\/novak-m.com\/it\/la-salute-viene-prima-di-tutto\/","url":"https:\/\/novak-m.com\/it\/la-salute-viene-prima-di-tutto\/","name":"La salute e uno stile di vita sano sono priorit\u00e0 assolute | Novak M","isPartOf":{"@id":"https:\/\/novak-m.com\/fr\/#website"},"primaryImageOfPage":{"@id":"https:\/\/novak-m.com\/it\/la-salute-viene-prima-di-tutto\/#primaryimage"},"image":{"@id":"https:\/\/novak-m.com\/it\/la-salute-viene-prima-di-tutto\/#primaryimage"},"thumbnailUrl":"https:\/\/novak-m.com\/wp-content\/uploads\/2020\/06\/cycling_in_the_woods_gen.jpg","datePublished":"2020-06-08T06:23:34+00:00","dateModified":"2020-07-10T08:05:42+00:00","author":{"@id":"https:\/\/novak-m.com\/fr\/#\/schema\/person\/f484d4bdbb417bc65e1281ff35734865"},"description":"La salute deve venire prima di tutto sul lavoro, ecco perch\u00e9 la promozione di uno stile di vita sano \u00e8 una priorit\u00e0 importante per l'azienda Novak M.","breadcrumb":{"@id":"https:\/\/novak-m.com\/it\/la-salute-viene-prima-di-tutto\/#breadcrumb"},"inLanguage":"it-IT","potentialAction":[{"@type":"ReadAction","target":["https:\/\/novak-m.com\/it\/la-salute-viene-prima-di-tutto\/"]}]},{"@type":"ImageObject","inLanguage":"it-IT","@id":"https:\/\/novak-m.com\/it\/la-salute-viene-prima-di-tutto\/#primaryimage","url":"https:\/\/novak-m.com\/wp-content\/uploads\/2020\/06\/cycling_in_the_woods_gen.jpg","contentUrl":"https:\/\/novak-m.com\/wp-content\/uploads\/2020\/06\/cycling_in_the_woods_gen.jpg","width":1026,"height":916,"caption":"Novak M Radsportteam unterwegs"},{"@type":"BreadcrumbList","@id":"https:\/\/novak-m.com\/it\/la-salute-viene-prima-di-tutto\/#breadcrumb","itemListElement":[{"@type":"ListItem","position":1,"name":"Home","item":"https:\/\/novak-m.com\/it\/home\/"},{"@type":"ListItem","position":2,"name":"La salute viene prima di tutto alla Novak M"}]},{"@type":"WebSite","@id":"https:\/\/novak-m.com\/fr\/#website","url":"https:\/\/novak-m.com\/fr\/","name":"Novak M","description":"Novak M | official international webpage | novak-m.com","potentialAction":[{"@type":"SearchAction","target":{"@type":"EntryPoint","urlTemplate":"https:\/\/novak-m.com\/fr\/?s={search_term_string}"},"query-input":{"@type":"PropertyValueSpecification","valueRequired":true,"valueName":"search_term_string"}}],"inLanguage":"it-IT"},{"@type":"Person","@id":"https:\/\/novak-m.com\/fr\/#\/schema\/person\/f484d4bdbb417bc65e1281ff35734865","name":"ana_cesen","url":"https:\/\/novak-m.com\/it\/author\/ana_cesen\/"}]}},"_links":{"self":[{"href":"https:\/\/novak-m.com\/it\/wp-json\/wp\/v2\/posts\/41092","targetHints":{"allow":["GET"]}}],"collection":[{"href":"https:\/\/novak-m.com\/it\/wp-json\/wp\/v2\/posts"}],"about":[{"href":"https:\/\/novak-m.com\/it\/wp-json\/wp\/v2\/types\/post"}],"author":[{"embeddable":true,"href":"https:\/\/novak-m.com\/it\/wp-json\/wp\/v2\/users\/5"}],"replies":[{"embeddable":true,"href":"https:\/\/novak-m.com\/it\/wp-json\/wp\/v2\/comments?post=41092"}],"version-history":[{"count":0,"href":"https:\/\/novak-m.com\/it\/wp-json\/wp\/v2\/posts\/41092\/revisions"}],"wp:featuredmedia":[{"embeddable":true,"href":"https:\/\/novak-m.com\/it\/wp-json\/wp\/v2\/media\/40932"}],"wp:attachment":[{"href":"https:\/\/novak-m.com\/it\/wp-json\/wp\/v2\/media?parent=41092"}],"wp:term":[{"taxonomy":"category","embeddable":true,"href":"https:\/\/novak-m.com\/it\/wp-json\/wp\/v2\/categories?post=41092"},{"taxonomy":"post_tag","embeddable":true,"href":"https:\/\/novak-m.com\/it\/wp-json\/wp\/v2\/tags?post=41092"}],"curies":[{"name":"wp","href":"https:\/\/api.w.org\/{rel}","templated":true}]}}