{"id":91532,"date":"2024-02-26T08:57:54","date_gmt":"2024-02-26T07:57:54","guid":{"rendered":"https:\/\/www.novak-m.com\/?p=91532"},"modified":"2024-03-18T08:59:59","modified_gmt":"2024-03-18T07:59:59","slug":"ponovo-na-biciklima","status":"publish","type":"post","link":"https:\/\/novak-m.com\/hr\/ponovo-na-biciklima\/","title":{"rendered":"Ponovo na biciklima"},"content":{"rendered":"<h2>Otvaranje sezone<\/h2>\n<p>Iako zima slu\u017ebeno jo\u0161 nije zavr\u0161ila, vrijeme je proljetno toplo. Na\u0161i entuzijasti\u010dni biciklisti iskoristili su lijepi vikend i krenuli na svoju prvu ovogodi\u0161nju grupnu rutu jugoistokom na\u0161e zemlje.<\/p>\n<p><img loading=\"lazy\" decoding=\"async\" class=\"alignnone size-full wp-image-91494\" src=\"https:\/\/novak-m.com\/wp-content\/uploads\/2024\/02\/Novak-M-1.-kolesarska-tura_1-e1708503545529.webp\" alt=\"\" width=\"602\" height=\"277\" srcset=\"https:\/\/novak-m.com\/wp-content\/uploads\/2024\/02\/Novak-M-1.-kolesarska-tura_1-e1708503545529.webp 602w, https:\/\/novak-m.com\/wp-content\/uploads\/2024\/02\/Novak-M-1.-kolesarska-tura_1-e1708503545529-300x138.webp 300w, https:\/\/novak-m.com\/wp-content\/uploads\/2024\/02\/Novak-M-1.-kolesarska-tura_1-e1708503545529-600x276.webp 600w, https:\/\/novak-m.com\/wp-content\/uploads\/2024\/02\/Novak-M-1.-kolesarska-tura_1-e1708503545529-261x120.webp 261w\" sizes=\"auto, (max-width: 602px) 100vw, 602px\" \/><\/p>\n<h2>66 km za po\u010detak<\/h2>\n<p>Svoju kru\u017enu rutu dugu 66 km zapo\u010deli su u \u010crnomlju i krenuli prema rijeci Kolpi. Za otvaranje sezone odabrali su prili\u010dno zahtjevnu rutu i napravili oko 1100 metara uspona. Vi\u0161e od pola puta pratili su tok rijeke Kolpe, od Adle\u0161i\u0107a, Vinice do Starog trga pri Kolpi. Tu su se odvojili od rijeke i vratili na po\u010detnu to\u010dku.<\/p>\n<p><img loading=\"lazy\" decoding=\"async\" class=\"alignnone size-full wp-image-91501\" src=\"https:\/\/novak-m.com\/wp-content\/uploads\/2024\/02\/Novak-M-1.-kolesarska-tura_2.webp\" alt=\"\" width=\"602\" height=\"388\" data-wp-editing=\"1\" srcset=\"https:\/\/novak-m.com\/wp-content\/uploads\/2024\/02\/Novak-M-1.-kolesarska-tura_2.webp 602w, https:\/\/novak-m.com\/wp-content\/uploads\/2024\/02\/Novak-M-1.-kolesarska-tura_2-300x193.webp 300w, https:\/\/novak-m.com\/wp-content\/uploads\/2024\/02\/Novak-M-1.-kolesarska-tura_2-600x387.webp 600w, https:\/\/novak-m.com\/wp-content\/uploads\/2024\/02\/Novak-M-1.-kolesarska-tura_2-186x120.webp 186w\" sizes=\"auto, (max-width: 602px) 100vw, 602px\" \/><\/p>\n<h2>Na cesti<\/h2>\n<p>Prazne ceste, usponi i nizbrdice, zavoji i toplo sunce. Bolje uvjete nisu mogli po\u017eeljeti. Naravno, iskustvo ne bi bilo potpuno bez barem malo natjecateljskog duha: tko je bio prvi na tom i tom usponu, tko je imao najve\u0107u brzinu na spustu, kome je trebao dodatni poticaj Haribo bombonima. O tim i drugim temama zadovoljno su razgovarali za vrijeme ru\u010dka, obilje\u017eavaju\u0107i kraj svojeg prvog ovogodi\u0161njeg treninga.<\/p>\n<p><img loading=\"lazy\" decoding=\"async\" class=\"alignnone size-full wp-image-91508\" src=\"https:\/\/novak-m.com\/wp-content\/uploads\/2024\/02\/Novak-M-1.-kolesarska-tura_3.webp\" alt=\"\" width=\"602\" height=\"388\" srcset=\"https:\/\/novak-m.com\/wp-content\/uploads\/2024\/02\/Novak-M-1.-kolesarska-tura_3.webp 602w, https:\/\/novak-m.com\/wp-content\/uploads\/2024\/02\/Novak-M-1.-kolesarska-tura_3-300x193.webp 300w, https:\/\/novak-m.com\/wp-content\/uploads\/2024\/02\/Novak-M-1.-kolesarska-tura_3-600x387.webp 600w, https:\/\/novak-m.com\/wp-content\/uploads\/2024\/02\/Novak-M-1.-kolesarska-tura_3-186x120.webp 186w\" sizes=\"auto, (max-width: 602px) 100vw, 602px\" \/><\/p>\n<p>Ove \u0107emo godine sigurno \u010duti vi\u0161e o njihovim izazovima i postignu\u0107ima!<\/p>\n<div style='text-align:center;' class='ow_post_button'><a target='_self' href='https:\/\/novak-m.com\/hr\/kontakt\/'>KONtaktirajte nas<\/a><\/div>\n","protected":false},"excerpt":{"rendered":"<p>Ugodne proljetne temperature nisu izmamile samo visibabe, ve\u0107 i na\u0161e bicikliste. <\/p>\n","protected":false},"author":5,"featured_media":91509,"comment_status":"closed","ping_status":"closed","sticky":false,"template":"","format":"standard","meta":{"_acf_changed":false,"footnotes":""},"categories":[479],"tags":[],"class_list":["post-91532","post","type-post","status-publish","format-standard","has-post-thumbnail","hentry","category-vijesti"],"acf":[],"yoast_head":"<!-- This site is optimized with the Yoast SEO plugin v25.5 - https:\/\/yoast.com\/wordpress\/plugins\/seo\/ -->\n<title>Ponovo na biciklima | Novak M<\/title>\n<meta name=\"description\" content=\"Novak M biciklisti iskoristili su lijepi vikend i krenuli na svoju prvu ovogodi\u0161nju grupnu rutu. \u010citajte vi\u0161e.\" \/>\n<meta name=\"robots\" content=\"index, follow, max-snippet:-1, max-image-preview:large, max-video-preview:-1\" \/>\n<link rel=\"canonical\" href=\"https:\/\/novak-m.com\/hr\/ponovo-na-biciklima\/\" \/>\n<meta property=\"og:locale\" content=\"hr_HR\" \/>\n<meta property=\"og:type\" content=\"article\" \/>\n<meta property=\"og:title\" content=\"Ponovo na biciklima | Novak M\" \/>\n<meta property=\"og:description\" content=\"Novak M biciklisti iskoristili su lijepi vikend i krenuli na svoju prvu ovogodi\u0161nju grupnu rutu. \u010citajte vi\u0161e.\" \/>\n<meta property=\"og:url\" content=\"https:\/\/novak-m.com\/hr\/ponovo-na-biciklima\/\" \/>\n<meta property=\"og:site_name\" content=\"Novak-M\" \/>\n<meta property=\"article:published_time\" content=\"2024-02-26T07:57:54+00:00\" \/>\n<meta property=\"article:modified_time\" content=\"2024-03-18T07:59:59+00:00\" \/>\n<meta property=\"og:image\" content=\"https:\/\/novak-m.com\/wp-content\/uploads\/2024\/02\/Novak-M-1.-kolesarska-tura_fb.webp\" \/>\n\t<meta property=\"og:image:width\" content=\"1200\" \/>\n\t<meta property=\"og:image:height\" content=\"630\" \/>\n\t<meta property=\"og:image:type\" content=\"image\/webp\" \/>\n<meta name=\"author\" content=\"ana_cesen\" \/>\n<meta name=\"twitter:card\" content=\"summary_large_image\" \/>\n<meta name=\"twitter:label1\" content=\"Written by\" \/>\n\t<meta name=\"twitter:data1\" content=\"ana_cesen\" \/>\n\t<meta name=\"twitter:label2\" content=\"Est. reading time\" \/>\n\t<meta name=\"twitter:data2\" content=\"2 minutes\" \/>\n<script type=\"application\/ld+json\" class=\"yoast-schema-graph\">{\"@context\":\"https:\/\/schema.org\",\"@graph\":[{\"@type\":\"WebPage\",\"@id\":\"https:\/\/novak-m.com\/hr\/ponovo-na-biciklima\/\",\"url\":\"https:\/\/novak-m.com\/hr\/ponovo-na-biciklima\/\",\"name\":\"Ponovo na biciklima | Novak M\",\"isPartOf\":{\"@id\":\"https:\/\/novak-m.com\/fr\/#website\"},\"primaryImageOfPage\":{\"@id\":\"https:\/\/novak-m.com\/hr\/ponovo-na-biciklima\/#primaryimage\"},\"image\":{\"@id\":\"https:\/\/novak-m.com\/hr\/ponovo-na-biciklima\/#primaryimage\"},\"thumbnailUrl\":\"https:\/\/novak-m.com\/wp-content\/uploads\/2024\/02\/Novak-M-1.-kolesarska-tura_3.webp\",\"datePublished\":\"2024-02-26T07:57:54+00:00\",\"dateModified\":\"2024-03-18T07:59:59+00:00\",\"author\":{\"@id\":\"https:\/\/novak-m.com\/fr\/#\/schema\/person\/f484d4bdbb417bc65e1281ff35734865\"},\"description\":\"Novak M biciklisti iskoristili su lijepi vikend i krenuli na svoju prvu ovogodi\u0161nju grupnu rutu. \u010citajte vi\u0161e.\",\"breadcrumb\":{\"@id\":\"https:\/\/novak-m.com\/hr\/ponovo-na-biciklima\/#breadcrumb\"},\"inLanguage\":\"hr-HR\",\"potentialAction\":[{\"@type\":\"ReadAction\",\"target\":[\"https:\/\/novak-m.com\/hr\/ponovo-na-biciklima\/\"]}]},{\"@type\":\"ImageObject\",\"inLanguage\":\"hr-HR\",\"@id\":\"https:\/\/novak-m.com\/hr\/ponovo-na-biciklima\/#primaryimage\",\"url\":\"https:\/\/novak-m.com\/wp-content\/uploads\/2024\/02\/Novak-M-1.-kolesarska-tura_3.webp\",\"contentUrl\":\"https:\/\/novak-m.com\/wp-content\/uploads\/2024\/02\/Novak-M-1.-kolesarska-tura_3.webp\",\"width\":602,\"height\":388,\"caption\":\"ciklisti se penjaju\"},{\"@type\":\"BreadcrumbList\",\"@id\":\"https:\/\/novak-m.com\/hr\/ponovo-na-biciklima\/#breadcrumb\",\"itemListElement\":[{\"@type\":\"ListItem\",\"position\":1,\"name\":\"Home\",\"item\":\"https:\/\/novak-m.com\/hr\/home\/\"},{\"@type\":\"ListItem\",\"position\":2,\"name\":\"Ponovo na biciklima\"}]},{\"@type\":\"WebSite\",\"@id\":\"https:\/\/novak-m.com\/fr\/#website\",\"url\":\"https:\/\/novak-m.com\/fr\/\",\"name\":\"Novak M\",\"description\":\"Novak M | official international webpage | novak-m.com\",\"potentialAction\":[{\"@type\":\"SearchAction\",\"target\":{\"@type\":\"EntryPoint\",\"urlTemplate\":\"https:\/\/novak-m.com\/fr\/?s={search_term_string}\"},\"query-input\":{\"@type\":\"PropertyValueSpecification\",\"valueRequired\":true,\"valueName\":\"search_term_string\"}}],\"inLanguage\":\"hr-HR\"},{\"@type\":\"Person\",\"@id\":\"https:\/\/novak-m.com\/fr\/#\/schema\/person\/f484d4bdbb417bc65e1281ff35734865\",\"name\":\"ana_cesen\",\"url\":\"https:\/\/novak-m.com\/hr\/author\/ana_cesen\/\"}]}<\/script>\n<!-- \/ Yoast SEO plugin. -->","yoast_head_json":{"title":"Ponovo na biciklima | Novak M","description":"Novak M biciklisti iskoristili su lijepi vikend i krenuli na svoju prvu ovogodi\u0161nju grupnu rutu. \u010citajte vi\u0161e.","robots":{"index":"index","follow":"follow","max-snippet":"max-snippet:-1","max-image-preview":"max-image-preview:large","max-video-preview":"max-video-preview:-1"},"canonical":"https:\/\/novak-m.com\/hr\/ponovo-na-biciklima\/","og_locale":"hr_HR","og_type":"article","og_title":"Ponovo na biciklima | Novak M","og_description":"Novak M biciklisti iskoristili su lijepi vikend i krenuli na svoju prvu ovogodi\u0161nju grupnu rutu. \u010citajte vi\u0161e.","og_url":"https:\/\/novak-m.com\/hr\/ponovo-na-biciklima\/","og_site_name":"Novak-M","article_published_time":"2024-02-26T07:57:54+00:00","article_modified_time":"2024-03-18T07:59:59+00:00","og_image":[{"width":1200,"height":630,"url":"https:\/\/novak-m.com\/wp-content\/uploads\/2024\/02\/Novak-M-1.-kolesarska-tura_fb.webp","type":"image\/webp"}],"author":"ana_cesen","twitter_card":"summary_large_image","twitter_misc":{"Written by":"ana_cesen","Est. reading time":"2 minutes"},"schema":{"@context":"https:\/\/schema.org","@graph":[{"@type":"WebPage","@id":"https:\/\/novak-m.com\/hr\/ponovo-na-biciklima\/","url":"https:\/\/novak-m.com\/hr\/ponovo-na-biciklima\/","name":"Ponovo na biciklima | Novak M","isPartOf":{"@id":"https:\/\/novak-m.com\/fr\/#website"},"primaryImageOfPage":{"@id":"https:\/\/novak-m.com\/hr\/ponovo-na-biciklima\/#primaryimage"},"image":{"@id":"https:\/\/novak-m.com\/hr\/ponovo-na-biciklima\/#primaryimage"},"thumbnailUrl":"https:\/\/novak-m.com\/wp-content\/uploads\/2024\/02\/Novak-M-1.-kolesarska-tura_3.webp","datePublished":"2024-02-26T07:57:54+00:00","dateModified":"2024-03-18T07:59:59+00:00","author":{"@id":"https:\/\/novak-m.com\/fr\/#\/schema\/person\/f484d4bdbb417bc65e1281ff35734865"},"description":"Novak M biciklisti iskoristili su lijepi vikend i krenuli na svoju prvu ovogodi\u0161nju grupnu rutu. \u010citajte vi\u0161e.","breadcrumb":{"@id":"https:\/\/novak-m.com\/hr\/ponovo-na-biciklima\/#breadcrumb"},"inLanguage":"hr-HR","potentialAction":[{"@type":"ReadAction","target":["https:\/\/novak-m.com\/hr\/ponovo-na-biciklima\/"]}]},{"@type":"ImageObject","inLanguage":"hr-HR","@id":"https:\/\/novak-m.com\/hr\/ponovo-na-biciklima\/#primaryimage","url":"https:\/\/novak-m.com\/wp-content\/uploads\/2024\/02\/Novak-M-1.-kolesarska-tura_3.webp","contentUrl":"https:\/\/novak-m.com\/wp-content\/uploads\/2024\/02\/Novak-M-1.-kolesarska-tura_3.webp","width":602,"height":388,"caption":"ciklisti se penjaju"},{"@type":"BreadcrumbList","@id":"https:\/\/novak-m.com\/hr\/ponovo-na-biciklima\/#breadcrumb","itemListElement":[{"@type":"ListItem","position":1,"name":"Home","item":"https:\/\/novak-m.com\/hr\/home\/"},{"@type":"ListItem","position":2,"name":"Ponovo na biciklima"}]},{"@type":"WebSite","@id":"https:\/\/novak-m.com\/fr\/#website","url":"https:\/\/novak-m.com\/fr\/","name":"Novak M","description":"Novak M | official international webpage | novak-m.com","potentialAction":[{"@type":"SearchAction","target":{"@type":"EntryPoint","urlTemplate":"https:\/\/novak-m.com\/fr\/?s={search_term_string}"},"query-input":{"@type":"PropertyValueSpecification","valueRequired":true,"valueName":"search_term_string"}}],"inLanguage":"hr-HR"},{"@type":"Person","@id":"https:\/\/novak-m.com\/fr\/#\/schema\/person\/f484d4bdbb417bc65e1281ff35734865","name":"ana_cesen","url":"https:\/\/novak-m.com\/hr\/author\/ana_cesen\/"}]}},"_links":{"self":[{"href":"https:\/\/novak-m.com\/hr\/wp-json\/wp\/v2\/posts\/91532","targetHints":{"allow":["GET"]}}],"collection":[{"href":"https:\/\/novak-m.com\/hr\/wp-json\/wp\/v2\/posts"}],"about":[{"href":"https:\/\/novak-m.com\/hr\/wp-json\/wp\/v2\/types\/post"}],"author":[{"embeddable":true,"href":"https:\/\/novak-m.com\/hr\/wp-json\/wp\/v2\/users\/5"}],"replies":[{"embeddable":true,"href":"https:\/\/novak-m.com\/hr\/wp-json\/wp\/v2\/comments?post=91532"}],"version-history":[{"count":0,"href":"https:\/\/novak-m.com\/hr\/wp-json\/wp\/v2\/posts\/91532\/revisions"}],"wp:featuredmedia":[{"embeddable":true,"href":"https:\/\/novak-m.com\/hr\/wp-json\/wp\/v2\/media\/91509"}],"wp:attachment":[{"href":"https:\/\/novak-m.com\/hr\/wp-json\/wp\/v2\/media?parent=91532"}],"wp:term":[{"taxonomy":"category","embeddable":true,"href":"https:\/\/novak-m.com\/hr\/wp-json\/wp\/v2\/categories?post=91532"},{"taxonomy":"post_tag","embeddable":true,"href":"https:\/\/novak-m.com\/hr\/wp-json\/wp\/v2\/tags?post=91532"}],"curies":[{"name":"wp","href":"https:\/\/api.w.org\/{rel}","templated":true}]}}