{"id":91250,"date":"2024-02-12T11:37:57","date_gmt":"2024-02-12T10:37:57","guid":{"rendered":"https:\/\/www.novak-m.com\/?p=91250"},"modified":"2024-11-18T10:08:52","modified_gmt":"2024-11-18T09:08:52","slug":"novak-m-obljetnica","status":"publish","type":"post","link":"https:\/\/novak-m.com\/hr\/novak-m-obljetnica\/","title":{"rendered":"Na po\u010detku | Novak M ve\u0107 45 godina"},"content":{"rendered":"<h2>Potrebna je hrabrost da se zakora\u010di u ne\u0161to novo<\/h2>\n<p>Pri\u010du tvrtke Novak M gradimo ve\u0107 od <strong>1979. godine<\/strong>. Tada su <strong>Bojan Novak<\/strong> i <strong>Janez Blaznik<\/strong> po\u010deli u doma\u0107oj gara\u017ei provoditi svoje ideje u djelo. Iako su se u samom po\u010detku time bavili samo u sklopu dopunske djelatnosti, ubrzo su shvatili da \u0107e imati puno vi\u0161e posla. Stoga su otvorili <strong>metalnu galanteriju NOBL<\/strong>, a ve\u0107 nakon godinu dana preselili su se iz gara\u017ee u ve\u0107u doma\u0107u radionicu.<\/p>\n<h2>Vremena su tada bila druga\u010dija<\/h2>\n<p>Uvoz u Sloveniju bio je prili\u010dno ograni\u010den. Slovenskim tvrtkama nedostajali su materijali i proizvodi koji su ve\u0107 bili dostupni na stranim tr\u017ei\u0161tima. <strong>\u00bbTada je bio problem napraviti neki proizvod, a ne prodati ga\u00ab,<\/strong> kazao je Bojan Novak koji je i dan-danas uvjeren da svatko mo\u017ee uspjeti ako je snala\u017eljiv i vje\u0161t.<\/p>\n<h2>Pratimo potrebe kupaca<\/h2>\n<p>Unutar medicinskog podru\u010dja postojala je potra\u017enja za proizvodima koji se nisu mogli naru\u010diti na tr\u017ei\u0161tu. \u201eZdravstvenim ustanovama trebala je oprema za u\u010dinkovito obavljanje djelatnosti. Izrazili su svoje zahtjeve i krenuli smo s razvojem, proizvodnjom i prodajom raznih jednostavnih proizvoda kao \u0161to su ko\u0161are za stakleni pribor, dr\u017ea\u010di za epruvete i mali laboratorijski pribor. No ubrzo se asortiman proizvoda pro\u0161irio i iz proizvodnje su iza\u0161la prva kolica, pregledni stolovi, bolni\u010dke kolijevke i dje\u010dji bolni\u010dki kreveti.\u201d<\/p>\n<h2>Vrijednosti ostaju iste<\/h2>\n<p>Ve\u0107 su tada bile va\u017ene glavne vrijednosti rastu\u0107e tvrtke poput <strong>hrabrosti, marljivosti<\/strong> i <strong>po\u0161tenja<\/strong>, a \u0161to se i dan-danas ogleda u odnosima me\u0111u zaposlenicima i u brojnim zadovoljnim klijentima u Sloveniji i diljem svijeta.<\/p>\n<div style='text-align:center;' class='ow_post_button'><a target='_self' href='https:\/\/g.page\/r\/CWkQ0A0ezi21EBM\/review'>CIJENIMO VA\u0160E MI\u0160LJENJE<\/a><\/div>\n","protected":false},"excerpt":{"rendered":"<p>Na\u0161a obiteljska tvrtka ove godine slavi 45 godina postojanja. Sa zadovoljstvom mo\u017eemo re\u0107i da su tih 45 godina obilje\u017eili uspje\u0161an razvoj, proizvodnja i prodaja industrijski dizajniranih medicinskih proizvoda visoke kvalitete.<\/p>\n","protected":false},"author":5,"featured_media":91266,"comment_status":"closed","ping_status":"closed","sticky":false,"template":"","format":"standard","meta":{"_acf_changed":false,"footnotes":""},"categories":[479],"tags":[],"class_list":["post-91250","post","type-post","status-publish","format-standard","has-post-thumbnail","hentry","category-vijesti"],"acf":[],"yoast_head":"<!-- This site is optimized with the Yoast SEO plugin v25.5 - https:\/\/yoast.com\/wordpress\/plugins\/seo\/ -->\n<title>Na po\u010detku \u2502 Novak M ve\u0107 45 god<\/title>\n<meta name=\"description\" content=\"Sa zadovoljstvom mo\u017eemo re\u0107i da su tih 45 godina obilje\u017eili uspje\u0161an razvoj, proizvodnja i prodaja medicinskih proizvoda.\" \/>\n<meta name=\"robots\" content=\"index, follow, max-snippet:-1, max-image-preview:large, max-video-preview:-1\" \/>\n<link rel=\"canonical\" href=\"https:\/\/novak-m.com\/hr\/novak-m-obljetnica\/\" \/>\n<meta property=\"og:locale\" content=\"hr_HR\" \/>\n<meta property=\"og:type\" content=\"article\" \/>\n<meta property=\"og:title\" content=\"Na po\u010detku \u2502 Novak M ve\u0107 45 god\" \/>\n<meta property=\"og:description\" content=\"Sa zadovoljstvom mo\u017eemo re\u0107i da su tih 45 godina obilje\u017eili uspje\u0161an razvoj, proizvodnja i prodaja medicinskih proizvoda.\" \/>\n<meta property=\"og:url\" content=\"https:\/\/novak-m.com\/hr\/novak-m-obljetnica\/\" \/>\n<meta property=\"og:site_name\" content=\"Novak-M\" \/>\n<meta property=\"article:published_time\" content=\"2024-02-12T10:37:57+00:00\" \/>\n<meta property=\"article:modified_time\" content=\"2024-11-18T09:08:52+00:00\" \/>\n<meta property=\"og:image\" content=\"https:\/\/novak-m.com\/wp-content\/uploads\/2024\/02\/slika1.webp\" \/>\n\t<meta property=\"og:image:width\" content=\"1200\" \/>\n\t<meta property=\"og:image:height\" content=\"1075\" \/>\n\t<meta property=\"og:image:type\" content=\"image\/webp\" \/>\n<meta name=\"author\" content=\"ana_cesen\" \/>\n<meta name=\"twitter:card\" content=\"summary_large_image\" \/>\n<meta name=\"twitter:label1\" content=\"Written by\" \/>\n\t<meta name=\"twitter:data1\" content=\"ana_cesen\" \/>\n\t<meta name=\"twitter:label2\" content=\"Est. reading time\" \/>\n\t<meta name=\"twitter:data2\" content=\"2 minutes\" \/>\n<script type=\"application\/ld+json\" class=\"yoast-schema-graph\">{\"@context\":\"https:\/\/schema.org\",\"@graph\":[{\"@type\":\"WebPage\",\"@id\":\"https:\/\/novak-m.com\/hr\/novak-m-obljetnica\/\",\"url\":\"https:\/\/novak-m.com\/hr\/novak-m-obljetnica\/\",\"name\":\"Na po\u010detku \u2502 Novak M ve\u0107 45 god\",\"isPartOf\":{\"@id\":\"https:\/\/novak-m.com\/fr\/#website\"},\"primaryImageOfPage\":{\"@id\":\"https:\/\/novak-m.com\/hr\/novak-m-obljetnica\/#primaryimage\"},\"image\":{\"@id\":\"https:\/\/novak-m.com\/hr\/novak-m-obljetnica\/#primaryimage\"},\"thumbnailUrl\":\"https:\/\/novak-m.com\/wp-content\/uploads\/2024\/02\/slika1.webp\",\"datePublished\":\"2024-02-12T10:37:57+00:00\",\"dateModified\":\"2024-11-18T09:08:52+00:00\",\"author\":{\"@id\":\"https:\/\/novak-m.com\/fr\/#\/schema\/person\/f484d4bdbb417bc65e1281ff35734865\"},\"description\":\"Sa zadovoljstvom mo\u017eemo re\u0107i da su tih 45 godina obilje\u017eili uspje\u0161an razvoj, proizvodnja i prodaja medicinskih proizvoda.\",\"breadcrumb\":{\"@id\":\"https:\/\/novak-m.com\/hr\/novak-m-obljetnica\/#breadcrumb\"},\"inLanguage\":\"hr-HR\",\"potentialAction\":[{\"@type\":\"ReadAction\",\"target\":[\"https:\/\/novak-m.com\/hr\/novak-m-obljetnica\/\"]}]},{\"@type\":\"ImageObject\",\"inLanguage\":\"hr-HR\",\"@id\":\"https:\/\/novak-m.com\/hr\/novak-m-obljetnica\/#primaryimage\",\"url\":\"https:\/\/novak-m.com\/wp-content\/uploads\/2024\/02\/slika1.webp\",\"contentUrl\":\"https:\/\/novak-m.com\/wp-content\/uploads\/2024\/02\/slika1.webp\",\"width\":1200,\"height\":1075,\"caption\":\"po\u010detni proizvodi novak m\"},{\"@type\":\"BreadcrumbList\",\"@id\":\"https:\/\/novak-m.com\/hr\/novak-m-obljetnica\/#breadcrumb\",\"itemListElement\":[{\"@type\":\"ListItem\",\"position\":1,\"name\":\"Home\",\"item\":\"https:\/\/novak-m.com\/hr\/home\/\"},{\"@type\":\"ListItem\",\"position\":2,\"name\":\"Na po\u010detku | Novak M ve\u0107 45 godina\"}]},{\"@type\":\"WebSite\",\"@id\":\"https:\/\/novak-m.com\/fr\/#website\",\"url\":\"https:\/\/novak-m.com\/fr\/\",\"name\":\"Novak M\",\"description\":\"Novak M | official international webpage | novak-m.com\",\"potentialAction\":[{\"@type\":\"SearchAction\",\"target\":{\"@type\":\"EntryPoint\",\"urlTemplate\":\"https:\/\/novak-m.com\/fr\/?s={search_term_string}\"},\"query-input\":{\"@type\":\"PropertyValueSpecification\",\"valueRequired\":true,\"valueName\":\"search_term_string\"}}],\"inLanguage\":\"hr-HR\"},{\"@type\":\"Person\",\"@id\":\"https:\/\/novak-m.com\/fr\/#\/schema\/person\/f484d4bdbb417bc65e1281ff35734865\",\"name\":\"ana_cesen\",\"url\":\"https:\/\/novak-m.com\/hr\/author\/ana_cesen\/\"}]}<\/script>\n<!-- \/ Yoast SEO plugin. -->","yoast_head_json":{"title":"Na po\u010detku \u2502 Novak M ve\u0107 45 god","description":"Sa zadovoljstvom mo\u017eemo re\u0107i da su tih 45 godina obilje\u017eili uspje\u0161an razvoj, proizvodnja i prodaja medicinskih proizvoda.","robots":{"index":"index","follow":"follow","max-snippet":"max-snippet:-1","max-image-preview":"max-image-preview:large","max-video-preview":"max-video-preview:-1"},"canonical":"https:\/\/novak-m.com\/hr\/novak-m-obljetnica\/","og_locale":"hr_HR","og_type":"article","og_title":"Na po\u010detku \u2502 Novak M ve\u0107 45 god","og_description":"Sa zadovoljstvom mo\u017eemo re\u0107i da su tih 45 godina obilje\u017eili uspje\u0161an razvoj, proizvodnja i prodaja medicinskih proizvoda.","og_url":"https:\/\/novak-m.com\/hr\/novak-m-obljetnica\/","og_site_name":"Novak-M","article_published_time":"2024-02-12T10:37:57+00:00","article_modified_time":"2024-11-18T09:08:52+00:00","og_image":[{"width":1200,"height":1075,"url":"https:\/\/novak-m.com\/wp-content\/uploads\/2024\/02\/slika1.webp","type":"image\/webp"}],"author":"ana_cesen","twitter_card":"summary_large_image","twitter_misc":{"Written by":"ana_cesen","Est. reading time":"2 minutes"},"schema":{"@context":"https:\/\/schema.org","@graph":[{"@type":"WebPage","@id":"https:\/\/novak-m.com\/hr\/novak-m-obljetnica\/","url":"https:\/\/novak-m.com\/hr\/novak-m-obljetnica\/","name":"Na po\u010detku \u2502 Novak M ve\u0107 45 god","isPartOf":{"@id":"https:\/\/novak-m.com\/fr\/#website"},"primaryImageOfPage":{"@id":"https:\/\/novak-m.com\/hr\/novak-m-obljetnica\/#primaryimage"},"image":{"@id":"https:\/\/novak-m.com\/hr\/novak-m-obljetnica\/#primaryimage"},"thumbnailUrl":"https:\/\/novak-m.com\/wp-content\/uploads\/2024\/02\/slika1.webp","datePublished":"2024-02-12T10:37:57+00:00","dateModified":"2024-11-18T09:08:52+00:00","author":{"@id":"https:\/\/novak-m.com\/fr\/#\/schema\/person\/f484d4bdbb417bc65e1281ff35734865"},"description":"Sa zadovoljstvom mo\u017eemo re\u0107i da su tih 45 godina obilje\u017eili uspje\u0161an razvoj, proizvodnja i prodaja medicinskih proizvoda.","breadcrumb":{"@id":"https:\/\/novak-m.com\/hr\/novak-m-obljetnica\/#breadcrumb"},"inLanguage":"hr-HR","potentialAction":[{"@type":"ReadAction","target":["https:\/\/novak-m.com\/hr\/novak-m-obljetnica\/"]}]},{"@type":"ImageObject","inLanguage":"hr-HR","@id":"https:\/\/novak-m.com\/hr\/novak-m-obljetnica\/#primaryimage","url":"https:\/\/novak-m.com\/wp-content\/uploads\/2024\/02\/slika1.webp","contentUrl":"https:\/\/novak-m.com\/wp-content\/uploads\/2024\/02\/slika1.webp","width":1200,"height":1075,"caption":"po\u010detni proizvodi novak m"},{"@type":"BreadcrumbList","@id":"https:\/\/novak-m.com\/hr\/novak-m-obljetnica\/#breadcrumb","itemListElement":[{"@type":"ListItem","position":1,"name":"Home","item":"https:\/\/novak-m.com\/hr\/home\/"},{"@type":"ListItem","position":2,"name":"Na po\u010detku | Novak M ve\u0107 45 godina"}]},{"@type":"WebSite","@id":"https:\/\/novak-m.com\/fr\/#website","url":"https:\/\/novak-m.com\/fr\/","name":"Novak M","description":"Novak M | official international webpage | novak-m.com","potentialAction":[{"@type":"SearchAction","target":{"@type":"EntryPoint","urlTemplate":"https:\/\/novak-m.com\/fr\/?s={search_term_string}"},"query-input":{"@type":"PropertyValueSpecification","valueRequired":true,"valueName":"search_term_string"}}],"inLanguage":"hr-HR"},{"@type":"Person","@id":"https:\/\/novak-m.com\/fr\/#\/schema\/person\/f484d4bdbb417bc65e1281ff35734865","name":"ana_cesen","url":"https:\/\/novak-m.com\/hr\/author\/ana_cesen\/"}]}},"_links":{"self":[{"href":"https:\/\/novak-m.com\/hr\/wp-json\/wp\/v2\/posts\/91250","targetHints":{"allow":["GET"]}}],"collection":[{"href":"https:\/\/novak-m.com\/hr\/wp-json\/wp\/v2\/posts"}],"about":[{"href":"https:\/\/novak-m.com\/hr\/wp-json\/wp\/v2\/types\/post"}],"author":[{"embeddable":true,"href":"https:\/\/novak-m.com\/hr\/wp-json\/wp\/v2\/users\/5"}],"replies":[{"embeddable":true,"href":"https:\/\/novak-m.com\/hr\/wp-json\/wp\/v2\/comments?post=91250"}],"version-history":[{"count":2,"href":"https:\/\/novak-m.com\/hr\/wp-json\/wp\/v2\/posts\/91250\/revisions"}],"predecessor-version":[{"id":98698,"href":"https:\/\/novak-m.com\/hr\/wp-json\/wp\/v2\/posts\/91250\/revisions\/98698"}],"wp:featuredmedia":[{"embeddable":true,"href":"https:\/\/novak-m.com\/hr\/wp-json\/wp\/v2\/media\/91266"}],"wp:attachment":[{"href":"https:\/\/novak-m.com\/hr\/wp-json\/wp\/v2\/media?parent=91250"}],"wp:term":[{"taxonomy":"category","embeddable":true,"href":"https:\/\/novak-m.com\/hr\/wp-json\/wp\/v2\/categories?post=91250"},{"taxonomy":"post_tag","embeddable":true,"href":"https:\/\/novak-m.com\/hr\/wp-json\/wp\/v2\/tags?post=91250"}],"curies":[{"name":"wp","href":"https:\/\/api.w.org\/{rel}","templated":true}]}}