{"id":88007,"date":"2023-09-25T07:57:41","date_gmt":"2023-09-25T05:57:41","guid":{"rendered":"https:\/\/www.novak-m.com\/?p=88007"},"modified":"2023-10-11T09:00:39","modified_gmt":"2023-10-11T07:00:39","slug":"na-svjetski-dan-srca-2023","status":"publish","type":"post","link":"https:\/\/novak-m.com\/hr\/na-svjetski-dan-srca-2023\/","title":{"rendered":"Na Svjetski dan srca 2023"},"content":{"rendered":"<h2>Svjetski dan srca je podsjetnik<\/h2>\n<p>Svjetski dan srca podsjetnik je svima diljem svijeta da se brinu o svojem srcu. Bolesti srca odnose vi\u0161e \u017eivota nego bilo koja druga bolest, \u0161to zahtijeva pozornost pojedinaca, zajednica i organizacija iz cijelog svijeta.<\/p>\n<h2>Promicanje zdravog na\u010dina \u017eivota<\/h2>\n<p>Na\u0161a tvrtka vrlo je posve\u0107ena promicanju zdravlja i op\u0107enitog dobrog stanja me\u0111u na\u0161im zaposlenicima. Vjerujemo da je fizi\u010dki aktivan stil \u017eivota klju\u010dna komponenta prevencije bolesti i postizanja dobrog op\u0107eg stanja. Svoje zaposlenike poti\u010demo na sudjelovanje u raznim sportskim doga\u0111anjima. Svake godine sudjelujemo na Ljubljanskom maratonu, <a href=\"https:\/\/novak-m.com\/hr\/tim-na-maratonu-franja-i-pikniku\/\"><strong>Maratonu Franja<\/strong><\/a> te imamo priliku za vrhunske treninge u suradnji s tvrtkom KineoSpot.<\/p>\n<h3>Biciklisti\u010dki tim tvrtke Novak M<\/h3>\n<p>Grupa biciklista Novaka M ponovno udru\u017euje snage. Planiraju vo\u017enju od 85 km i 1500 visinskih metara po prekrasnom krajoliku Ko\u010devske. Ka\u017eu da je ovo opro\u0161tajna vo\u017enja za ovu sezonu prije zime. \u017delimo im sigurnu vo\u017enju i ugodno vrijeme!<\/p>\n<h2>Doprinos zdravlju uz na\u0161e proizvode<\/h2>\n<p>Nadalje, na\u0161 \u0161irok asortiman proizvoda uklju\u010duje pregledne stolove koji posebno podr\u017eavaju preglede srca. Dva modela<a href=\"https:\/\/novak-m.com\/hr\/pregledni-stol-s-otvorom-za-ultrazvuk\/\"><strong> preglednog stola S<\/strong><\/a> i SXLP mogu po izboru imati otvore za ultrazvuk koji zdravstvenim djelatnicima omogu\u0107uju u\u010dinkovito i djelotvorno obavljanje detaljnih pregleda srca. Drago nam je \u0161to proizvodnjom ovakve medicinske opreme doprinosimo ranom otkrivanju i dijagnostici sr\u010danih oboljenja.<\/p>\n<div style='text-align:center;' class='ow_post_button'><a target='_self' href='https:\/\/novak-m.com\/hr\/kontakt\/'>KONTAKTIRAJTE NAS<\/a><\/div>\n","protected":false},"excerpt":{"rendered":"<p>Svjetski dan srca obilje\u017eava se svake godine 29. rujna. Tim danom podi\u017ee se svijest o zdravlju srca i pojedince se nadahnjuje na poduzimanje proaktivnih koraka prema zdravijem na\u010dinu \u017eivota.<\/p>\n","protected":false},"author":5,"featured_media":88127,"comment_status":"closed","ping_status":"closed","sticky":false,"template":"","format":"standard","meta":{"_acf_changed":false,"footnotes":""},"categories":[479],"tags":[],"class_list":["post-88007","post","type-post","status-publish","format-standard","has-post-thumbnail","hentry","category-vijesti"],"acf":[],"yoast_head":"<!-- This site is optimized with the Yoast SEO plugin v25.5 - https:\/\/yoast.com\/wordpress\/plugins\/seo\/ -->\n<title>Na Svjetski dan srca 2023 \u2502 Novak M<\/title>\n<meta name=\"description\" content=\"Tvrtka Novak M vrlo je posve\u0107ena promicanju zdravlja i rado proizvodimo stolove za preglede koji podr\u017eavaju i preglede srca.\" \/>\n<meta name=\"robots\" content=\"index, follow, max-snippet:-1, max-image-preview:large, max-video-preview:-1\" \/>\n<link rel=\"canonical\" href=\"https:\/\/novak-m.com\/hr\/na-svjetski-dan-srca-2023\/\" \/>\n<meta property=\"og:locale\" content=\"hr_HR\" \/>\n<meta property=\"og:type\" content=\"article\" \/>\n<meta property=\"og:title\" content=\"Na Svjetski dan srca 2023 \u2502 Novak M\" \/>\n<meta property=\"og:description\" content=\"Tvrtka Novak M vrlo je posve\u0107ena promicanju zdravlja i rado proizvodimo stolove za preglede koji podr\u017eavaju i preglede srca.\" \/>\n<meta property=\"og:url\" content=\"https:\/\/novak-m.com\/hr\/na-svjetski-dan-srca-2023\/\" \/>\n<meta property=\"og:site_name\" content=\"Novak-M\" \/>\n<meta property=\"article:published_time\" content=\"2023-09-25T05:57:41+00:00\" \/>\n<meta property=\"article:modified_time\" content=\"2023-10-11T07:00:39+00:00\" \/>\n<meta property=\"og:image\" content=\"https:\/\/novak-m.com\/wp-content\/uploads\/2023\/09\/FB_srcek.webp\" \/>\n\t<meta property=\"og:image:width\" content=\"1200\" \/>\n\t<meta property=\"og:image:height\" content=\"630\" \/>\n\t<meta property=\"og:image:type\" content=\"image\/webp\" \/>\n<meta name=\"author\" content=\"ana_cesen\" \/>\n<meta name=\"twitter:card\" content=\"summary_large_image\" \/>\n<meta name=\"twitter:label1\" content=\"Written by\" \/>\n\t<meta name=\"twitter:data1\" content=\"ana_cesen\" \/>\n\t<meta name=\"twitter:label2\" content=\"Est. reading time\" \/>\n\t<meta name=\"twitter:data2\" content=\"1 minute\" \/>\n<script type=\"application\/ld+json\" class=\"yoast-schema-graph\">{\"@context\":\"https:\/\/schema.org\",\"@graph\":[{\"@type\":\"WebPage\",\"@id\":\"https:\/\/novak-m.com\/hr\/na-svjetski-dan-srca-2023\/\",\"url\":\"https:\/\/novak-m.com\/hr\/na-svjetski-dan-srca-2023\/\",\"name\":\"Na Svjetski dan srca 2023 \u2502 Novak M\",\"isPartOf\":{\"@id\":\"https:\/\/novak-m.com\/fr\/#website\"},\"primaryImageOfPage\":{\"@id\":\"https:\/\/novak-m.com\/hr\/na-svjetski-dan-srca-2023\/#primaryimage\"},\"image\":{\"@id\":\"https:\/\/novak-m.com\/hr\/na-svjetski-dan-srca-2023\/#primaryimage\"},\"thumbnailUrl\":\"https:\/\/novak-m.com\/wp-content\/uploads\/2023\/09\/srcek.webp\",\"datePublished\":\"2023-09-25T05:57:41+00:00\",\"dateModified\":\"2023-10-11T07:00:39+00:00\",\"author\":{\"@id\":\"https:\/\/novak-m.com\/fr\/#\/schema\/person\/f484d4bdbb417bc65e1281ff35734865\"},\"description\":\"Tvrtka Novak M vrlo je posve\u0107ena promicanju zdravlja i rado proizvodimo stolove za preglede koji podr\u017eavaju i preglede srca.\",\"breadcrumb\":{\"@id\":\"https:\/\/novak-m.com\/hr\/na-svjetski-dan-srca-2023\/#breadcrumb\"},\"inLanguage\":\"hr-HR\",\"potentialAction\":[{\"@type\":\"ReadAction\",\"target\":[\"https:\/\/novak-m.com\/hr\/na-svjetski-dan-srca-2023\/\"]}]},{\"@type\":\"ImageObject\",\"inLanguage\":\"hr-HR\",\"@id\":\"https:\/\/novak-m.com\/hr\/na-svjetski-dan-srca-2023\/#primaryimage\",\"url\":\"https:\/\/novak-m.com\/wp-content\/uploads\/2023\/09\/srcek.webp\",\"contentUrl\":\"https:\/\/novak-m.com\/wp-content\/uploads\/2023\/09\/srcek.webp\",\"width\":1037,\"height\":929,\"caption\":\"strava biciklisti\u010dka ruta u obliku srca\"},{\"@type\":\"BreadcrumbList\",\"@id\":\"https:\/\/novak-m.com\/hr\/na-svjetski-dan-srca-2023\/#breadcrumb\",\"itemListElement\":[{\"@type\":\"ListItem\",\"position\":1,\"name\":\"Home\",\"item\":\"https:\/\/novak-m.com\/hr\/home\/\"},{\"@type\":\"ListItem\",\"position\":2,\"name\":\"Na Svjetski dan srca 2023\"}]},{\"@type\":\"WebSite\",\"@id\":\"https:\/\/novak-m.com\/fr\/#website\",\"url\":\"https:\/\/novak-m.com\/fr\/\",\"name\":\"Novak M\",\"description\":\"Novak M | official international webpage | novak-m.com\",\"potentialAction\":[{\"@type\":\"SearchAction\",\"target\":{\"@type\":\"EntryPoint\",\"urlTemplate\":\"https:\/\/novak-m.com\/fr\/?s={search_term_string}\"},\"query-input\":{\"@type\":\"PropertyValueSpecification\",\"valueRequired\":true,\"valueName\":\"search_term_string\"}}],\"inLanguage\":\"hr-HR\"},{\"@type\":\"Person\",\"@id\":\"https:\/\/novak-m.com\/fr\/#\/schema\/person\/f484d4bdbb417bc65e1281ff35734865\",\"name\":\"ana_cesen\",\"url\":\"https:\/\/novak-m.com\/hr\/author\/ana_cesen\/\"}]}<\/script>\n<!-- \/ Yoast SEO plugin. -->","yoast_head_json":{"title":"Na Svjetski dan srca 2023 \u2502 Novak M","description":"Tvrtka Novak M vrlo je posve\u0107ena promicanju zdravlja i rado proizvodimo stolove za preglede koji podr\u017eavaju i preglede srca.","robots":{"index":"index","follow":"follow","max-snippet":"max-snippet:-1","max-image-preview":"max-image-preview:large","max-video-preview":"max-video-preview:-1"},"canonical":"https:\/\/novak-m.com\/hr\/na-svjetski-dan-srca-2023\/","og_locale":"hr_HR","og_type":"article","og_title":"Na Svjetski dan srca 2023 \u2502 Novak M","og_description":"Tvrtka Novak M vrlo je posve\u0107ena promicanju zdravlja i rado proizvodimo stolove za preglede koji podr\u017eavaju i preglede srca.","og_url":"https:\/\/novak-m.com\/hr\/na-svjetski-dan-srca-2023\/","og_site_name":"Novak-M","article_published_time":"2023-09-25T05:57:41+00:00","article_modified_time":"2023-10-11T07:00:39+00:00","og_image":[{"width":1200,"height":630,"url":"https:\/\/novak-m.com\/wp-content\/uploads\/2023\/09\/FB_srcek.webp","type":"image\/webp"}],"author":"ana_cesen","twitter_card":"summary_large_image","twitter_misc":{"Written by":"ana_cesen","Est. reading time":"1 minute"},"schema":{"@context":"https:\/\/schema.org","@graph":[{"@type":"WebPage","@id":"https:\/\/novak-m.com\/hr\/na-svjetski-dan-srca-2023\/","url":"https:\/\/novak-m.com\/hr\/na-svjetski-dan-srca-2023\/","name":"Na Svjetski dan srca 2023 \u2502 Novak M","isPartOf":{"@id":"https:\/\/novak-m.com\/fr\/#website"},"primaryImageOfPage":{"@id":"https:\/\/novak-m.com\/hr\/na-svjetski-dan-srca-2023\/#primaryimage"},"image":{"@id":"https:\/\/novak-m.com\/hr\/na-svjetski-dan-srca-2023\/#primaryimage"},"thumbnailUrl":"https:\/\/novak-m.com\/wp-content\/uploads\/2023\/09\/srcek.webp","datePublished":"2023-09-25T05:57:41+00:00","dateModified":"2023-10-11T07:00:39+00:00","author":{"@id":"https:\/\/novak-m.com\/fr\/#\/schema\/person\/f484d4bdbb417bc65e1281ff35734865"},"description":"Tvrtka Novak M vrlo je posve\u0107ena promicanju zdravlja i rado proizvodimo stolove za preglede koji podr\u017eavaju i preglede srca.","breadcrumb":{"@id":"https:\/\/novak-m.com\/hr\/na-svjetski-dan-srca-2023\/#breadcrumb"},"inLanguage":"hr-HR","potentialAction":[{"@type":"ReadAction","target":["https:\/\/novak-m.com\/hr\/na-svjetski-dan-srca-2023\/"]}]},{"@type":"ImageObject","inLanguage":"hr-HR","@id":"https:\/\/novak-m.com\/hr\/na-svjetski-dan-srca-2023\/#primaryimage","url":"https:\/\/novak-m.com\/wp-content\/uploads\/2023\/09\/srcek.webp","contentUrl":"https:\/\/novak-m.com\/wp-content\/uploads\/2023\/09\/srcek.webp","width":1037,"height":929,"caption":"strava biciklisti\u010dka ruta u obliku srca"},{"@type":"BreadcrumbList","@id":"https:\/\/novak-m.com\/hr\/na-svjetski-dan-srca-2023\/#breadcrumb","itemListElement":[{"@type":"ListItem","position":1,"name":"Home","item":"https:\/\/novak-m.com\/hr\/home\/"},{"@type":"ListItem","position":2,"name":"Na Svjetski dan srca 2023"}]},{"@type":"WebSite","@id":"https:\/\/novak-m.com\/fr\/#website","url":"https:\/\/novak-m.com\/fr\/","name":"Novak M","description":"Novak M | official international webpage | novak-m.com","potentialAction":[{"@type":"SearchAction","target":{"@type":"EntryPoint","urlTemplate":"https:\/\/novak-m.com\/fr\/?s={search_term_string}"},"query-input":{"@type":"PropertyValueSpecification","valueRequired":true,"valueName":"search_term_string"}}],"inLanguage":"hr-HR"},{"@type":"Person","@id":"https:\/\/novak-m.com\/fr\/#\/schema\/person\/f484d4bdbb417bc65e1281ff35734865","name":"ana_cesen","url":"https:\/\/novak-m.com\/hr\/author\/ana_cesen\/"}]}},"_links":{"self":[{"href":"https:\/\/novak-m.com\/hr\/wp-json\/wp\/v2\/posts\/88007","targetHints":{"allow":["GET"]}}],"collection":[{"href":"https:\/\/novak-m.com\/hr\/wp-json\/wp\/v2\/posts"}],"about":[{"href":"https:\/\/novak-m.com\/hr\/wp-json\/wp\/v2\/types\/post"}],"author":[{"embeddable":true,"href":"https:\/\/novak-m.com\/hr\/wp-json\/wp\/v2\/users\/5"}],"replies":[{"embeddable":true,"href":"https:\/\/novak-m.com\/hr\/wp-json\/wp\/v2\/comments?post=88007"}],"version-history":[{"count":0,"href":"https:\/\/novak-m.com\/hr\/wp-json\/wp\/v2\/posts\/88007\/revisions"}],"wp:featuredmedia":[{"embeddable":true,"href":"https:\/\/novak-m.com\/hr\/wp-json\/wp\/v2\/media\/88127"}],"wp:attachment":[{"href":"https:\/\/novak-m.com\/hr\/wp-json\/wp\/v2\/media?parent=88007"}],"wp:term":[{"taxonomy":"category","embeddable":true,"href":"https:\/\/novak-m.com\/hr\/wp-json\/wp\/v2\/categories?post=88007"},{"taxonomy":"post_tag","embeddable":true,"href":"https:\/\/novak-m.com\/hr\/wp-json\/wp\/v2\/tags?post=88007"}],"curies":[{"name":"wp","href":"https:\/\/api.w.org\/{rel}","templated":true}]}}