{"id":86923,"date":"2023-09-01T12:52:40","date_gmt":"2023-09-01T10:52:40","guid":{"rendered":"https:\/\/www.novak-m.com\/world-physiotherapy-day-with-iza-gobar\/"},"modified":"2023-09-25T09:59:25","modified_gmt":"2023-09-25T07:59:25","slug":"svjetski-dan-fizioterapije-s-izom-gobar","status":"publish","type":"post","link":"https:\/\/novak-m.com\/hr\/svjetski-dan-fizioterapije-s-izom-gobar\/","title":{"rendered":"Svjetski dan fizioterapije s Izom Gobar"},"content":{"rendered":"<h2>1. Mo\u017eete li nam se najprije kratko predstaviti?<\/h2>\n<p>Zovem se Iza Gobar, diplomirana sam fizioterapeutkinja, suosniva\u010dica <strong><a href=\"https:\/\/fiza.si\/\">Fize<\/a><\/strong>, zaljubljenica u prirodu, kretanje i sve \u0161to je vezano za razumijevanje ljudskog bi\u0107a i njegovog funkcioniranja.<\/p>\n<h2>2. Kako ste otkrili da \u0107e fizioterapija biti va\u0161 poziv? Je li se to doga\u0111alo posebno ili je postojao neki odlu\u010duju\u0107i trenutak?<\/h2>\n<p>\u017delja za upoznavanjem i razumijevanjem tijela oduvijek je bila u meni. Jo\u0161 kao dijete \u010desto sam nudila masa\u017ee \u010dlanovima svoje obitelji. To je bilo naravno bez ikakvog predznanja, ali tako sam po\u010dela razvijati te motori\u010dke sposobnosti u vrlo ranoj dobi. Zatim sam u srednjoj \u0161koli otkrila i po\u010dela se baviti aerobikom i pilatesom. Sa 16 godina postala sam instruktorica aerobika i tu sam se prvi put susrela s anatomijom i tijelom u pokretu. Dakle, kad sam kasnije odlu\u010dila studirati fizioterapiju na Alma mater Europaea, to je o\u010diti izbor.<\/p>\n<h2>3. Recite nam ne\u0161to vi\u0161e o svojem radu. Na kojem podru\u010dju najvi\u0161e radite, tko su va\u0161i pacijenti?<\/h2>\n<p>Trenutno radim na dva polja, ali se dosta dobro nadopunjuju.<\/p>\n<p>Prva je fizioterapija, posebno neurofizioterapija, gdje radim s osobama koje su imale ozljedu sredi\u0161njeg \u017eiv\u010danog sustava, a druga preventiva, gdje provodim tretmane \u201eobnove tijela\u201d prema vlastitoj metodi, koja se zove Fizaterapija. Moji klijenti vrlo su razli\u010diti, od op\u0107enito zdravih ljudi koji se \u017eele osje\u0107ati bolje, do onih s kroni\u010dnom boli ili nakon ozljeda. Nema dobnih ograni\u010denja, radim sa svim dobnim skupinama. Vrlo sam aktivna na polju tretmana \u201eobnove tijela\u201d. Za nju se jo\u0161 uvijek upotrebljava preop\u0107enit izraz masa\u017ea, no radi se o profinjenom, holisti\u010dkom pristupu ubla\u017eavanju odre\u0111enih zdravstvenih tegoba ili pak u\u010dinkovitom sredstvu za opu\u0161tanje i istovremeno o\u010duvanje zdravlja. Tako\u0111er trenutno sura\u0111ujem s Alma mater Europaea, visoko\u0161kolskom ustanovom, gdje predajem osnove klasi\u010dne masa\u017ee i aktivno sudjelujem u promociji i razvoju masa\u017ee u na\u0161em dru\u0161tvu.<\/p>\n<p>Povremeno sudjelujem i na me\u0111unarodnim natjecanjima u masa\u017ei. Dobila sam vrlo pozitivne povratne informacije jer sam pobijedila u slobodnoj kategoriji na Svjetskom prvenstvu u Danskoj 2021., a ove godine sam pobijedila u kategoriji klasi\u010dne masa\u017ee na Prvenstvu Balkana u Srbiji. Sve su to doga\u0111aji na kojima dolazi do izra\u017eaja moja kreativnost i nove ideje, no trenutno je najva\u017enije sura\u0111ivati i u\u010diti od stru\u010dnjaka koji su ve\u0107 ostavili svoj trag u ovoj djelatnosti.<\/p>\n<h2>4. Predstavite molim podru\u010dje neurofizioterapije.<\/h2>\n<p>Neurofizioterapija je specifi\u010dna grana fizioterapije usmjerena na lije\u010denje i ubla\u017eavanje bolesti i ozljeda \u017eiv\u010danog sustava.<\/p>\n<p>I sama sam se tijekom rada na fizioterapiji vi\u0161e puta susrela s neurolo\u0161kim pacijentima. Nakon zavr\u0161enog osnovnog te\u010daja Bobath u Centru za fizioterapiju u Ljubljani otvorio mi se potpuno novi pogled na pristup lije\u010denju.\u00a0 Shvatila sam da su svi tjelesni sustavi neraskidivo povezani s mozgom te da poznavanje tih sustava mo\u017ee dovesti do boljih rezultata u rehabilitaciji, ne nu\u017eno samo u slu\u010daju o\u0161te\u0107enja sredi\u0161njeg \u017eiv\u010danog sustava. Nakon nekoliko godina rada na terenu kao fizioterapeutkinja, primijetila sam da na ovom specifi\u010dnom podru\u010dju radi prili\u010dno malo ljudi. Samo u Sloveniji, primjerice, oko 3000 ljudi svake godine do\u017eivi mo\u017edani udar. Na\u017ealost, samo mali broj njih dugoro\u010dno mo\u017ee dobiti kvalitetno neurofizioterapijsko lije\u010denje, naravno uz samostalno pla\u0107anje, a takvo lije\u010denje od klju\u010dne je va\u017enosti za oporavak i odr\u017eavanje stanja.<\/p>\n<p>&nbsp;<\/p>\n<h2>5. \u010citala sam i o Fiza masa\u017ei s kojom ste osvojili prvo mjesto u freestyle kategoriji na Svjetskom prvenstvu u masa\u017ei koje je odr\u017eano u Kopenhagenu u Danskoj. Recite nam vi\u0161e o ovoj tehnici.<\/h2>\n<p>Fiza masa\u017ea ili Fiza Body Restoration Therapy rezultat je 10 godina prakse i istra\u017eivanja razli\u010ditih tehnika i pristupa u klasi\u010dnoj fizioterapiji i komplementarnim terapijama. Klju\u010d je u holisti\u010dkom pristupu pacijentima. Tretman je prilago\u0111en potrebama pojedinca, ali sadr\u017ei sve klju\u010dne elemente potrebne za dovo\u0111enje mi\u0161i\u0107no-ko\u0161tanog i mentalnog sustava u ravnote\u017eu. Terapija se nadopunjuje klasi\u010dnom masa\u017eom, masa\u017eom i istezanjem kralje\u017enice, tehnikama mobilizacije, akupresurnim tehnikama i pasivnim istezanjem. Fiza masa\u017ea tako\u0111er je slu\u017ebeno registrirani terapijski postupak i dio koncepta \u010diji je cilj promicanje svijesti o zdravlju te se stalno razvija i usavr\u0161ava.<\/p>\n<h2>6. \u0160to vas najvi\u0161e veseli u va\u0161em poslu?<\/h2>\n<p>Uspjeh zavr\u0161ene rehabilitacije, osmijeh klijenta nakon terapije, zahvalnost, iskrena radost, osje\u0107aj olak\u0161anja, sve su to nagrade zbog kojih nastavljam raditi ovaj posao. Iznad svega, prilika za upoznavanje nevjerojatnih ljudi, bez obzira na to jesu li klijenti ili u\u010ditelji. Svaki mali djeli\u0107 kojim doprinose mozaiku mojeg terapijskog puta neprocjenjiv je i to je ono \u0161to me toliko motivira u mojem poslu i op\u0107enito u \u017eivotu.<\/p>\n<p>Hvala \u0161to ste odvojili vrijeme za nas. \u017delimo vam puno uspjeha u karijeri i mnogo zadovoljnih pacijenata!<\/p>\n<div style='text-align:center;' class='ow_post_button'><a target='_self' href='https:\/\/novak-m.com\/hr\/kontakt\/'>KONTAKTIRAJTE NAS<\/a><\/div>\n","protected":false},"excerpt":{"rendered":"<p>Stru\u010dnost, iskustvo, predanost, entuzijazam i dobra volja \u2013 sve to opisuje fizioterapeutkinju Izu Gobar koju smo pozvali na razgovor povodom Svjetskog dana fizioterapije.<\/p>\n","protected":false},"author":5,"featured_media":86780,"comment_status":"closed","ping_status":"closed","sticky":false,"template":"","format":"standard","meta":{"_acf_changed":false,"footnotes":""},"categories":[479],"tags":[],"class_list":["post-86923","post","type-post","status-publish","format-standard","has-post-thumbnail","hentry","category-vijesti"],"acf":[],"yoast_head":"<!-- This site is optimized with the Yoast SEO plugin v25.5 - https:\/\/yoast.com\/wordpress\/plugins\/seo\/ -->\n<title>Svjetski dan fizioterapije 2023 \u2502 Novak M<\/title>\n<meta name=\"description\" content=\"Povodom Svjetskog dana fizioterapije pozvali smo fizioterapeutkinju Izu Gobar da nam ka\u017ee ne\u0161to o svom zanimanju. \u010citaj vi\u0161e.\" \/>\n<meta name=\"robots\" content=\"index, follow, max-snippet:-1, max-image-preview:large, max-video-preview:-1\" \/>\n<link rel=\"canonical\" href=\"https:\/\/novak-m.com\/world-physiotherapy-day-with-iza-gobar\/\" \/>\n<meta property=\"og:locale\" content=\"hr_HR\" \/>\n<meta property=\"og:type\" content=\"article\" \/>\n<meta property=\"og:title\" content=\"Svjetski dan fizioterapije 2023 \u2502 Novak M\" \/>\n<meta property=\"og:description\" content=\"Povodom Svjetskog dana fizioterapije pozvali smo fizioterapeutkinju Izu Gobar da nam ka\u017ee ne\u0161to o svom zanimanju. \u010citaj vi\u0161e.\" \/>\n<meta property=\"og:url\" content=\"https:\/\/novak-m.com\/world-physiotherapy-day-with-iza-gobar\/\" \/>\n<meta property=\"og:site_name\" content=\"Novak-M\" \/>\n<meta property=\"article:published_time\" content=\"2023-09-01T10:52:40+00:00\" \/>\n<meta property=\"article:modified_time\" content=\"2023-09-25T07:59:25+00:00\" \/>\n<meta property=\"og:image\" content=\"https:\/\/novak-m.com\/wp-content\/uploads\/2023\/09\/World-Physiotherapy-day_fb.jpg\" \/>\n\t<meta property=\"og:image:width\" content=\"1245\" \/>\n\t<meta property=\"og:image:height\" content=\"712\" \/>\n\t<meta property=\"og:image:type\" content=\"image\/jpeg\" \/>\n<meta name=\"author\" content=\"ana_cesen\" \/>\n<meta name=\"twitter:card\" content=\"summary_large_image\" \/>\n<meta name=\"twitter:label1\" content=\"Written by\" \/>\n\t<meta name=\"twitter:data1\" content=\"ana_cesen\" \/>\n\t<meta name=\"twitter:label2\" content=\"Est. reading time\" \/>\n\t<meta name=\"twitter:data2\" content=\"4 minutes\" \/>\n<script type=\"application\/ld+json\" class=\"yoast-schema-graph\">{\"@context\":\"https:\/\/schema.org\",\"@graph\":[{\"@type\":\"WebPage\",\"@id\":\"https:\/\/novak-m.com\/world-physiotherapy-day-with-iza-gobar\/\",\"url\":\"https:\/\/novak-m.com\/world-physiotherapy-day-with-iza-gobar\/\",\"name\":\"Svjetski dan fizioterapije 2023 \u2502 Novak M\",\"isPartOf\":{\"@id\":\"https:\/\/novak-m.com\/fr\/#website\"},\"primaryImageOfPage\":{\"@id\":\"https:\/\/novak-m.com\/world-physiotherapy-day-with-iza-gobar\/#primaryimage\"},\"image\":{\"@id\":\"https:\/\/novak-m.com\/world-physiotherapy-day-with-iza-gobar\/#primaryimage\"},\"thumbnailUrl\":\"https:\/\/novak-m.com\/wp-content\/uploads\/2023\/09\/World-Physiotherapy-day.jpg\",\"datePublished\":\"2023-09-01T10:52:40+00:00\",\"dateModified\":\"2023-09-25T07:59:25+00:00\",\"author\":{\"@id\":\"https:\/\/novak-m.com\/fr\/#\/schema\/person\/f484d4bdbb417bc65e1281ff35734865\"},\"description\":\"Povodom Svjetskog dana fizioterapije pozvali smo fizioterapeutkinju Izu Gobar da nam ka\u017ee ne\u0161to o svom zanimanju. \u010citaj vi\u0161e.\",\"breadcrumb\":{\"@id\":\"https:\/\/novak-m.com\/world-physiotherapy-day-with-iza-gobar\/#breadcrumb\"},\"inLanguage\":\"hr-HR\",\"potentialAction\":[{\"@type\":\"ReadAction\",\"target\":[\"https:\/\/novak-m.com\/world-physiotherapy-day-with-iza-gobar\/\"]}]},{\"@type\":\"ImageObject\",\"inLanguage\":\"hr-HR\",\"@id\":\"https:\/\/novak-m.com\/world-physiotherapy-day-with-iza-gobar\/#primaryimage\",\"url\":\"https:\/\/novak-m.com\/wp-content\/uploads\/2023\/09\/World-Physiotherapy-day.jpg\",\"contentUrl\":\"https:\/\/novak-m.com\/wp-content\/uploads\/2023\/09\/World-Physiotherapy-day.jpg\",\"width\":1200,\"height\":1075,\"caption\":\"physioterapist performing treatment\"},{\"@type\":\"BreadcrumbList\",\"@id\":\"https:\/\/novak-m.com\/world-physiotherapy-day-with-iza-gobar\/#breadcrumb\",\"itemListElement\":[{\"@type\":\"ListItem\",\"position\":1,\"name\":\"Home\",\"item\":\"https:\/\/novak-m.com\/hr\/home\/\"},{\"@type\":\"ListItem\",\"position\":2,\"name\":\"Svjetski dan fizioterapije s Izom Gobar\"}]},{\"@type\":\"WebSite\",\"@id\":\"https:\/\/novak-m.com\/fr\/#website\",\"url\":\"https:\/\/novak-m.com\/fr\/\",\"name\":\"Novak M\",\"description\":\"Novak M | official international webpage | novak-m.com\",\"potentialAction\":[{\"@type\":\"SearchAction\",\"target\":{\"@type\":\"EntryPoint\",\"urlTemplate\":\"https:\/\/novak-m.com\/fr\/?s={search_term_string}\"},\"query-input\":{\"@type\":\"PropertyValueSpecification\",\"valueRequired\":true,\"valueName\":\"search_term_string\"}}],\"inLanguage\":\"hr-HR\"},{\"@type\":\"Person\",\"@id\":\"https:\/\/novak-m.com\/fr\/#\/schema\/person\/f484d4bdbb417bc65e1281ff35734865\",\"name\":\"ana_cesen\",\"url\":\"https:\/\/novak-m.com\/hr\/author\/ana_cesen\/\"}]}<\/script>\n<!-- \/ Yoast SEO plugin. -->","yoast_head_json":{"title":"Svjetski dan fizioterapije 2023 \u2502 Novak M","description":"Povodom Svjetskog dana fizioterapije pozvali smo fizioterapeutkinju Izu Gobar da nam ka\u017ee ne\u0161to o svom zanimanju. \u010citaj vi\u0161e.","robots":{"index":"index","follow":"follow","max-snippet":"max-snippet:-1","max-image-preview":"max-image-preview:large","max-video-preview":"max-video-preview:-1"},"canonical":"https:\/\/novak-m.com\/world-physiotherapy-day-with-iza-gobar\/","og_locale":"hr_HR","og_type":"article","og_title":"Svjetski dan fizioterapije 2023 \u2502 Novak M","og_description":"Povodom Svjetskog dana fizioterapije pozvali smo fizioterapeutkinju Izu Gobar da nam ka\u017ee ne\u0161to o svom zanimanju. \u010citaj vi\u0161e.","og_url":"https:\/\/novak-m.com\/world-physiotherapy-day-with-iza-gobar\/","og_site_name":"Novak-M","article_published_time":"2023-09-01T10:52:40+00:00","article_modified_time":"2023-09-25T07:59:25+00:00","og_image":[{"width":1245,"height":712,"url":"https:\/\/novak-m.com\/wp-content\/uploads\/2023\/09\/World-Physiotherapy-day_fb.jpg","type":"image\/jpeg"}],"author":"ana_cesen","twitter_card":"summary_large_image","twitter_misc":{"Written by":"ana_cesen","Est. reading time":"4 minutes"},"schema":{"@context":"https:\/\/schema.org","@graph":[{"@type":"WebPage","@id":"https:\/\/novak-m.com\/world-physiotherapy-day-with-iza-gobar\/","url":"https:\/\/novak-m.com\/world-physiotherapy-day-with-iza-gobar\/","name":"Svjetski dan fizioterapije 2023 \u2502 Novak M","isPartOf":{"@id":"https:\/\/novak-m.com\/fr\/#website"},"primaryImageOfPage":{"@id":"https:\/\/novak-m.com\/world-physiotherapy-day-with-iza-gobar\/#primaryimage"},"image":{"@id":"https:\/\/novak-m.com\/world-physiotherapy-day-with-iza-gobar\/#primaryimage"},"thumbnailUrl":"https:\/\/novak-m.com\/wp-content\/uploads\/2023\/09\/World-Physiotherapy-day.jpg","datePublished":"2023-09-01T10:52:40+00:00","dateModified":"2023-09-25T07:59:25+00:00","author":{"@id":"https:\/\/novak-m.com\/fr\/#\/schema\/person\/f484d4bdbb417bc65e1281ff35734865"},"description":"Povodom Svjetskog dana fizioterapije pozvali smo fizioterapeutkinju Izu Gobar da nam ka\u017ee ne\u0161to o svom zanimanju. \u010citaj vi\u0161e.","breadcrumb":{"@id":"https:\/\/novak-m.com\/world-physiotherapy-day-with-iza-gobar\/#breadcrumb"},"inLanguage":"hr-HR","potentialAction":[{"@type":"ReadAction","target":["https:\/\/novak-m.com\/world-physiotherapy-day-with-iza-gobar\/"]}]},{"@type":"ImageObject","inLanguage":"hr-HR","@id":"https:\/\/novak-m.com\/world-physiotherapy-day-with-iza-gobar\/#primaryimage","url":"https:\/\/novak-m.com\/wp-content\/uploads\/2023\/09\/World-Physiotherapy-day.jpg","contentUrl":"https:\/\/novak-m.com\/wp-content\/uploads\/2023\/09\/World-Physiotherapy-day.jpg","width":1200,"height":1075,"caption":"physioterapist performing treatment"},{"@type":"BreadcrumbList","@id":"https:\/\/novak-m.com\/world-physiotherapy-day-with-iza-gobar\/#breadcrumb","itemListElement":[{"@type":"ListItem","position":1,"name":"Home","item":"https:\/\/novak-m.com\/hr\/home\/"},{"@type":"ListItem","position":2,"name":"Svjetski dan fizioterapije s Izom Gobar"}]},{"@type":"WebSite","@id":"https:\/\/novak-m.com\/fr\/#website","url":"https:\/\/novak-m.com\/fr\/","name":"Novak M","description":"Novak M | official international webpage | novak-m.com","potentialAction":[{"@type":"SearchAction","target":{"@type":"EntryPoint","urlTemplate":"https:\/\/novak-m.com\/fr\/?s={search_term_string}"},"query-input":{"@type":"PropertyValueSpecification","valueRequired":true,"valueName":"search_term_string"}}],"inLanguage":"hr-HR"},{"@type":"Person","@id":"https:\/\/novak-m.com\/fr\/#\/schema\/person\/f484d4bdbb417bc65e1281ff35734865","name":"ana_cesen","url":"https:\/\/novak-m.com\/hr\/author\/ana_cesen\/"}]}},"_links":{"self":[{"href":"https:\/\/novak-m.com\/hr\/wp-json\/wp\/v2\/posts\/86923","targetHints":{"allow":["GET"]}}],"collection":[{"href":"https:\/\/novak-m.com\/hr\/wp-json\/wp\/v2\/posts"}],"about":[{"href":"https:\/\/novak-m.com\/hr\/wp-json\/wp\/v2\/types\/post"}],"author":[{"embeddable":true,"href":"https:\/\/novak-m.com\/hr\/wp-json\/wp\/v2\/users\/5"}],"replies":[{"embeddable":true,"href":"https:\/\/novak-m.com\/hr\/wp-json\/wp\/v2\/comments?post=86923"}],"version-history":[{"count":0,"href":"https:\/\/novak-m.com\/hr\/wp-json\/wp\/v2\/posts\/86923\/revisions"}],"wp:featuredmedia":[{"embeddable":true,"href":"https:\/\/novak-m.com\/hr\/wp-json\/wp\/v2\/media\/86780"}],"wp:attachment":[{"href":"https:\/\/novak-m.com\/hr\/wp-json\/wp\/v2\/media?parent=86923"}],"wp:term":[{"taxonomy":"category","embeddable":true,"href":"https:\/\/novak-m.com\/hr\/wp-json\/wp\/v2\/categories?post=86923"},{"taxonomy":"post_tag","embeddable":true,"href":"https:\/\/novak-m.com\/hr\/wp-json\/wp\/v2\/tags?post=86923"}],"curies":[{"name":"wp","href":"https:\/\/api.w.org\/{rel}","templated":true}]}}