{"id":61521,"date":"2022-01-31T10:52:59","date_gmt":"2022-01-31T09:52:59","guid":{"rendered":"https:\/\/www.novak-m.com\/?p=61521"},"modified":"2022-02-14T11:10:30","modified_gmt":"2022-02-14T10:10:30","slug":"svjetski-dan-borbe-protiv-raka-2022","status":"publish","type":"post","link":"https:\/\/novak-m.com\/hr\/svjetski-dan-borbe-protiv-raka-2022\/","title":{"rendered":"Svjetski dan borbe protiv raka 2022"},"content":{"rendered":"<h2>Rak \u2013 iskustvo koje mijenja \u017eivot<\/h2>\n<p>Prema istra\u017eivanju Me\u0111unarodne agencije za istra\u017eivanje raka*, rak je s gotovo 10 milijuna smrtnih slu\u010dajeva uzrokovanih rakom 2020. diljem svijeta jedan od vode\u0107ih uzroka smrti. S gotovo 20 milijuna novih slu\u010dajeva u 2020., u\u010dinak raka nadilazi fizi\u010dko zdravlje, utje\u010du\u0107i na emocionalno i mentalno zdravlje pacijenata te njihovih obitelji i skrbnika.<\/p>\n<h2>\u201eZatvaranje jaza u skrbi\u201d<\/h2>\n<p>Ovo je prva godina nove <strong>teme kampanje Svjetskog dana borbe protiv raka<\/strong> 2022. \u2013 2024. \u201eZatvaranje jaza u skrbi\u201d. Rije\u010d je o identificiranju i razumijevanju nejednakosti koje postoje \u0161irom svijeta u pristupu lije\u010denja raka. Svi ljudi diljem svijeta, bez obzira na to gdje su ro\u0111eni, odrasli, ostarjeli, gdje rade ili \u017eive, zaslu\u017euju pristup informacijama o raku i uslugama u prevenciji, dijagnostici, lije\u010denju i podr\u0161ci.<\/p>\n<h3>Slu\u0161ati\u2026<\/h3>\n<p>Unija za me\u0111unarodnu kontrolu raka (UICC) koja vodi globalnu inicijativu poti\u010de nas da prepoznamo trenutnu situaciju i pomognemo u smanjenju stigmatizacije oboljelih od raka. Oni bi trebali mo\u0107i govoriti o svojim perspektivama, a iskustvo iz prve ruke trebalo bi postati vodi\u010d za na\u0161a djelovanja.<\/p>\n<h3>&#8230;i poduzeti ne\u0161to po tom pitanju<\/h3>\n<p>Mnogi od nas smatraju da nismo donositelji odluka, da ne mo\u017eemo ni\u0161ta promijeniti, ali svatko od nas mo\u017ee djelovati u sredini u kojoj \u017eivi i radi. Kao pojedinci mo\u017eemo napraviti prve korake izbjegavanjem lo\u0161ih navika, promicanjem zdravog na\u010dina \u017eivota, ne samo u smislu tjelesne aktivnosti nego i u izgradnji zdravih i \u010dvrstih odnosa ili nude\u0107i rame za plakanje bolesnom prijatelju.<\/p>\n<p>Mi u tvrtki Novak M ostajemo usko povezani s bolni\u010dkim osobljem tako da na\u0161i proizvodi zadovoljavaju potrebe pacijenata. Terapeutski stolac ZeroG dizajniran je kako bi pru\u017eio savr\u0161enu udobnost i sigurnost pacijentima tijekom dugih IV lije\u010denja kao \u0161to je kemoterapija. Dvije od na\u0161ih nedavnih studija slu\u010daja iz <a href=\"https:\/\/novak-m.com\/hr\/udobnost-terapeutskih-stolaca-zerog-i-u-ukc-ljubljana\/\"><strong>UKC Ljubljana<\/strong><\/a> i <a href=\"https:\/\/novak-m.com\/hr\/terapeutski-stol\u2026enerale-beaulieu\/\"><strong>Clinique G\u00e9n\u00e9rale Beaulieu<\/strong> <\/a>iz \u0160vicarske, pokazuju koliko je va\u017eno pacijentima ponuditi udobnost i sigurnost tijekom lije\u010denja.<\/p>\n<div style='text-align:center;' class='ow_post_button'><a target='_self' href='https:\/\/youtu.be\/6oh3H3t-BDM'>TERAPEUTSKI STOLAC ZEROG<\/a><\/div>\n<h2>Posebna zahvala i podr\u0161ka<\/h2>\n<p>Na Svjetski dan borbe protiv raka 2022. \u017eelimo izraziti podr\u0161ku onima koji se trenutno bore s rakom i zahvalnost onima koji stoje uz njih. U\u010dinimo promjene, male ili velike, kako bismo sprije\u010dili rak i zatvorili jaz u skrbi!<\/p>\n<div style='text-align:center;' class='ow_post_button'><a target='_self' href='https:\/\/novak-m.com\/hr\/kontakt\/'>KONTAKTIRAJTE NAS<\/a><\/div>\n<p>&nbsp;<\/p>\n<p>*Ferlay J, Ervik M, Lam F, Colombet M, Mery L, Pi\u00f1eros M, et al. Global Cancer Observatory: Cancer Today. Lyon: International Agency for Research on Cancer; 2020 (<a href=\"https:\/\/gco.iarc.fr\/today\">https:\/\/gco.iarc.fr\/today<\/a>, accessed January 2022)<\/p>\n","protected":false},"excerpt":{"rendered":"<p>Od 2000. godine Svjetski dan borbe protiv raka obilje\u017eava se 4. velja\u010de kao globalna inicijativa za suo\u010davanje s jednim od na\u0161ih najve\u0107ih izazova. Unato\u010d \u010dinjenici da se svijet nalazi usred pandemije bolesti COVID-19, na rak se ne smije zaboraviti.<\/p>\n","protected":false},"author":5,"featured_media":61508,"comment_status":"open","ping_status":"open","sticky":false,"template":"","format":"standard","meta":{"_acf_changed":false,"footnotes":""},"categories":[479],"tags":[],"class_list":["post-61521","post","type-post","status-publish","format-standard","has-post-thumbnail","hentry","category-vijesti"],"acf":[],"yoast_head":"<!-- This site is optimized with the Yoast SEO plugin v25.5 - https:\/\/yoast.com\/wordpress\/plugins\/seo\/ -->\n<title>Svjetski dan borbe protiv raka, 4. velja\u010de 2022 \u2502 Novak M<\/title>\n<meta name=\"description\" content=\"Svjetski dan borbe protiv raka obilje\u017eava se 4. velja\u010de kao globalna inicijativa za suo\u010davanje s jednim od na\u0161ih najve\u0107ih izazova.\" \/>\n<meta name=\"robots\" content=\"index, follow, max-snippet:-1, max-image-preview:large, max-video-preview:-1\" \/>\n<link rel=\"canonical\" href=\"https:\/\/novak-m.com\/world-cancer-day-2022\/\" \/>\n<meta property=\"og:locale\" content=\"hr_HR\" \/>\n<meta property=\"og:type\" content=\"article\" \/>\n<meta property=\"og:title\" content=\"World Cancer Day 2022 \u2502 Novak M\" \/>\n<meta property=\"og:description\" content=\"Svjetski dan borbe protiv raka obilje\u017eava se 4. velja\u010de kao globalna inicijativa za suo\u010davanje s jednim od na\u0161ih najve\u0107ih izazova.\" \/>\n<meta property=\"og:url\" content=\"https:\/\/novak-m.com\/world-cancer-day-2022\/\" \/>\n<meta property=\"og:site_name\" content=\"Novak-M\" \/>\n<meta property=\"article:published_time\" content=\"2022-01-31T09:52:59+00:00\" \/>\n<meta property=\"article:modified_time\" content=\"2022-02-14T10:10:30+00:00\" \/>\n<meta property=\"og:image\" content=\"https:\/\/novak-m.com\/wp-content\/uploads\/2022\/01\/doctor-holding-patients-hand-1.jpg\" \/>\n\t<meta property=\"og:image:width\" content=\"1037\" \/>\n\t<meta property=\"og:image:height\" content=\"929\" \/>\n\t<meta property=\"og:image:type\" content=\"image\/jpeg\" \/>\n<meta name=\"author\" content=\"ana_cesen\" \/>\n<meta name=\"twitter:card\" content=\"summary_large_image\" \/>\n<meta name=\"twitter:label1\" content=\"Written by\" \/>\n\t<meta name=\"twitter:data1\" content=\"ana_cesen\" \/>\n\t<meta name=\"twitter:label2\" content=\"Est. reading time\" \/>\n\t<meta name=\"twitter:data2\" content=\"2 minutes\" \/>\n<script type=\"application\/ld+json\" class=\"yoast-schema-graph\">{\"@context\":\"https:\/\/schema.org\",\"@graph\":[{\"@type\":\"WebPage\",\"@id\":\"https:\/\/novak-m.com\/world-cancer-day-2022\/\",\"url\":\"https:\/\/novak-m.com\/world-cancer-day-2022\/\",\"name\":\"Svjetski dan borbe protiv raka, 4. velja\u010de 2022 \u2502 Novak M\",\"isPartOf\":{\"@id\":\"https:\/\/novak-m.com\/fr\/#website\"},\"primaryImageOfPage\":{\"@id\":\"https:\/\/novak-m.com\/world-cancer-day-2022\/#primaryimage\"},\"image\":{\"@id\":\"https:\/\/novak-m.com\/world-cancer-day-2022\/#primaryimage\"},\"thumbnailUrl\":\"https:\/\/novak-m.com\/wp-content\/uploads\/2022\/01\/doctor-holding-patients-hand.jpg\",\"datePublished\":\"2022-01-31T09:52:59+00:00\",\"dateModified\":\"2022-02-14T10:10:30+00:00\",\"author\":{\"@id\":\"https:\/\/novak-m.com\/fr\/#\/schema\/person\/f484d4bdbb417bc65e1281ff35734865\"},\"description\":\"Svjetski dan borbe protiv raka obilje\u017eava se 4. velja\u010de kao globalna inicijativa za suo\u010davanje s jednim od na\u0161ih najve\u0107ih izazova.\",\"breadcrumb\":{\"@id\":\"https:\/\/novak-m.com\/world-cancer-day-2022\/#breadcrumb\"},\"inLanguage\":\"hr-HR\",\"potentialAction\":[{\"@type\":\"ReadAction\",\"target\":[\"https:\/\/novak-m.com\/world-cancer-day-2022\/\"]}]},{\"@type\":\"ImageObject\",\"inLanguage\":\"hr-HR\",\"@id\":\"https:\/\/novak-m.com\/world-cancer-day-2022\/#primaryimage\",\"url\":\"https:\/\/novak-m.com\/wp-content\/uploads\/2022\/01\/doctor-holding-patients-hand.jpg\",\"contentUrl\":\"https:\/\/novak-m.com\/wp-content\/uploads\/2022\/01\/doctor-holding-patients-hand.jpg\",\"width\":1037,\"height\":929,\"caption\":\"doktor dr\u017ei pacientovu ruku\"},{\"@type\":\"BreadcrumbList\",\"@id\":\"https:\/\/novak-m.com\/world-cancer-day-2022\/#breadcrumb\",\"itemListElement\":[{\"@type\":\"ListItem\",\"position\":1,\"name\":\"Home\",\"item\":\"https:\/\/novak-m.com\/hr\/home\/\"},{\"@type\":\"ListItem\",\"position\":2,\"name\":\"Svjetski dan borbe protiv raka 2022\"}]},{\"@type\":\"WebSite\",\"@id\":\"https:\/\/novak-m.com\/fr\/#website\",\"url\":\"https:\/\/novak-m.com\/fr\/\",\"name\":\"Novak M\",\"description\":\"Novak M | official international webpage | novak-m.com\",\"potentialAction\":[{\"@type\":\"SearchAction\",\"target\":{\"@type\":\"EntryPoint\",\"urlTemplate\":\"https:\/\/novak-m.com\/fr\/?s={search_term_string}\"},\"query-input\":{\"@type\":\"PropertyValueSpecification\",\"valueRequired\":true,\"valueName\":\"search_term_string\"}}],\"inLanguage\":\"hr-HR\"},{\"@type\":\"Person\",\"@id\":\"https:\/\/novak-m.com\/fr\/#\/schema\/person\/f484d4bdbb417bc65e1281ff35734865\",\"name\":\"ana_cesen\",\"url\":\"https:\/\/novak-m.com\/hr\/author\/ana_cesen\/\"}]}<\/script>\n<!-- \/ Yoast SEO plugin. -->","yoast_head_json":{"title":"Svjetski dan borbe protiv raka, 4. velja\u010de 2022 \u2502 Novak M","description":"Svjetski dan borbe protiv raka obilje\u017eava se 4. velja\u010de kao globalna inicijativa za suo\u010davanje s jednim od na\u0161ih najve\u0107ih izazova.","robots":{"index":"index","follow":"follow","max-snippet":"max-snippet:-1","max-image-preview":"max-image-preview:large","max-video-preview":"max-video-preview:-1"},"canonical":"https:\/\/novak-m.com\/world-cancer-day-2022\/","og_locale":"hr_HR","og_type":"article","og_title":"World Cancer Day 2022 \u2502 Novak M","og_description":"Svjetski dan borbe protiv raka obilje\u017eava se 4. velja\u010de kao globalna inicijativa za suo\u010davanje s jednim od na\u0161ih najve\u0107ih izazova.","og_url":"https:\/\/novak-m.com\/world-cancer-day-2022\/","og_site_name":"Novak-M","article_published_time":"2022-01-31T09:52:59+00:00","article_modified_time":"2022-02-14T10:10:30+00:00","og_image":[{"width":1037,"height":929,"url":"https:\/\/novak-m.com\/wp-content\/uploads\/2022\/01\/doctor-holding-patients-hand-1.jpg","type":"image\/jpeg"}],"author":"ana_cesen","twitter_card":"summary_large_image","twitter_misc":{"Written by":"ana_cesen","Est. reading time":"2 minutes"},"schema":{"@context":"https:\/\/schema.org","@graph":[{"@type":"WebPage","@id":"https:\/\/novak-m.com\/world-cancer-day-2022\/","url":"https:\/\/novak-m.com\/world-cancer-day-2022\/","name":"Svjetski dan borbe protiv raka, 4. velja\u010de 2022 \u2502 Novak M","isPartOf":{"@id":"https:\/\/novak-m.com\/fr\/#website"},"primaryImageOfPage":{"@id":"https:\/\/novak-m.com\/world-cancer-day-2022\/#primaryimage"},"image":{"@id":"https:\/\/novak-m.com\/world-cancer-day-2022\/#primaryimage"},"thumbnailUrl":"https:\/\/novak-m.com\/wp-content\/uploads\/2022\/01\/doctor-holding-patients-hand.jpg","datePublished":"2022-01-31T09:52:59+00:00","dateModified":"2022-02-14T10:10:30+00:00","author":{"@id":"https:\/\/novak-m.com\/fr\/#\/schema\/person\/f484d4bdbb417bc65e1281ff35734865"},"description":"Svjetski dan borbe protiv raka obilje\u017eava se 4. velja\u010de kao globalna inicijativa za suo\u010davanje s jednim od na\u0161ih najve\u0107ih izazova.","breadcrumb":{"@id":"https:\/\/novak-m.com\/world-cancer-day-2022\/#breadcrumb"},"inLanguage":"hr-HR","potentialAction":[{"@type":"ReadAction","target":["https:\/\/novak-m.com\/world-cancer-day-2022\/"]}]},{"@type":"ImageObject","inLanguage":"hr-HR","@id":"https:\/\/novak-m.com\/world-cancer-day-2022\/#primaryimage","url":"https:\/\/novak-m.com\/wp-content\/uploads\/2022\/01\/doctor-holding-patients-hand.jpg","contentUrl":"https:\/\/novak-m.com\/wp-content\/uploads\/2022\/01\/doctor-holding-patients-hand.jpg","width":1037,"height":929,"caption":"doktor dr\u017ei pacientovu ruku"},{"@type":"BreadcrumbList","@id":"https:\/\/novak-m.com\/world-cancer-day-2022\/#breadcrumb","itemListElement":[{"@type":"ListItem","position":1,"name":"Home","item":"https:\/\/novak-m.com\/hr\/home\/"},{"@type":"ListItem","position":2,"name":"Svjetski dan borbe protiv raka 2022"}]},{"@type":"WebSite","@id":"https:\/\/novak-m.com\/fr\/#website","url":"https:\/\/novak-m.com\/fr\/","name":"Novak M","description":"Novak M | official international webpage | novak-m.com","potentialAction":[{"@type":"SearchAction","target":{"@type":"EntryPoint","urlTemplate":"https:\/\/novak-m.com\/fr\/?s={search_term_string}"},"query-input":{"@type":"PropertyValueSpecification","valueRequired":true,"valueName":"search_term_string"}}],"inLanguage":"hr-HR"},{"@type":"Person","@id":"https:\/\/novak-m.com\/fr\/#\/schema\/person\/f484d4bdbb417bc65e1281ff35734865","name":"ana_cesen","url":"https:\/\/novak-m.com\/hr\/author\/ana_cesen\/"}]}},"_links":{"self":[{"href":"https:\/\/novak-m.com\/hr\/wp-json\/wp\/v2\/posts\/61521","targetHints":{"allow":["GET"]}}],"collection":[{"href":"https:\/\/novak-m.com\/hr\/wp-json\/wp\/v2\/posts"}],"about":[{"href":"https:\/\/novak-m.com\/hr\/wp-json\/wp\/v2\/types\/post"}],"author":[{"embeddable":true,"href":"https:\/\/novak-m.com\/hr\/wp-json\/wp\/v2\/users\/5"}],"replies":[{"embeddable":true,"href":"https:\/\/novak-m.com\/hr\/wp-json\/wp\/v2\/comments?post=61521"}],"version-history":[{"count":0,"href":"https:\/\/novak-m.com\/hr\/wp-json\/wp\/v2\/posts\/61521\/revisions"}],"wp:featuredmedia":[{"embeddable":true,"href":"https:\/\/novak-m.com\/hr\/wp-json\/wp\/v2\/media\/61508"}],"wp:attachment":[{"href":"https:\/\/novak-m.com\/hr\/wp-json\/wp\/v2\/media?parent=61521"}],"wp:term":[{"taxonomy":"category","embeddable":true,"href":"https:\/\/novak-m.com\/hr\/wp-json\/wp\/v2\/categories?post=61521"},{"taxonomy":"post_tag","embeddable":true,"href":"https:\/\/novak-m.com\/hr\/wp-json\/wp\/v2\/tags?post=61521"}],"curies":[{"name":"wp","href":"https:\/\/api.w.org\/{rel}","templated":true}]}}