{"id":59155,"date":"2021-12-13T12:31:27","date_gmt":"2021-12-13T11:31:27","guid":{"rendered":"https:\/\/www.novak-m.com\/?p=59155"},"modified":"2022-01-10T07:23:24","modified_gmt":"2022-01-10T06:23:24","slug":"dio-naseg-tima-je-na-iese-business-school","status":"publish","type":"post","link":"https:\/\/novak-m.com\/hr\/dio-naseg-tima-je-na-iese-business-school\/","title":{"rendered":"Dio na\u0161eg tima je u Barceloni na fakultetu IESE Business School"},"content":{"rendered":"<h2>Novo znanje i napredak<\/h2>\n<p>U tvrtki Novak M znanje i napredak visoko su na ljestvici vrijednosti. Samo ako smo otvoreni novim znanjima i saznanjima mo\u0107i \u0107emo i\u0107i ukorak s razvojem i posljedi\u010dno odgovoriti na potrebe na\u0161ih kupaca.<\/p>\n<h2>Bogato okru\u017eenje za u\u010denje<\/h2>\n<p>Ove godine dva \u010dlana na\u0161eg tima poha\u0111aju Program za razvoj menad\u017ementa na renomiranom \u0161panjolskom fakultetu<strong> <a href=\"https:\/\/www.iese.edu\/\">IESE business scho<\/a>ol <\/strong>Sveu\u010dili\u0161ta u Navarri. \u0160estomjese\u010dni program za funkcionalne menad\u017eere trenutno poha\u0111aju 23 sudionika iz cijele Europe te iz razli\u010ditih djelatnosti i pozadina. Proces u\u010denja uglavnom uklju\u010duje studije slu\u010daja, rasprave i simulacije. U dinami\u010dnom i bogatom okru\u017eenju za u\u010denje, sudionici u\u010de razumjeti strategije, ljude, procese i sustave u razli\u010ditim funkcijama te kako ih integrirati radi poticanja vrijednosti. Jednostavnije re\u010deno, oni stje\u010du kompetencije i vje\u0161tine koje su potrebne svakom dobrom vi\u0161em funkcijskom menad\u017eeru.<\/p>\n<p><img loading=\"lazy\" decoding=\"async\" class=\"alignnone size-full wp-image-59142\" src=\"https:\/\/novak-m.com\/wp-content\/uploads\/2021\/12\/IESE-Business-School_gal.jpg\" alt=\"Iese business scool in Barcelona\" width=\"602\" height=\"388\" srcset=\"https:\/\/novak-m.com\/wp-content\/uploads\/2021\/12\/IESE-Business-School_gal.jpg 602w, https:\/\/novak-m.com\/wp-content\/uploads\/2021\/12\/IESE-Business-School_gal-300x193.jpg 300w, https:\/\/novak-m.com\/wp-content\/uploads\/2021\/12\/IESE-Business-School_gal-600x387.jpg 600w, https:\/\/novak-m.com\/wp-content\/uploads\/2021\/12\/IESE-Business-School_gal-186x120.jpg 186w\" sizes=\"auto, (max-width: 602px) 100vw, 602px\" \/><\/p>\n<h2>Iskustvo iz prve ruke<\/h2>\n<p>Jakob Jau\u0161evec, voditelj razvoja tr\u017ei\u0161ta u tvrtki Novak M, o programu ka\u017ee: <em>\u201eOdluka za PMD u IESE Barcelona bila je jedna od najboljih odluka koje sam u zadnje vrijeme donio. Sam program, izazovna predavanja i me\u0111unarodna grupa definitivno predstavljaju izlet izvan uobi\u010dajene dnevne rutine i radnog okru\u017eenja. To mi tako\u0111er omogu\u0107uje da iskusim i nau\u010dim vi\u0161e o poslovanju, gospodarstvu i vo\u0111enju te da sagledam izazove iz razli\u010ditih perspektiva. Poti\u010de moj osobni i karijerni rast te mi daje alate za dono\u0161enje boljih odluka.\u201d<\/em><\/p>\n<h2>\u201eLjudi su na prvom mjestu\u201d<\/h2>\n<p>U tvrtki Novak M \u017eelimo da na\u0161a tvrtka bude poticajno okru\u017eenje za na\u0161e zaposlenike, ne samo u smislu rasta na\u0161eg poslovanja, ve\u0107 i u smislu profesionalnog i osobnog napretka i razvoja svakog pojedinca. Zavr\u0161imo s jednom od vrijednosti koja se u\u010di na fakultetu IESE Business School, a koju i mi smatramo vrlo bitnom: \u201eVjerujemo da su ljudi na prvom mjestu. Ljudski potencijali najvrjedniji su resurs svake organizacije.\u201d<\/p>\n<div style='text-align:center;' class='ow_post_button'><a target='_self' href='https:\/\/novak-m.com\/hr\/kontakt\/'>KONTAKTIRAJTE NAS<\/a><\/div>\n","protected":false},"excerpt":{"rendered":"<p>Dva \u010dlana na\u0161eg tima ovog su tjedna u Barceloni, sudjeluju u Programu za razvoj menad\u017ementa na fakultetu IESE Business School, Sveu\u010dili\u0161te Navarra, u \u0160panjolskoj.<\/p>\n","protected":false},"author":5,"featured_media":59137,"comment_status":"open","ping_status":"open","sticky":false,"template":"","format":"standard","meta":{"_acf_changed":false,"footnotes":""},"categories":[479],"tags":[],"class_list":["post-59155","post","type-post","status-publish","format-standard","has-post-thumbnail","hentry","category-vijesti"],"acf":[],"yoast_head":"<!-- This site is optimized with the Yoast SEO plugin v25.5 - https:\/\/yoast.com\/wordpress\/plugins\/seo\/ -->\n<title>Dio na\u0161eg tima je u Barceloni na IESE Business School | Novak M<\/title>\n<meta name=\"description\" content=\"Dva \u010dlana na\u0161eg tima poha\u0111aju Program za razvoj menad\u017ementa na renomiranom \u0161panjolskom fakultetu IESE Business School Sveu\u010dili\u0161ta u Navarri.\" \/>\n<meta name=\"robots\" content=\"index, follow, max-snippet:-1, max-image-preview:large, max-video-preview:-1\" \/>\n<link rel=\"canonical\" href=\"https:\/\/novak-m.com\/part-of-our-team-is-at-iese-business-school\/\" \/>\n<meta property=\"og:locale\" content=\"hr_HR\" \/>\n<meta property=\"og:type\" content=\"article\" \/>\n<meta property=\"og:title\" content=\"Dio na\u0161eg tima je u Barceloni na IESE Business School | Novak M\" \/>\n<meta property=\"og:description\" content=\"Dva \u010dlana na\u0161eg tima poha\u0111aju Program za razvoj menad\u017ementa na renomiranom \u0161panjolskom fakultetu IESE Business School Sveu\u010dili\u0161ta u Navarri.\" \/>\n<meta property=\"og:url\" content=\"https:\/\/novak-m.com\/part-of-our-team-is-at-iese-business-school\/\" \/>\n<meta property=\"og:site_name\" content=\"Novak-M\" \/>\n<meta property=\"article:published_time\" content=\"2021-12-13T11:31:27+00:00\" \/>\n<meta property=\"article:modified_time\" content=\"2022-01-10T06:23:24+00:00\" \/>\n<meta property=\"og:image\" content=\"https:\/\/novak-m.com\/wp-content\/uploads\/2021\/12\/IESE_fb.jpg\" \/>\n\t<meta property=\"og:image:width\" content=\"1200\" \/>\n\t<meta property=\"og:image:height\" content=\"627\" \/>\n\t<meta property=\"og:image:type\" content=\"image\/jpeg\" \/>\n<meta name=\"author\" content=\"ana_cesen\" \/>\n<meta name=\"twitter:card\" content=\"summary_large_image\" \/>\n<meta name=\"twitter:label1\" content=\"Written by\" \/>\n\t<meta name=\"twitter:data1\" content=\"ana_cesen\" \/>\n\t<meta name=\"twitter:label2\" content=\"Est. reading time\" \/>\n\t<meta name=\"twitter:data2\" content=\"2 minutes\" \/>\n<script type=\"application\/ld+json\" class=\"yoast-schema-graph\">{\"@context\":\"https:\/\/schema.org\",\"@graph\":[{\"@type\":\"WebPage\",\"@id\":\"https:\/\/novak-m.com\/part-of-our-team-is-at-iese-business-school\/\",\"url\":\"https:\/\/novak-m.com\/part-of-our-team-is-at-iese-business-school\/\",\"name\":\"Dio na\u0161eg tima je u Barceloni na IESE Business School | Novak M\",\"isPartOf\":{\"@id\":\"https:\/\/novak-m.com\/fr\/#website\"},\"primaryImageOfPage\":{\"@id\":\"https:\/\/novak-m.com\/part-of-our-team-is-at-iese-business-school\/#primaryimage\"},\"image\":{\"@id\":\"https:\/\/novak-m.com\/part-of-our-team-is-at-iese-business-school\/#primaryimage\"},\"thumbnailUrl\":\"https:\/\/novak-m.com\/wp-content\/uploads\/2021\/12\/IESE-Business-School_gen.jpg\",\"datePublished\":\"2021-12-13T11:31:27+00:00\",\"dateModified\":\"2022-01-10T06:23:24+00:00\",\"author\":{\"@id\":\"https:\/\/novak-m.com\/fr\/#\/schema\/person\/f484d4bdbb417bc65e1281ff35734865\"},\"description\":\"Dva \u010dlana na\u0161eg tima poha\u0111aju Program za razvoj menad\u017ementa na renomiranom \u0161panjolskom fakultetu IESE Business School Sveu\u010dili\u0161ta u Navarri.\",\"breadcrumb\":{\"@id\":\"https:\/\/novak-m.com\/part-of-our-team-is-at-iese-business-school\/#breadcrumb\"},\"inLanguage\":\"hr-HR\",\"potentialAction\":[{\"@type\":\"ReadAction\",\"target\":[\"https:\/\/novak-m.com\/part-of-our-team-is-at-iese-business-school\/\"]}]},{\"@type\":\"ImageObject\",\"inLanguage\":\"hr-HR\",\"@id\":\"https:\/\/novak-m.com\/part-of-our-team-is-at-iese-business-school\/#primaryimage\",\"url\":\"https:\/\/novak-m.com\/wp-content\/uploads\/2021\/12\/IESE-Business-School_gen.jpg\",\"contentUrl\":\"https:\/\/novak-m.com\/wp-content\/uploads\/2021\/12\/IESE-Business-School_gen.jpg\",\"width\":1037,\"height\":929,\"caption\":\"in front of IESE business school\"},{\"@type\":\"BreadcrumbList\",\"@id\":\"https:\/\/novak-m.com\/part-of-our-team-is-at-iese-business-school\/#breadcrumb\",\"itemListElement\":[{\"@type\":\"ListItem\",\"position\":1,\"name\":\"Home\",\"item\":\"https:\/\/novak-m.com\/hr\/home\/\"},{\"@type\":\"ListItem\",\"position\":2,\"name\":\"Dio na\u0161eg tima je u Barceloni na fakultetu IESE Business School\"}]},{\"@type\":\"WebSite\",\"@id\":\"https:\/\/novak-m.com\/fr\/#website\",\"url\":\"https:\/\/novak-m.com\/fr\/\",\"name\":\"Novak M\",\"description\":\"Novak M | official international webpage | novak-m.com\",\"potentialAction\":[{\"@type\":\"SearchAction\",\"target\":{\"@type\":\"EntryPoint\",\"urlTemplate\":\"https:\/\/novak-m.com\/fr\/?s={search_term_string}\"},\"query-input\":{\"@type\":\"PropertyValueSpecification\",\"valueRequired\":true,\"valueName\":\"search_term_string\"}}],\"inLanguage\":\"hr-HR\"},{\"@type\":\"Person\",\"@id\":\"https:\/\/novak-m.com\/fr\/#\/schema\/person\/f484d4bdbb417bc65e1281ff35734865\",\"name\":\"ana_cesen\",\"url\":\"https:\/\/novak-m.com\/hr\/author\/ana_cesen\/\"}]}<\/script>\n<!-- \/ Yoast SEO plugin. -->","yoast_head_json":{"title":"Dio na\u0161eg tima je u Barceloni na IESE Business School | Novak M","description":"Dva \u010dlana na\u0161eg tima poha\u0111aju Program za razvoj menad\u017ementa na renomiranom \u0161panjolskom fakultetu IESE Business School Sveu\u010dili\u0161ta u Navarri.","robots":{"index":"index","follow":"follow","max-snippet":"max-snippet:-1","max-image-preview":"max-image-preview:large","max-video-preview":"max-video-preview:-1"},"canonical":"https:\/\/novak-m.com\/part-of-our-team-is-at-iese-business-school\/","og_locale":"hr_HR","og_type":"article","og_title":"Dio na\u0161eg tima je u Barceloni na IESE Business School | Novak M","og_description":"Dva \u010dlana na\u0161eg tima poha\u0111aju Program za razvoj menad\u017ementa na renomiranom \u0161panjolskom fakultetu IESE Business School Sveu\u010dili\u0161ta u Navarri.","og_url":"https:\/\/novak-m.com\/part-of-our-team-is-at-iese-business-school\/","og_site_name":"Novak-M","article_published_time":"2021-12-13T11:31:27+00:00","article_modified_time":"2022-01-10T06:23:24+00:00","og_image":[{"width":1200,"height":627,"url":"https:\/\/novak-m.com\/wp-content\/uploads\/2021\/12\/IESE_fb.jpg","type":"image\/jpeg"}],"author":"ana_cesen","twitter_card":"summary_large_image","twitter_misc":{"Written by":"ana_cesen","Est. reading time":"2 minutes"},"schema":{"@context":"https:\/\/schema.org","@graph":[{"@type":"WebPage","@id":"https:\/\/novak-m.com\/part-of-our-team-is-at-iese-business-school\/","url":"https:\/\/novak-m.com\/part-of-our-team-is-at-iese-business-school\/","name":"Dio na\u0161eg tima je u Barceloni na IESE Business School | Novak M","isPartOf":{"@id":"https:\/\/novak-m.com\/fr\/#website"},"primaryImageOfPage":{"@id":"https:\/\/novak-m.com\/part-of-our-team-is-at-iese-business-school\/#primaryimage"},"image":{"@id":"https:\/\/novak-m.com\/part-of-our-team-is-at-iese-business-school\/#primaryimage"},"thumbnailUrl":"https:\/\/novak-m.com\/wp-content\/uploads\/2021\/12\/IESE-Business-School_gen.jpg","datePublished":"2021-12-13T11:31:27+00:00","dateModified":"2022-01-10T06:23:24+00:00","author":{"@id":"https:\/\/novak-m.com\/fr\/#\/schema\/person\/f484d4bdbb417bc65e1281ff35734865"},"description":"Dva \u010dlana na\u0161eg tima poha\u0111aju Program za razvoj menad\u017ementa na renomiranom \u0161panjolskom fakultetu IESE Business School Sveu\u010dili\u0161ta u Navarri.","breadcrumb":{"@id":"https:\/\/novak-m.com\/part-of-our-team-is-at-iese-business-school\/#breadcrumb"},"inLanguage":"hr-HR","potentialAction":[{"@type":"ReadAction","target":["https:\/\/novak-m.com\/part-of-our-team-is-at-iese-business-school\/"]}]},{"@type":"ImageObject","inLanguage":"hr-HR","@id":"https:\/\/novak-m.com\/part-of-our-team-is-at-iese-business-school\/#primaryimage","url":"https:\/\/novak-m.com\/wp-content\/uploads\/2021\/12\/IESE-Business-School_gen.jpg","contentUrl":"https:\/\/novak-m.com\/wp-content\/uploads\/2021\/12\/IESE-Business-School_gen.jpg","width":1037,"height":929,"caption":"in front of IESE business school"},{"@type":"BreadcrumbList","@id":"https:\/\/novak-m.com\/part-of-our-team-is-at-iese-business-school\/#breadcrumb","itemListElement":[{"@type":"ListItem","position":1,"name":"Home","item":"https:\/\/novak-m.com\/hr\/home\/"},{"@type":"ListItem","position":2,"name":"Dio na\u0161eg tima je u Barceloni na fakultetu IESE Business School"}]},{"@type":"WebSite","@id":"https:\/\/novak-m.com\/fr\/#website","url":"https:\/\/novak-m.com\/fr\/","name":"Novak M","description":"Novak M | official international webpage | novak-m.com","potentialAction":[{"@type":"SearchAction","target":{"@type":"EntryPoint","urlTemplate":"https:\/\/novak-m.com\/fr\/?s={search_term_string}"},"query-input":{"@type":"PropertyValueSpecification","valueRequired":true,"valueName":"search_term_string"}}],"inLanguage":"hr-HR"},{"@type":"Person","@id":"https:\/\/novak-m.com\/fr\/#\/schema\/person\/f484d4bdbb417bc65e1281ff35734865","name":"ana_cesen","url":"https:\/\/novak-m.com\/hr\/author\/ana_cesen\/"}]}},"_links":{"self":[{"href":"https:\/\/novak-m.com\/hr\/wp-json\/wp\/v2\/posts\/59155","targetHints":{"allow":["GET"]}}],"collection":[{"href":"https:\/\/novak-m.com\/hr\/wp-json\/wp\/v2\/posts"}],"about":[{"href":"https:\/\/novak-m.com\/hr\/wp-json\/wp\/v2\/types\/post"}],"author":[{"embeddable":true,"href":"https:\/\/novak-m.com\/hr\/wp-json\/wp\/v2\/users\/5"}],"replies":[{"embeddable":true,"href":"https:\/\/novak-m.com\/hr\/wp-json\/wp\/v2\/comments?post=59155"}],"version-history":[{"count":0,"href":"https:\/\/novak-m.com\/hr\/wp-json\/wp\/v2\/posts\/59155\/revisions"}],"wp:featuredmedia":[{"embeddable":true,"href":"https:\/\/novak-m.com\/hr\/wp-json\/wp\/v2\/media\/59137"}],"wp:attachment":[{"href":"https:\/\/novak-m.com\/hr\/wp-json\/wp\/v2\/media?parent=59155"}],"wp:term":[{"taxonomy":"category","embeddable":true,"href":"https:\/\/novak-m.com\/hr\/wp-json\/wp\/v2\/categories?post=59155"},{"taxonomy":"post_tag","embeddable":true,"href":"https:\/\/novak-m.com\/hr\/wp-json\/wp\/v2\/tags?post=59155"}],"curies":[{"name":"wp","href":"https:\/\/api.w.org\/{rel}","templated":true}]}}