{"id":88519,"date":"2023-10-10T13:19:25","date_gmt":"2023-10-10T11:19:25","guid":{"rendered":"https:\/\/www.novak-m.com\/?p=88519"},"modified":"2023-10-24T07:57:10","modified_gmt":"2023-10-24T05:57:10","slug":"evenement-cycliste-strma-reber","status":"publish","type":"post","link":"https:\/\/novak-m.com\/fr\/evenement-cycliste-strma-reber\/","title":{"rendered":"Difficile, mais magnifique\u00a0!"},"content":{"rendered":"<h2>Un automne agr\u00e9able<\/h2>\n<p>Lorsque nos cyclistes ont \u00e9t\u00e9 contraints de changer leur plan en septembre \u00e0 cause d&rsquo;un week-end de pluie ininterrompue, nous craignions secr\u00e8tement que la temp\u00e9rature ne soit plus tr\u00e8s agr\u00e9able pour effectuer la derni\u00e8re sortie de la saison. Finalement, l&rsquo;automne a \u00e9t\u00e9 tr\u00e8s cl\u00e9ment cette ann\u00e9e et nous a offert une journ\u00e9e de dimanche chaude et agr\u00e9able, dont <a href=\"https:\/\/novak-m.com\/fr\/marathon-de-franja-et-pique-nique-pour-lequipe\/\"><strong>nos cyclistes<\/strong><\/a> ont profit\u00e9 au maximum.<\/p>\n<p><img loading=\"lazy\" decoding=\"async\" class=\"alignnone size-full wp-image-88479\" src=\"https:\/\/novak-m.com\/wp-content\/uploads\/2023\/10\/Strma-reber_1.webp\" alt=\"\" width=\"602\" height=\"388\" srcset=\"https:\/\/novak-m.com\/wp-content\/uploads\/2023\/10\/Strma-reber_1.webp 602w, https:\/\/novak-m.com\/wp-content\/uploads\/2023\/10\/Strma-reber_1-300x193.webp 300w, https:\/\/novak-m.com\/wp-content\/uploads\/2023\/10\/Strma-reber_1-600x387.webp 600w, https:\/\/novak-m.com\/wp-content\/uploads\/2023\/10\/Strma-reber_1-186x120.webp 186w\" sizes=\"auto, (max-width: 602px) 100vw, 602px\" \/><\/p>\n<h2>Le meilleur pour la fin<\/h2>\n<p>Pour cl\u00f4turer la saison, ils ont opt\u00e9 pour un itin\u00e9raire conseill\u00e9 \u00e0 ceux qui ont d\u00e9j\u00e0 parcouru de nombreux kilom\u00e8tres. Comme ils ont dit tr\u00e8s simplement : difficile, mais magnifique ! Le parcours les a men\u00e9s de Ribnica \u00e0 Osilnica, en passant par le col Strma Reber, \u00e9galement connu sous le nom de \u00ab\u00a0Petit Vr\u0161i\u010d\u00a0\u00bb, pour revenir ensuite au point de d\u00e9part. Ce col compte 19 lacets d&rsquo;une pente moyenne de 8,8 % et pouvant atteindre un maximum de 17 %. Son sommet se trouve \u00e0 une altitude de 993 m. Les chiffres (85 kilom\u00e8tres et 1850 m\u00e8tres d&rsquo;altitude) nous indiquent qu&rsquo;il ne s&rsquo;agissait pas d&rsquo;une promenade de sant\u00e9. Le paysage \u00e9poustouflant des for\u00eats de Ko\u010devje \u00e0 travers lesquelles serpente cette route a \u00e9galement contribu\u00e9 \u00e0 l&rsquo;exp\u00e9rience.<\/p>\n<p><img loading=\"lazy\" decoding=\"async\" class=\"alignnone size-full wp-image-88507\" src=\"https:\/\/novak-m.com\/wp-content\/uploads\/2023\/10\/Strma-reber_3.webp\" alt=\"\" width=\"602\" height=\"388\" srcset=\"https:\/\/novak-m.com\/wp-content\/uploads\/2023\/10\/Strma-reber_3.webp 602w, https:\/\/novak-m.com\/wp-content\/uploads\/2023\/10\/Strma-reber_3-300x193.webp 300w, https:\/\/novak-m.com\/wp-content\/uploads\/2023\/10\/Strma-reber_3-600x387.webp 600w, https:\/\/novak-m.com\/wp-content\/uploads\/2023\/10\/Strma-reber_3-186x120.webp 186w\" sizes=\"auto, (max-width: 602px) 100vw, 602px\" \/><\/p>\n<h2>Un au revoir r\u00e9ussi<\/h2>\n<p>Ils ont termin\u00e9 la saison satisfaits et dans la bonne humeur, en d\u00e9gustant de bons plats accompagn\u00e9s de boissons et, bien s\u00fbr, en dressant de nouveaux plans pour l&rsquo;ann\u00e9e \u00e0 venir. Laissons-nous surprendre !<\/p>\n<div style='text-align:center;' class='ow_post_button'><a target='_self' href='https:\/\/novak-m.com\/contact\/'>CONTACTEZ-NOUS<\/a><\/div>\n","protected":false},"excerpt":{"rendered":"<p>Il fallait que nous le partagions. La derni\u00e8re sortie de notre \u00e9quipe de cyclistes a \u00e9t\u00e9 extraordinaire !<\/p>\n","protected":false},"author":5,"featured_media":88489,"comment_status":"closed","ping_status":"closed","sticky":false,"template":"","format":"standard","meta":{"_acf_changed":false,"footnotes":""},"categories":[310],"tags":[],"class_list":["post-88519","post","type-post","status-publish","format-standard","has-post-thumbnail","hentry","category-actualites"],"acf":[],"yoast_head":"<!-- This site is optimized with the Yoast SEO plugin v25.5 - https:\/\/yoast.com\/wordpress\/plugins\/seo\/ -->\n<title>Difficile, mais magnifique !\u2502 Novak M<\/title>\n<meta name=\"description\" content=\"L&#039;\u00e9quipe cycliste Novak M a cl\u00f4tur\u00e9 la saison par une ascension de Strma Reber dans la r\u00e9gion de KO\u010devje. Difficile, mais magnifique !\" \/>\n<meta name=\"robots\" content=\"index, follow, max-snippet:-1, max-image-preview:large, max-video-preview:-1\" \/>\n<link rel=\"canonical\" href=\"https:\/\/novak-m.com\/fr\/evenement-cycliste-strma-reber\/\" \/>\n<meta property=\"og:locale\" content=\"fr_FR\" \/>\n<meta property=\"og:type\" content=\"article\" \/>\n<meta property=\"og:title\" content=\"Difficile, mais magnifique !\u2502 Novak M\" \/>\n<meta property=\"og:description\" content=\"L&#039;\u00e9quipe cycliste Novak M a cl\u00f4tur\u00e9 la saison par une ascension de Strma Reber dans la r\u00e9gion de KO\u010devje. Difficile, mais magnifique !\" \/>\n<meta property=\"og:url\" content=\"https:\/\/novak-m.com\/fr\/evenement-cycliste-strma-reber\/\" \/>\n<meta property=\"og:site_name\" content=\"Novak-M\" \/>\n<meta property=\"article:published_time\" content=\"2023-10-10T11:19:25+00:00\" \/>\n<meta property=\"article:modified_time\" content=\"2023-10-24T05:57:10+00:00\" \/>\n<meta property=\"og:image\" content=\"https:\/\/novak-m.com\/wp-content\/uploads\/2023\/10\/Strma-reber_fb.webp\" \/>\n\t<meta property=\"og:image:width\" content=\"1200\" \/>\n\t<meta property=\"og:image:height\" content=\"630\" \/>\n\t<meta property=\"og:image:type\" content=\"image\/webp\" \/>\n<meta name=\"author\" content=\"ana_cesen\" \/>\n<meta name=\"twitter:card\" content=\"summary_large_image\" \/>\n<meta name=\"twitter:label1\" content=\"\u00c9crit par\" \/>\n\t<meta name=\"twitter:data1\" content=\"ana_cesen\" \/>\n\t<meta name=\"twitter:label2\" content=\"Dur\u00e9e de lecture estim\u00e9e\" \/>\n\t<meta name=\"twitter:data2\" content=\"2 minutes\" \/>\n<script type=\"application\/ld+json\" class=\"yoast-schema-graph\">{\"@context\":\"https:\/\/schema.org\",\"@graph\":[{\"@type\":\"WebPage\",\"@id\":\"https:\/\/novak-m.com\/fr\/evenement-cycliste-strma-reber\/\",\"url\":\"https:\/\/novak-m.com\/fr\/evenement-cycliste-strma-reber\/\",\"name\":\"Difficile, mais magnifique !\u2502 Novak M\",\"isPartOf\":{\"@id\":\"https:\/\/novak-m.com\/fr\/#website\"},\"primaryImageOfPage\":{\"@id\":\"https:\/\/novak-m.com\/fr\/evenement-cycliste-strma-reber\/#primaryimage\"},\"image\":{\"@id\":\"https:\/\/novak-m.com\/fr\/evenement-cycliste-strma-reber\/#primaryimage\"},\"thumbnailUrl\":\"https:\/\/novak-m.com\/wp-content\/uploads\/2023\/10\/Strma-reber_2.webp\",\"datePublished\":\"2023-10-10T11:19:25+00:00\",\"dateModified\":\"2023-10-24T05:57:10+00:00\",\"author\":{\"@id\":\"https:\/\/novak-m.com\/fr\/#\/schema\/person\/f484d4bdbb417bc65e1281ff35734865\"},\"description\":\"L'\u00e9quipe cycliste Novak M a cl\u00f4tur\u00e9 la saison par une ascension de Strma Reber dans la r\u00e9gion de KO\u010devje. Difficile, mais magnifique !\",\"breadcrumb\":{\"@id\":\"https:\/\/novak-m.com\/fr\/evenement-cycliste-strma-reber\/#breadcrumb\"},\"inLanguage\":\"fr-FR\",\"potentialAction\":[{\"@type\":\"ReadAction\",\"target\":[\"https:\/\/novak-m.com\/fr\/evenement-cycliste-strma-reber\/\"]}]},{\"@type\":\"ImageObject\",\"inLanguage\":\"fr-FR\",\"@id\":\"https:\/\/novak-m.com\/fr\/evenement-cycliste-strma-reber\/#primaryimage\",\"url\":\"https:\/\/novak-m.com\/wp-content\/uploads\/2023\/10\/Strma-reber_2.webp\",\"contentUrl\":\"https:\/\/novak-m.com\/wp-content\/uploads\/2023\/10\/Strma-reber_2.webp\",\"width\":602,\"height\":388},{\"@type\":\"BreadcrumbList\",\"@id\":\"https:\/\/novak-m.com\/fr\/evenement-cycliste-strma-reber\/#breadcrumb\",\"itemListElement\":[{\"@type\":\"ListItem\",\"position\":1,\"name\":\"Home\",\"item\":\"https:\/\/novak-m.com\/fr\/home\/\"},{\"@type\":\"ListItem\",\"position\":2,\"name\":\"Difficile, mais magnifique\u00a0!\"}]},{\"@type\":\"WebSite\",\"@id\":\"https:\/\/novak-m.com\/fr\/#website\",\"url\":\"https:\/\/novak-m.com\/fr\/\",\"name\":\"Novak M\",\"description\":\"Novak M | official international webpage | novak-m.com\",\"potentialAction\":[{\"@type\":\"SearchAction\",\"target\":{\"@type\":\"EntryPoint\",\"urlTemplate\":\"https:\/\/novak-m.com\/fr\/?s={search_term_string}\"},\"query-input\":{\"@type\":\"PropertyValueSpecification\",\"valueRequired\":true,\"valueName\":\"search_term_string\"}}],\"inLanguage\":\"fr-FR\"},{\"@type\":\"Person\",\"@id\":\"https:\/\/novak-m.com\/fr\/#\/schema\/person\/f484d4bdbb417bc65e1281ff35734865\",\"name\":\"ana_cesen\",\"url\":\"https:\/\/novak-m.com\/fr\/author\/ana_cesen\/\"}]}<\/script>\n<!-- \/ Yoast SEO plugin. -->","yoast_head_json":{"title":"Difficile, mais magnifique !\u2502 Novak M","description":"L'\u00e9quipe cycliste Novak M a cl\u00f4tur\u00e9 la saison par une ascension de Strma Reber dans la r\u00e9gion de KO\u010devje. Difficile, mais magnifique !","robots":{"index":"index","follow":"follow","max-snippet":"max-snippet:-1","max-image-preview":"max-image-preview:large","max-video-preview":"max-video-preview:-1"},"canonical":"https:\/\/novak-m.com\/fr\/evenement-cycliste-strma-reber\/","og_locale":"fr_FR","og_type":"article","og_title":"Difficile, mais magnifique !\u2502 Novak M","og_description":"L'\u00e9quipe cycliste Novak M a cl\u00f4tur\u00e9 la saison par une ascension de Strma Reber dans la r\u00e9gion de KO\u010devje. Difficile, mais magnifique !","og_url":"https:\/\/novak-m.com\/fr\/evenement-cycliste-strma-reber\/","og_site_name":"Novak-M","article_published_time":"2023-10-10T11:19:25+00:00","article_modified_time":"2023-10-24T05:57:10+00:00","og_image":[{"width":1200,"height":630,"url":"https:\/\/novak-m.com\/wp-content\/uploads\/2023\/10\/Strma-reber_fb.webp","type":"image\/webp"}],"author":"ana_cesen","twitter_card":"summary_large_image","twitter_misc":{"\u00c9crit par":"ana_cesen","Dur\u00e9e de lecture estim\u00e9e":"2 minutes"},"schema":{"@context":"https:\/\/schema.org","@graph":[{"@type":"WebPage","@id":"https:\/\/novak-m.com\/fr\/evenement-cycliste-strma-reber\/","url":"https:\/\/novak-m.com\/fr\/evenement-cycliste-strma-reber\/","name":"Difficile, mais magnifique !\u2502 Novak M","isPartOf":{"@id":"https:\/\/novak-m.com\/fr\/#website"},"primaryImageOfPage":{"@id":"https:\/\/novak-m.com\/fr\/evenement-cycliste-strma-reber\/#primaryimage"},"image":{"@id":"https:\/\/novak-m.com\/fr\/evenement-cycliste-strma-reber\/#primaryimage"},"thumbnailUrl":"https:\/\/novak-m.com\/wp-content\/uploads\/2023\/10\/Strma-reber_2.webp","datePublished":"2023-10-10T11:19:25+00:00","dateModified":"2023-10-24T05:57:10+00:00","author":{"@id":"https:\/\/novak-m.com\/fr\/#\/schema\/person\/f484d4bdbb417bc65e1281ff35734865"},"description":"L'\u00e9quipe cycliste Novak M a cl\u00f4tur\u00e9 la saison par une ascension de Strma Reber dans la r\u00e9gion de KO\u010devje. Difficile, mais magnifique !","breadcrumb":{"@id":"https:\/\/novak-m.com\/fr\/evenement-cycliste-strma-reber\/#breadcrumb"},"inLanguage":"fr-FR","potentialAction":[{"@type":"ReadAction","target":["https:\/\/novak-m.com\/fr\/evenement-cycliste-strma-reber\/"]}]},{"@type":"ImageObject","inLanguage":"fr-FR","@id":"https:\/\/novak-m.com\/fr\/evenement-cycliste-strma-reber\/#primaryimage","url":"https:\/\/novak-m.com\/wp-content\/uploads\/2023\/10\/Strma-reber_2.webp","contentUrl":"https:\/\/novak-m.com\/wp-content\/uploads\/2023\/10\/Strma-reber_2.webp","width":602,"height":388},{"@type":"BreadcrumbList","@id":"https:\/\/novak-m.com\/fr\/evenement-cycliste-strma-reber\/#breadcrumb","itemListElement":[{"@type":"ListItem","position":1,"name":"Home","item":"https:\/\/novak-m.com\/fr\/home\/"},{"@type":"ListItem","position":2,"name":"Difficile, mais magnifique\u00a0!"}]},{"@type":"WebSite","@id":"https:\/\/novak-m.com\/fr\/#website","url":"https:\/\/novak-m.com\/fr\/","name":"Novak M","description":"Novak M | official international webpage | novak-m.com","potentialAction":[{"@type":"SearchAction","target":{"@type":"EntryPoint","urlTemplate":"https:\/\/novak-m.com\/fr\/?s={search_term_string}"},"query-input":{"@type":"PropertyValueSpecification","valueRequired":true,"valueName":"search_term_string"}}],"inLanguage":"fr-FR"},{"@type":"Person","@id":"https:\/\/novak-m.com\/fr\/#\/schema\/person\/f484d4bdbb417bc65e1281ff35734865","name":"ana_cesen","url":"https:\/\/novak-m.com\/fr\/author\/ana_cesen\/"}]}},"_links":{"self":[{"href":"https:\/\/novak-m.com\/fr\/wp-json\/wp\/v2\/posts\/88519","targetHints":{"allow":["GET"]}}],"collection":[{"href":"https:\/\/novak-m.com\/fr\/wp-json\/wp\/v2\/posts"}],"about":[{"href":"https:\/\/novak-m.com\/fr\/wp-json\/wp\/v2\/types\/post"}],"author":[{"embeddable":true,"href":"https:\/\/novak-m.com\/fr\/wp-json\/wp\/v2\/users\/5"}],"replies":[{"embeddable":true,"href":"https:\/\/novak-m.com\/fr\/wp-json\/wp\/v2\/comments?post=88519"}],"version-history":[{"count":0,"href":"https:\/\/novak-m.com\/fr\/wp-json\/wp\/v2\/posts\/88519\/revisions"}],"wp:featuredmedia":[{"embeddable":true,"href":"https:\/\/novak-m.com\/fr\/wp-json\/wp\/v2\/media\/88489"}],"wp:attachment":[{"href":"https:\/\/novak-m.com\/fr\/wp-json\/wp\/v2\/media?parent=88519"}],"wp:term":[{"taxonomy":"category","embeddable":true,"href":"https:\/\/novak-m.com\/fr\/wp-json\/wp\/v2\/categories?post=88519"},{"taxonomy":"post_tag","embeddable":true,"href":"https:\/\/novak-m.com\/fr\/wp-json\/wp\/v2\/tags?post=88519"}],"curies":[{"name":"wp","href":"https:\/\/api.w.org\/{rel}","templated":true}]}}