{"id":86924,"date":"2023-09-01T12:52:40","date_gmt":"2023-09-01T10:52:40","guid":{"rendered":"https:\/\/www.novak-m.com\/world-physiotherapy-day-with-iza-gobar\/"},"modified":"2023-09-25T10:00:14","modified_gmt":"2023-09-25T08:00:14","slug":"journee-mondiale-de-la-physiotherapie-avec-iza-gobar","status":"publish","type":"post","link":"https:\/\/novak-m.com\/fr\/journee-mondiale-de-la-physiotherapie-avec-iza-gobar\/","title":{"rendered":"Journ\u00e9e mondiale de la physioth\u00e9rapie avec Iza Gobar"},"content":{"rendered":"<h2>1. Avant tout, pouvez-vous vous pr\u00e9senter bri\u00e8vement ?<\/h2>\n<p>Je m&rsquo;appelle Iza Gobar, je suis kin\u00e9sith\u00e9rapeute dipl\u00f4m\u00e9e, cofondatrice de <a href=\"https:\/\/fiza.si\/\"><strong>Fiza<\/strong><\/a>, amoureuse de la nature, du mouvement et de tout ce qui touche \u00e0 la compr\u00e9hension de l&rsquo;\u00eatre humain et de son fonctionnement.<\/p>\n<h2>2. Comment avez-vous compris que la physioth\u00e9rapie deviendrait votre m\u00e9tier ? Est-ce que vous l&rsquo;avez r\u00e9alis\u00e9 au fil du temps ou y a-t-il eu un moment d\u00e9cisif ?<\/h2>\n<p>J&rsquo;ai toujours \u00e9prouv\u00e9 le d\u00e9sir de conna\u00eetre et de comprendre le corps. Quand j&rsquo;\u00e9tais enfant, je proposais d\u00e9j\u00e0 souvent \u00e0 mes proches de leur faire des massages. Je n&rsquo;avais bien entendu aucune connaissance en la mati\u00e8re, mais c&rsquo;est ainsi que j&rsquo;ai commenc\u00e9 \u00e0 d\u00e9velopper ce type d&rsquo;aptitudes motrices d\u00e8s mon plus jeune \u00e2ge. Puis, au lyc\u00e9e, j&rsquo;ai d\u00e9couvert et commenc\u00e9 l&rsquo;a\u00e9robic et le Pilates. \u00c0 l&rsquo;\u00e2ge de 16 ans, je suis devenue instructrice d&rsquo;a\u00e9robic et c&rsquo;est l\u00e0 que j&rsquo;ai \u00e9t\u00e9 expos\u00e9e pour la premi\u00e8re fois \u00e0 l&rsquo;anatomie et au corps en mouvement. Aussi, la d\u00e9cision d&rsquo;\u00e9tudier la kin\u00e9sith\u00e9rapie \u00e0 l&rsquo;Alma mater Europaea s&rsquo;est impos\u00e9e \u00e0 moi comme une \u00e9vidence.<\/p>\n<h2>3. Parlez-nous de votre travail. Quel est votre domaine de pr\u00e9dilection, qui sont vos patients ?<\/h2>\n<p>Je travaille actuellement dans deux domaines, qui sont toutefois tr\u00e8s compl\u00e9mentaires.<\/p>\n<p>Le premier est la physioth\u00e9rapie, en particulier la neurophysioth\u00e9rapie, o\u00f9 je travaille avec des personnes ayant subi des dommages au syst\u00e8me nerveux central. Le second est la pr\u00e9vention : j&rsquo;effectue des traitements de \u00ab restauration du corps \u00bb selon ma propre m\u00e9thode, appel\u00e9e Fizaterapija. Ma client\u00e8le est tr\u00e8s vari\u00e9e et comprend aussi bien des personnes en bonne sant\u00e9 qui souhaitent se sentir mieux que des personnes souffrant de douleurs chroniques ou ayant subi une blessure. Je travaille avec tous les groupes d&rsquo;\u00e2ge, sans restrictions d&rsquo;\u00e2ge. Les traitements de \u00ab restauration du corps \u00bb repr\u00e9sentent une partie importante de mon activit\u00e9. Les gens ont encore tendance \u00e0 utiliser le terme trop g\u00e9n\u00e9ral de \u00ab massage \u00bb, mais il s&rsquo;agit en fait d&rsquo;une approche raffin\u00e9e et holistique visant \u00e0 soulager certains probl\u00e8mes de sant\u00e9, ou encore d&rsquo;une mani\u00e8re efficace de se d\u00e9tendre et de se maintenir en bonne sant\u00e9 en m\u00eame temps. Je travaille \u00e9galement avec Alma mater Europea, un \u00e9tablissement d&rsquo;enseignement sup\u00e9rieur o\u00f9 j&rsquo;enseigne les bases du massage classique et o\u00f9 je participe activement \u00e0 la promotion et au d\u00e9veloppement du massage dans notre soci\u00e9t\u00e9.<\/p>\n<p>De temps en temps, je participe aussi \u00e0 des comp\u00e9titions internationales de massage. Les r\u00e9actions sont tr\u00e8s positives depuis que j&rsquo;ai remport\u00e9 la cat\u00e9gorie freestyle aux championnats du monde au Danemark en 2021 et, cette ann\u00e9e, j&rsquo;ai remport\u00e9 le titre dans la cat\u00e9gorie massage classique aux championnats balkaniques en Serbie. Tous ces \u00e9v\u00e9nements m&rsquo;aident \u00e0 exprimer ma cr\u00e9ativit\u00e9 et mes nouvelles id\u00e9es, mais ce qui compte le plus pour l&rsquo;instant, c&rsquo;est de collaborer avec des experts qui ont d\u00e9j\u00e0 fait leurs preuves dans ce secteur et d&rsquo;apprendre d&rsquo;eux.<\/p>\n<h2>4. Comment pr\u00e9senteriez-vous le domaine de la neurophysioth\u00e9rapie ?<\/h2>\n<p>La neurophysioth\u00e9rapie est une branche sp\u00e9cifique de la physioth\u00e9rapie qui se concentre sur le traitement et le soulagement des maladies et des blessures du syst\u00e8me nerveux.<\/p>\n<p>J&rsquo;avais d\u00e9j\u00e0 \u00e9t\u00e9 amen\u00e9 \u00e0 travailler avec des patients neurologiques \u00e0 de nombreuses reprises dans le cadre de mon activit\u00e9 de physioth\u00e9rapeute. Apr\u00e8s avoir suivi le cours de base Bobath au Centre de physioth\u00e9rapie de Ljubljana, une toute nouvelle perspective sur la mani\u00e8re d&rsquo;aborder le traitement s&rsquo;est ouverte \u00e0 moi.\u00a0 J&rsquo;ai r\u00e9alis\u00e9 que tous les syst\u00e8mes du corps sont intimement li\u00e9s au cerveau et que la connaissance de ces syst\u00e8mes peut conduire \u00e0 de meilleurs r\u00e9sultats en mati\u00e8re de r\u00e9\u00e9ducation, et cela pas n\u00e9cessairement dans le seul cas d&rsquo;une l\u00e9sion du syst\u00e8me nerveux central. Apr\u00e8s plusieurs ann\u00e9es de travail sur le terrain en tant que physioth\u00e9rapeute, j&rsquo;ai remarqu\u00e9 qu&rsquo;il y avait plut\u00f4t peu de professionnels dans ce secteur sp\u00e9cifique. Par exemple, environ 3 000 personnes sont victimes d&rsquo;un accident vasculaire c\u00e9r\u00e9bral chaque ann\u00e9e, rien qu&rsquo;en Slov\u00e9nie. Malheureusement, seul un petit nombre d&rsquo;entre elles peuvent b\u00e9n\u00e9ficier d&rsquo;un traitement neurophysioth\u00e9rapeutique de qualit\u00e9 sur le long terme, bien que cela est crucial pour la r\u00e9cup\u00e9ration et le maintien d\u2019un bon \u00e9tat de sant\u00e9. Bien s\u00fbr, le traitement est \u00e9galement autofinanc\u00e9.<\/p>\n<h2>\u00a05. J&rsquo;ai \u00e9galement lu des articles sur le massage Fiza, avec lequel vous avez remport\u00e9 la premi\u00e8re place dans la cat\u00e9gorie freestyle lors des championnats du monde de massage \u00e0 Copenhague, au Danemark. Pouvez-vous nous en dire plus sur cette technique ?<\/h2>\n<p>Le massage Fiza, autrement dit la th\u00e9rapie pour la restauration du corps, est le r\u00e9sultat de 10 ann\u00e9es de pratique et de recherche sur les diff\u00e9rentes techniques et approches de la physioth\u00e9rapie classique et des th\u00e9rapies compl\u00e9mentaires. La cl\u00e9 r\u00e9side dans l&rsquo;approche holistique des patients. Le traitement est adapt\u00e9 aux besoins de l&rsquo;individu mais contient tous les \u00e9l\u00e9ments cl\u00e9s n\u00e9cessaires pour r\u00e9\u00e9quilibrer les syst\u00e8mes musculo-squelettiques et mentaux. Les techniques de massage classiques, le massage et l&rsquo;\u00e9tirement de la colonne vert\u00e9brale, les techniques de mobilisation, les techniques d&rsquo;acupression et les \u00e9tirements passifs viennent compl\u00e9ter la th\u00e9rapie. Le massage Fiza est \u00e9galement une proc\u00e9dure th\u00e9rapeutique enregistr\u00e9e officiellement et fait partie d&rsquo;un concept dont l&rsquo;objectif est de promouvoir la sensibilisation \u00e0 la sant\u00e9 et qui est en constante \u00e9volution et am\u00e9lioration.<\/p>\n<h2>6. Qu&rsquo;est-ce qui vous pla\u00eet le plus dans votre travail ?<\/h2>\n<p>Une r\u00e9\u00e9ducation r\u00e9ussie, le sourire du client apr\u00e8s la th\u00e9rapie, la gratitude, la joie v\u00e9ritable, le sentiment de soulagement, sont autant de satisfactions qui me poussent \u00e0 continuer. Et surtout, l&rsquo;opportunit\u00e9 de rencontrer des gens extraordinaires, qu&rsquo;ils soient clients ou enseignants. Chaque petite pi\u00e8ce qu&rsquo;ils apportent \u00e0 la mosa\u00efque de mon parcours dans le domaine de la th\u00e9rapie n&rsquo;a pas de prix et c&rsquo;est ce qui me motive tant dans mon travail et en g\u00e9n\u00e9ral.<\/p>\n<p>Merci d&rsquo;avoir pris le temps de nous rencontrer. Nous vous souhaitons beaucoup de succ\u00e8s dans votre carri\u00e8re et de nombreux patients satisfaits !<\/p>\n<div style='text-align:center;' class='ow_post_button'><a target='_self' href='https:\/\/novak-m.com\/fr\/contact\/'>CONTACTEZ-NOUS<\/a><\/div>\n","protected":false},"excerpt":{"rendered":"<p>Expertise, exp\u00e9rience, d\u00e9vouement, enthousiasme et bonne volont\u00e9 : voici les qualit\u00e9s qui caract\u00e9risent la physioth\u00e9rapeute Iza Gobar que nous avons invit\u00e9e \u00e0 s&rsquo;exprimer \u00e0 l&rsquo;occasion de la Journ\u00e9e mondiale de la physioth\u00e9rapie.<\/p>\n","protected":false},"author":5,"featured_media":86782,"comment_status":"closed","ping_status":"closed","sticky":false,"template":"","format":"standard","meta":{"_acf_changed":false,"footnotes":""},"categories":[310],"tags":[],"class_list":["post-86924","post","type-post","status-publish","format-standard","has-post-thumbnail","hentry","category-actualites"],"acf":[],"yoast_head":"<!-- This site is optimized with the Yoast SEO plugin v25.5 - https:\/\/yoast.com\/wordpress\/plugins\/seo\/ -->\n<title>Journ\u00e9e mondiale de la physioth\u00e9rapie 2023 \u2502 Novak M<\/title>\n<meta name=\"description\" content=\"A l&#039;occasion de la Journ\u00e9e mondiale de la physioth\u00e9rapie, nous avons invit\u00e9 une kin\u00e9sith\u00e9rapeute Iza Gobar \u00e0 nous parler de son m\u00e9tier.\" \/>\n<meta name=\"robots\" content=\"index, follow, max-snippet:-1, max-image-preview:large, max-video-preview:-1\" \/>\n<link rel=\"canonical\" href=\"https:\/\/novak-m.com\/world-physiotherapy-day-with-iza-gobar\/\" \/>\n<meta property=\"og:locale\" content=\"fr_FR\" \/>\n<meta property=\"og:type\" content=\"article\" \/>\n<meta property=\"og:title\" content=\"Journ\u00e9e mondiale de la physioth\u00e9rapie 2023 \u2502 Novak M\" \/>\n<meta property=\"og:description\" content=\"A l&#039;occasion de la Journ\u00e9e mondiale de la physioth\u00e9rapie, nous avons invit\u00e9 une kin\u00e9sith\u00e9rapeute Iza Gobar \u00e0 nous parler de son m\u00e9tier.\" \/>\n<meta property=\"og:url\" content=\"https:\/\/novak-m.com\/world-physiotherapy-day-with-iza-gobar\/\" \/>\n<meta property=\"og:site_name\" content=\"Novak-M\" \/>\n<meta property=\"article:published_time\" content=\"2023-09-01T10:52:40+00:00\" \/>\n<meta property=\"article:modified_time\" content=\"2023-09-25T08:00:14+00:00\" \/>\n<meta property=\"og:image\" content=\"https:\/\/novak-m.com\/wp-content\/uploads\/2023\/09\/World-Physiotherapy-day_fb.jpg\" \/>\n\t<meta property=\"og:image:width\" content=\"1245\" \/>\n\t<meta property=\"og:image:height\" content=\"712\" \/>\n\t<meta property=\"og:image:type\" content=\"image\/jpeg\" \/>\n<meta name=\"author\" content=\"ana_cesen\" \/>\n<meta name=\"twitter:card\" content=\"summary_large_image\" \/>\n<meta name=\"twitter:label1\" content=\"\u00c9crit par\" \/>\n\t<meta name=\"twitter:data1\" content=\"ana_cesen\" \/>\n\t<meta name=\"twitter:label2\" content=\"Dur\u00e9e de lecture estim\u00e9e\" \/>\n\t<meta name=\"twitter:data2\" content=\"5 minutes\" \/>\n<script type=\"application\/ld+json\" class=\"yoast-schema-graph\">{\"@context\":\"https:\/\/schema.org\",\"@graph\":[{\"@type\":\"WebPage\",\"@id\":\"https:\/\/novak-m.com\/world-physiotherapy-day-with-iza-gobar\/\",\"url\":\"https:\/\/novak-m.com\/world-physiotherapy-day-with-iza-gobar\/\",\"name\":\"Journ\u00e9e mondiale de la physioth\u00e9rapie 2023 \u2502 Novak M\",\"isPartOf\":{\"@id\":\"https:\/\/novak-m.com\/fr\/#website\"},\"primaryImageOfPage\":{\"@id\":\"https:\/\/novak-m.com\/world-physiotherapy-day-with-iza-gobar\/#primaryimage\"},\"image\":{\"@id\":\"https:\/\/novak-m.com\/world-physiotherapy-day-with-iza-gobar\/#primaryimage\"},\"thumbnailUrl\":\"https:\/\/novak-m.com\/wp-content\/uploads\/2023\/09\/World-Physiotherapy-day.jpg\",\"datePublished\":\"2023-09-01T10:52:40+00:00\",\"dateModified\":\"2023-09-25T08:00:14+00:00\",\"author\":{\"@id\":\"https:\/\/novak-m.com\/fr\/#\/schema\/person\/f484d4bdbb417bc65e1281ff35734865\"},\"description\":\"A l'occasion de la Journ\u00e9e mondiale de la physioth\u00e9rapie, nous avons invit\u00e9 une kin\u00e9sith\u00e9rapeute Iza Gobar \u00e0 nous parler de son m\u00e9tier.\",\"breadcrumb\":{\"@id\":\"https:\/\/novak-m.com\/world-physiotherapy-day-with-iza-gobar\/#breadcrumb\"},\"inLanguage\":\"fr-FR\",\"potentialAction\":[{\"@type\":\"ReadAction\",\"target\":[\"https:\/\/novak-m.com\/world-physiotherapy-day-with-iza-gobar\/\"]}]},{\"@type\":\"ImageObject\",\"inLanguage\":\"fr-FR\",\"@id\":\"https:\/\/novak-m.com\/world-physiotherapy-day-with-iza-gobar\/#primaryimage\",\"url\":\"https:\/\/novak-m.com\/wp-content\/uploads\/2023\/09\/World-Physiotherapy-day.jpg\",\"contentUrl\":\"https:\/\/novak-m.com\/wp-content\/uploads\/2023\/09\/World-Physiotherapy-day.jpg\",\"width\":1200,\"height\":1075,\"caption\":\"physioth\u00e9rapeute effectuant un traitement\"},{\"@type\":\"BreadcrumbList\",\"@id\":\"https:\/\/novak-m.com\/world-physiotherapy-day-with-iza-gobar\/#breadcrumb\",\"itemListElement\":[{\"@type\":\"ListItem\",\"position\":1,\"name\":\"Home\",\"item\":\"https:\/\/novak-m.com\/fr\/home\/\"},{\"@type\":\"ListItem\",\"position\":2,\"name\":\"Journ\u00e9e mondiale de la physioth\u00e9rapie avec Iza Gobar\"}]},{\"@type\":\"WebSite\",\"@id\":\"https:\/\/novak-m.com\/fr\/#website\",\"url\":\"https:\/\/novak-m.com\/fr\/\",\"name\":\"Novak M\",\"description\":\"Novak M | official international webpage | novak-m.com\",\"potentialAction\":[{\"@type\":\"SearchAction\",\"target\":{\"@type\":\"EntryPoint\",\"urlTemplate\":\"https:\/\/novak-m.com\/fr\/?s={search_term_string}\"},\"query-input\":{\"@type\":\"PropertyValueSpecification\",\"valueRequired\":true,\"valueName\":\"search_term_string\"}}],\"inLanguage\":\"fr-FR\"},{\"@type\":\"Person\",\"@id\":\"https:\/\/novak-m.com\/fr\/#\/schema\/person\/f484d4bdbb417bc65e1281ff35734865\",\"name\":\"ana_cesen\",\"url\":\"https:\/\/novak-m.com\/fr\/author\/ana_cesen\/\"}]}<\/script>\n<!-- \/ Yoast SEO plugin. -->","yoast_head_json":{"title":"Journ\u00e9e mondiale de la physioth\u00e9rapie 2023 \u2502 Novak M","description":"A l'occasion de la Journ\u00e9e mondiale de la physioth\u00e9rapie, nous avons invit\u00e9 une kin\u00e9sith\u00e9rapeute Iza Gobar \u00e0 nous parler de son m\u00e9tier.","robots":{"index":"index","follow":"follow","max-snippet":"max-snippet:-1","max-image-preview":"max-image-preview:large","max-video-preview":"max-video-preview:-1"},"canonical":"https:\/\/novak-m.com\/world-physiotherapy-day-with-iza-gobar\/","og_locale":"fr_FR","og_type":"article","og_title":"Journ\u00e9e mondiale de la physioth\u00e9rapie 2023 \u2502 Novak M","og_description":"A l'occasion de la Journ\u00e9e mondiale de la physioth\u00e9rapie, nous avons invit\u00e9 une kin\u00e9sith\u00e9rapeute Iza Gobar \u00e0 nous parler de son m\u00e9tier.","og_url":"https:\/\/novak-m.com\/world-physiotherapy-day-with-iza-gobar\/","og_site_name":"Novak-M","article_published_time":"2023-09-01T10:52:40+00:00","article_modified_time":"2023-09-25T08:00:14+00:00","og_image":[{"width":1245,"height":712,"url":"https:\/\/novak-m.com\/wp-content\/uploads\/2023\/09\/World-Physiotherapy-day_fb.jpg","type":"image\/jpeg"}],"author":"ana_cesen","twitter_card":"summary_large_image","twitter_misc":{"\u00c9crit par":"ana_cesen","Dur\u00e9e de lecture estim\u00e9e":"5 minutes"},"schema":{"@context":"https:\/\/schema.org","@graph":[{"@type":"WebPage","@id":"https:\/\/novak-m.com\/world-physiotherapy-day-with-iza-gobar\/","url":"https:\/\/novak-m.com\/world-physiotherapy-day-with-iza-gobar\/","name":"Journ\u00e9e mondiale de la physioth\u00e9rapie 2023 \u2502 Novak M","isPartOf":{"@id":"https:\/\/novak-m.com\/fr\/#website"},"primaryImageOfPage":{"@id":"https:\/\/novak-m.com\/world-physiotherapy-day-with-iza-gobar\/#primaryimage"},"image":{"@id":"https:\/\/novak-m.com\/world-physiotherapy-day-with-iza-gobar\/#primaryimage"},"thumbnailUrl":"https:\/\/novak-m.com\/wp-content\/uploads\/2023\/09\/World-Physiotherapy-day.jpg","datePublished":"2023-09-01T10:52:40+00:00","dateModified":"2023-09-25T08:00:14+00:00","author":{"@id":"https:\/\/novak-m.com\/fr\/#\/schema\/person\/f484d4bdbb417bc65e1281ff35734865"},"description":"A l'occasion de la Journ\u00e9e mondiale de la physioth\u00e9rapie, nous avons invit\u00e9 une kin\u00e9sith\u00e9rapeute Iza Gobar \u00e0 nous parler de son m\u00e9tier.","breadcrumb":{"@id":"https:\/\/novak-m.com\/world-physiotherapy-day-with-iza-gobar\/#breadcrumb"},"inLanguage":"fr-FR","potentialAction":[{"@type":"ReadAction","target":["https:\/\/novak-m.com\/world-physiotherapy-day-with-iza-gobar\/"]}]},{"@type":"ImageObject","inLanguage":"fr-FR","@id":"https:\/\/novak-m.com\/world-physiotherapy-day-with-iza-gobar\/#primaryimage","url":"https:\/\/novak-m.com\/wp-content\/uploads\/2023\/09\/World-Physiotherapy-day.jpg","contentUrl":"https:\/\/novak-m.com\/wp-content\/uploads\/2023\/09\/World-Physiotherapy-day.jpg","width":1200,"height":1075,"caption":"physioth\u00e9rapeute effectuant un traitement"},{"@type":"BreadcrumbList","@id":"https:\/\/novak-m.com\/world-physiotherapy-day-with-iza-gobar\/#breadcrumb","itemListElement":[{"@type":"ListItem","position":1,"name":"Home","item":"https:\/\/novak-m.com\/fr\/home\/"},{"@type":"ListItem","position":2,"name":"Journ\u00e9e mondiale de la physioth\u00e9rapie avec Iza Gobar"}]},{"@type":"WebSite","@id":"https:\/\/novak-m.com\/fr\/#website","url":"https:\/\/novak-m.com\/fr\/","name":"Novak M","description":"Novak M | official international webpage | novak-m.com","potentialAction":[{"@type":"SearchAction","target":{"@type":"EntryPoint","urlTemplate":"https:\/\/novak-m.com\/fr\/?s={search_term_string}"},"query-input":{"@type":"PropertyValueSpecification","valueRequired":true,"valueName":"search_term_string"}}],"inLanguage":"fr-FR"},{"@type":"Person","@id":"https:\/\/novak-m.com\/fr\/#\/schema\/person\/f484d4bdbb417bc65e1281ff35734865","name":"ana_cesen","url":"https:\/\/novak-m.com\/fr\/author\/ana_cesen\/"}]}},"_links":{"self":[{"href":"https:\/\/novak-m.com\/fr\/wp-json\/wp\/v2\/posts\/86924","targetHints":{"allow":["GET"]}}],"collection":[{"href":"https:\/\/novak-m.com\/fr\/wp-json\/wp\/v2\/posts"}],"about":[{"href":"https:\/\/novak-m.com\/fr\/wp-json\/wp\/v2\/types\/post"}],"author":[{"embeddable":true,"href":"https:\/\/novak-m.com\/fr\/wp-json\/wp\/v2\/users\/5"}],"replies":[{"embeddable":true,"href":"https:\/\/novak-m.com\/fr\/wp-json\/wp\/v2\/comments?post=86924"}],"version-history":[{"count":0,"href":"https:\/\/novak-m.com\/fr\/wp-json\/wp\/v2\/posts\/86924\/revisions"}],"wp:featuredmedia":[{"embeddable":true,"href":"https:\/\/novak-m.com\/fr\/wp-json\/wp\/v2\/media\/86782"}],"wp:attachment":[{"href":"https:\/\/novak-m.com\/fr\/wp-json\/wp\/v2\/media?parent=86924"}],"wp:term":[{"taxonomy":"category","embeddable":true,"href":"https:\/\/novak-m.com\/fr\/wp-json\/wp\/v2\/categories?post=86924"},{"taxonomy":"post_tag","embeddable":true,"href":"https:\/\/novak-m.com\/fr\/wp-json\/wp\/v2\/tags?post=86924"}],"curies":[{"name":"wp","href":"https:\/\/api.w.org\/{rel}","templated":true}]}}