{"id":68578,"date":"2022-08-22T10:27:33","date_gmt":"2022-08-22T08:27:33","guid":{"rendered":"https:\/\/www.novak-m.com\/?p=68578"},"modified":"2022-08-29T11:35:17","modified_gmt":"2022-08-29T09:35:17","slug":"equipement-medical-centre-de-sante-primaire-de-novi-sad","status":"publish","type":"post","link":"https:\/\/novak-m.com\/fr\/equipement-medical-centre-de-sante-primaire-de-novi-sad\/","title":{"rendered":"Un \u00e9quipement m\u00e9dical de premier ordre venu de Slov\u00e9nie au Centre de sant\u00e9 primaire de Novi Sad"},"content":{"rendered":"<h2>Des soins de sant\u00e9 primaires au plus haut niveau<\/h2>\n<p>Au Centre de sant\u00e9 primaire de Novi Sad, on est conscient que la sant\u00e9 au niveau individuel comme au niveau de la soci\u00e9t\u00e9 tout enti\u00e8re est un facteur important pour mener une vie \u00e9panouie. On veut fournir des soins de sant\u00e9 primaires de qualit\u00e9 aux habitants de la r\u00e9gion de Novi Sad et de Sremski Karlovci. Cela comprend des examens de pr\u00e9vention et de d\u00e9pistage, des diagnostics, des traitements et des th\u00e9rapies.<\/p>\n<p><img loading=\"lazy\" decoding=\"async\" class=\"alignnone size-full wp-image-68568\" src=\"https:\/\/novak-m.com\/wp-content\/uploads\/2022\/08\/notranjost-ZD-Novi-sad.jpg\" alt=\"the interior of primary health center Novi Sad\" width=\"654\" height=\"466\" srcset=\"https:\/\/novak-m.com\/wp-content\/uploads\/2022\/08\/notranjost-ZD-Novi-sad.jpg 654w, https:\/\/novak-m.com\/wp-content\/uploads\/2022\/08\/notranjost-ZD-Novi-sad-300x214.jpg 300w, https:\/\/novak-m.com\/wp-content\/uploads\/2022\/08\/notranjost-ZD-Novi-sad-168x120.jpg 168w, https:\/\/novak-m.com\/wp-content\/uploads\/2022\/08\/notranjost-ZD-Novi-sad-600x428.jpg 600w\" sizes=\"auto, (max-width: 654px) 100vw, 654px\" \/><\/p>\n<h2>Des traitements de qualit\u00e9 sur les tables d&rsquo;examen S &#8211; basic<\/h2>\n<p>Les cabinets m\u00e9dicaux du Centre de sant\u00e9 ont \u00e9t\u00e9 \u00e9quip\u00e9s de tables d&rsquo;examen S-basic qui, gr\u00e2ce \u00e0 leur fonctionnalit\u00e9 et \u00e0 leur design \u00e9pur\u00e9, aident le personnel \u00e0 effectuer son travail quotidien de mani\u00e8re fluide et facile. Les plateaux de table confortablement rembourr\u00e9s et les appuie-t\u00eates r\u00e9glables assurent le confort des patients pendant les examens. La hauteur est r\u00e9glable \u00e9lectriquement, ce qui permet aux patients d&rsquo;acc\u00e9der facilement au plateau et ce qui permet surtout au personnel m\u00e9dical de travailler de mani\u00e8re ergonomique sans se pencher inutilement.<\/p>\n<div style='text-align:center;' class='ow_post_button'><a target='_self' href='https:\/\/novak-m.com\/fr\/configurateur\/table-dexamen-s-electrique-hydraulique\/'>CONFIGURER<\/a><\/div>\n<h2>Des diagnostics de laboratoire avec les fauteuils de pr\u00e9l\u00e8vement sanguin N<\/h2>\n<p><a href=\"https:\/\/novak-m.com\/fr\/presentation-du-produit\/fauteuil-de-prelevement-sanguin-n\/\"><strong>Les fauteuils de pr\u00e9l\u00e8vement sanguin<\/strong> <\/a>de Novak M r\u00e9pondent aux besoins des patients et du personnel m\u00e9dical dans les laboratoires. Le si\u00e8ge confortable et les accoudoirs rembourr\u00e9s contribuent grandement \u00e0 ce que le patient se sente en s\u00e9curit\u00e9 et d\u00e9tendu pendant la prise de sang. Les deux accoudoirs sont enti\u00e8rement r\u00e9glables, en hauteur et en inclinaison, afin de permettre au personnel d&rsquo;adopter une position ergonomique pour accomplir ses t\u00e2ches. Dans le m\u00eame temps, le fauteuil assure une r\u00e9action rapide dans les cas o\u00f9 le patient est en danger, car le fauteuil s&rsquo;ajuste automatiquement \u00e0 la position de Trendelenburg par une simple pression sur le levier.<\/p>\n<p><img loading=\"lazy\" decoding=\"async\" class=\"alignnone size-full wp-image-68556\" src=\"https:\/\/novak-m.com\/wp-content\/uploads\/2022\/08\/blood-donor-chair.jpg\" alt=\"green blood donor chair in laboratory\" width=\"654\" height=\"466\" srcset=\"https:\/\/novak-m.com\/wp-content\/uploads\/2022\/08\/blood-donor-chair.jpg 654w, https:\/\/novak-m.com\/wp-content\/uploads\/2022\/08\/blood-donor-chair-300x214.jpg 300w, https:\/\/novak-m.com\/wp-content\/uploads\/2022\/08\/blood-donor-chair-168x120.jpg 168w, https:\/\/novak-m.com\/wp-content\/uploads\/2022\/08\/blood-donor-chair-600x428.jpg 600w\" sizes=\"auto, (max-width: 654px) 100vw, 654px\" \/><\/p>\n<h2>La confiance dans la qualit\u00e9<\/h2>\n<p>Nous tenons \u00e0 remercier le Centre de sant\u00e9 primaire de Novi Sad d\u2019avoir fait confiance aux produits de qualit\u00e9 sup\u00e9rieure issus de notre production ainsi qu\u2019\u00e0 notre partenaire serbe, <a href=\"https:\/\/novak-m.com\/fr\/partenariat-ab-trade-novak-m\/\"><strong>AB Trade<\/strong><\/a>.<\/p>\n<p>Que vous meubliez un petit cabinet priv\u00e9 ou que vous ayez un grand projet d&rsquo;am\u00e9nagement d&rsquo;une clinique \u00e0 venir, parcourez la gamme de tables d&rsquo;examen et d&rsquo;autres produits sur notre site web et adaptez-les en fonction de vos besoins dans le configurateur en ligne. N&rsquo;h\u00e9sitez pas \u00e0 contacter notre \u00e9quipe si vous avez besoin de plus d&rsquo;informations.<\/p>\n<div style='text-align:center;' class='ow_post_button'><a target='_self' href='https:\/\/novak-m.com\/fr\/contact\/'>CONTACTTEZ-NOUS<\/a><\/div>\n","protected":false},"excerpt":{"rendered":"<p>L&rsquo;\u00e9quipement m\u00e9dical de qualit\u00e9 de Novak M au Centre de sant\u00e9 primaire de Novi Sad, en Serbie, aidera le personnel m\u00e9dical \u00e0 fournir des soins de qualit\u00e9 au niveau primaire. <\/p>\n","protected":false},"author":5,"featured_media":68552,"comment_status":"open","ping_status":"open","sticky":false,"template":"","format":"standard","meta":{"_acf_changed":false,"footnotes":""},"categories":[316],"tags":[],"class_list":["post-68578","post","type-post","status-publish","format-standard","has-post-thumbnail","hentry","category-case-study-novak-m-fr"],"acf":[],"yoast_head":"<!-- This site is optimized with the Yoast SEO plugin v25.5 - https:\/\/yoast.com\/wordpress\/plugins\/seo\/ -->\n<title>Equipement m\u00e9dical au Centre de sant\u00e9 primaire de Novi Sad \u2502 Novak M<\/title>\n<meta name=\"description\" content=\"L&#039;\u00e9quipement m\u00e9dical au Centre de sant\u00e9 primaire de Novi Sad, en Serbie, aidera le personnel m\u00e9dical \u00e0 fournir des soins de qualit\u00e9.\" \/>\n<meta name=\"robots\" content=\"index, follow, max-snippet:-1, max-image-preview:large, max-video-preview:-1\" \/>\n<link rel=\"canonical\" href=\"https:\/\/novak-m.com\/medical-equipment-primary-health-center\/\" \/>\n<meta property=\"og:locale\" content=\"fr_FR\" \/>\n<meta property=\"og:type\" content=\"article\" \/>\n<meta property=\"og:title\" content=\"Equipement m\u00e9dical au Centre de sant\u00e9 primaire de Novi Sad \u2502 Novak M\" \/>\n<meta property=\"og:description\" content=\"L&#039;\u00e9quipement m\u00e9dical au Centre de sant\u00e9 primaire de Novi Sad, en Serbie, aidera le personnel m\u00e9dical \u00e0 fournir des soins de qualit\u00e9.\" \/>\n<meta property=\"og:url\" content=\"https:\/\/novak-m.com\/medical-equipment-primary-health-center\/\" \/>\n<meta property=\"og:site_name\" content=\"Novak-M\" \/>\n<meta property=\"article:published_time\" content=\"2022-08-22T08:27:33+00:00\" \/>\n<meta property=\"article:modified_time\" content=\"2022-08-29T09:35:17+00:00\" \/>\n<meta property=\"og:image\" content=\"https:\/\/novak-m.com\/wp-content\/uploads\/2022\/08\/FB_novi-sad.jpg\" \/>\n\t<meta property=\"og:image:width\" content=\"1245\" \/>\n\t<meta property=\"og:image:height\" content=\"712\" \/>\n\t<meta property=\"og:image:type\" content=\"image\/jpeg\" \/>\n<meta name=\"author\" content=\"ana_cesen\" \/>\n<meta name=\"twitter:card\" content=\"summary_large_image\" \/>\n<meta name=\"twitter:label1\" content=\"\u00c9crit par\" \/>\n\t<meta name=\"twitter:data1\" content=\"ana_cesen\" \/>\n\t<meta name=\"twitter:label2\" content=\"Dur\u00e9e de lecture estim\u00e9e\" \/>\n\t<meta name=\"twitter:data2\" content=\"3 minutes\" \/>\n<script type=\"application\/ld+json\" class=\"yoast-schema-graph\">{\"@context\":\"https:\/\/schema.org\",\"@graph\":[{\"@type\":\"WebPage\",\"@id\":\"https:\/\/novak-m.com\/medical-equipment-primary-health-center\/\",\"url\":\"https:\/\/novak-m.com\/medical-equipment-primary-health-center\/\",\"name\":\"Equipement m\u00e9dical au Centre de sant\u00e9 primaire de Novi Sad \u2502 Novak M\",\"isPartOf\":{\"@id\":\"https:\/\/novak-m.com\/fr\/#website\"},\"primaryImageOfPage\":{\"@id\":\"https:\/\/novak-m.com\/medical-equipment-primary-health-center\/#primaryimage\"},\"image\":{\"@id\":\"https:\/\/novak-m.com\/medical-equipment-primary-health-center\/#primaryimage\"},\"thumbnailUrl\":\"https:\/\/novak-m.com\/wp-content\/uploads\/2022\/08\/zd-novi-sad.jpg\",\"datePublished\":\"2022-08-22T08:27:33+00:00\",\"dateModified\":\"2022-08-29T09:35:17+00:00\",\"author\":{\"@id\":\"https:\/\/novak-m.com\/fr\/#\/schema\/person\/f484d4bdbb417bc65e1281ff35734865\"},\"description\":\"L'\u00e9quipement m\u00e9dical au Centre de sant\u00e9 primaire de Novi Sad, en Serbie, aidera le personnel m\u00e9dical \u00e0 fournir des soins de qualit\u00e9.\",\"breadcrumb\":{\"@id\":\"https:\/\/novak-m.com\/medical-equipment-primary-health-center\/#breadcrumb\"},\"inLanguage\":\"fr-FR\",\"potentialAction\":[{\"@type\":\"ReadAction\",\"target\":[\"https:\/\/novak-m.com\/medical-equipment-primary-health-center\/\"]}]},{\"@type\":\"ImageObject\",\"inLanguage\":\"fr-FR\",\"@id\":\"https:\/\/novak-m.com\/medical-equipment-primary-health-center\/#primaryimage\",\"url\":\"https:\/\/novak-m.com\/wp-content\/uploads\/2022\/08\/zd-novi-sad.jpg\",\"contentUrl\":\"https:\/\/novak-m.com\/wp-content\/uploads\/2022\/08\/zd-novi-sad.jpg\",\"width\":1037,\"height\":929,\"caption\":\"Centre de sant\u00e9 primaire de Novi Sad\"},{\"@type\":\"BreadcrumbList\",\"@id\":\"https:\/\/novak-m.com\/medical-equipment-primary-health-center\/#breadcrumb\",\"itemListElement\":[{\"@type\":\"ListItem\",\"position\":1,\"name\":\"Home\",\"item\":\"https:\/\/novak-m.com\/fr\/home\/\"},{\"@type\":\"ListItem\",\"position\":2,\"name\":\"Un \u00e9quipement m\u00e9dical de premier ordre venu de Slov\u00e9nie au Centre de sant\u00e9 primaire de Novi Sad\"}]},{\"@type\":\"WebSite\",\"@id\":\"https:\/\/novak-m.com\/fr\/#website\",\"url\":\"https:\/\/novak-m.com\/fr\/\",\"name\":\"Novak M\",\"description\":\"Novak M | official international webpage | novak-m.com\",\"potentialAction\":[{\"@type\":\"SearchAction\",\"target\":{\"@type\":\"EntryPoint\",\"urlTemplate\":\"https:\/\/novak-m.com\/fr\/?s={search_term_string}\"},\"query-input\":{\"@type\":\"PropertyValueSpecification\",\"valueRequired\":true,\"valueName\":\"search_term_string\"}}],\"inLanguage\":\"fr-FR\"},{\"@type\":\"Person\",\"@id\":\"https:\/\/novak-m.com\/fr\/#\/schema\/person\/f484d4bdbb417bc65e1281ff35734865\",\"name\":\"ana_cesen\",\"url\":\"https:\/\/novak-m.com\/fr\/author\/ana_cesen\/\"}]}<\/script>\n<!-- \/ Yoast SEO plugin. -->","yoast_head_json":{"title":"Equipement m\u00e9dical au Centre de sant\u00e9 primaire de Novi Sad \u2502 Novak M","description":"L'\u00e9quipement m\u00e9dical au Centre de sant\u00e9 primaire de Novi Sad, en Serbie, aidera le personnel m\u00e9dical \u00e0 fournir des soins de qualit\u00e9.","robots":{"index":"index","follow":"follow","max-snippet":"max-snippet:-1","max-image-preview":"max-image-preview:large","max-video-preview":"max-video-preview:-1"},"canonical":"https:\/\/novak-m.com\/medical-equipment-primary-health-center\/","og_locale":"fr_FR","og_type":"article","og_title":"Equipement m\u00e9dical au Centre de sant\u00e9 primaire de Novi Sad \u2502 Novak M","og_description":"L'\u00e9quipement m\u00e9dical au Centre de sant\u00e9 primaire de Novi Sad, en Serbie, aidera le personnel m\u00e9dical \u00e0 fournir des soins de qualit\u00e9.","og_url":"https:\/\/novak-m.com\/medical-equipment-primary-health-center\/","og_site_name":"Novak-M","article_published_time":"2022-08-22T08:27:33+00:00","article_modified_time":"2022-08-29T09:35:17+00:00","og_image":[{"width":1245,"height":712,"url":"https:\/\/novak-m.com\/wp-content\/uploads\/2022\/08\/FB_novi-sad.jpg","type":"image\/jpeg"}],"author":"ana_cesen","twitter_card":"summary_large_image","twitter_misc":{"\u00c9crit par":"ana_cesen","Dur\u00e9e de lecture estim\u00e9e":"3 minutes"},"schema":{"@context":"https:\/\/schema.org","@graph":[{"@type":"WebPage","@id":"https:\/\/novak-m.com\/medical-equipment-primary-health-center\/","url":"https:\/\/novak-m.com\/medical-equipment-primary-health-center\/","name":"Equipement m\u00e9dical au Centre de sant\u00e9 primaire de Novi Sad \u2502 Novak M","isPartOf":{"@id":"https:\/\/novak-m.com\/fr\/#website"},"primaryImageOfPage":{"@id":"https:\/\/novak-m.com\/medical-equipment-primary-health-center\/#primaryimage"},"image":{"@id":"https:\/\/novak-m.com\/medical-equipment-primary-health-center\/#primaryimage"},"thumbnailUrl":"https:\/\/novak-m.com\/wp-content\/uploads\/2022\/08\/zd-novi-sad.jpg","datePublished":"2022-08-22T08:27:33+00:00","dateModified":"2022-08-29T09:35:17+00:00","author":{"@id":"https:\/\/novak-m.com\/fr\/#\/schema\/person\/f484d4bdbb417bc65e1281ff35734865"},"description":"L'\u00e9quipement m\u00e9dical au Centre de sant\u00e9 primaire de Novi Sad, en Serbie, aidera le personnel m\u00e9dical \u00e0 fournir des soins de qualit\u00e9.","breadcrumb":{"@id":"https:\/\/novak-m.com\/medical-equipment-primary-health-center\/#breadcrumb"},"inLanguage":"fr-FR","potentialAction":[{"@type":"ReadAction","target":["https:\/\/novak-m.com\/medical-equipment-primary-health-center\/"]}]},{"@type":"ImageObject","inLanguage":"fr-FR","@id":"https:\/\/novak-m.com\/medical-equipment-primary-health-center\/#primaryimage","url":"https:\/\/novak-m.com\/wp-content\/uploads\/2022\/08\/zd-novi-sad.jpg","contentUrl":"https:\/\/novak-m.com\/wp-content\/uploads\/2022\/08\/zd-novi-sad.jpg","width":1037,"height":929,"caption":"Centre de sant\u00e9 primaire de Novi Sad"},{"@type":"BreadcrumbList","@id":"https:\/\/novak-m.com\/medical-equipment-primary-health-center\/#breadcrumb","itemListElement":[{"@type":"ListItem","position":1,"name":"Home","item":"https:\/\/novak-m.com\/fr\/home\/"},{"@type":"ListItem","position":2,"name":"Un \u00e9quipement m\u00e9dical de premier ordre venu de Slov\u00e9nie au Centre de sant\u00e9 primaire de Novi Sad"}]},{"@type":"WebSite","@id":"https:\/\/novak-m.com\/fr\/#website","url":"https:\/\/novak-m.com\/fr\/","name":"Novak M","description":"Novak M | official international webpage | novak-m.com","potentialAction":[{"@type":"SearchAction","target":{"@type":"EntryPoint","urlTemplate":"https:\/\/novak-m.com\/fr\/?s={search_term_string}"},"query-input":{"@type":"PropertyValueSpecification","valueRequired":true,"valueName":"search_term_string"}}],"inLanguage":"fr-FR"},{"@type":"Person","@id":"https:\/\/novak-m.com\/fr\/#\/schema\/person\/f484d4bdbb417bc65e1281ff35734865","name":"ana_cesen","url":"https:\/\/novak-m.com\/fr\/author\/ana_cesen\/"}]}},"_links":{"self":[{"href":"https:\/\/novak-m.com\/fr\/wp-json\/wp\/v2\/posts\/68578","targetHints":{"allow":["GET"]}}],"collection":[{"href":"https:\/\/novak-m.com\/fr\/wp-json\/wp\/v2\/posts"}],"about":[{"href":"https:\/\/novak-m.com\/fr\/wp-json\/wp\/v2\/types\/post"}],"author":[{"embeddable":true,"href":"https:\/\/novak-m.com\/fr\/wp-json\/wp\/v2\/users\/5"}],"replies":[{"embeddable":true,"href":"https:\/\/novak-m.com\/fr\/wp-json\/wp\/v2\/comments?post=68578"}],"version-history":[{"count":0,"href":"https:\/\/novak-m.com\/fr\/wp-json\/wp\/v2\/posts\/68578\/revisions"}],"wp:featuredmedia":[{"embeddable":true,"href":"https:\/\/novak-m.com\/fr\/wp-json\/wp\/v2\/media\/68552"}],"wp:attachment":[{"href":"https:\/\/novak-m.com\/fr\/wp-json\/wp\/v2\/media?parent=68578"}],"wp:term":[{"taxonomy":"category","embeddable":true,"href":"https:\/\/novak-m.com\/fr\/wp-json\/wp\/v2\/categories?post=68578"},{"taxonomy":"post_tag","embeddable":true,"href":"https:\/\/novak-m.com\/fr\/wp-json\/wp\/v2\/tags?post=68578"}],"curies":[{"name":"wp","href":"https:\/\/api.w.org\/{rel}","templated":true}]}}