{"id":67177,"date":"2022-06-23T08:45:41","date_gmt":"2022-06-23T06:45:41","guid":{"rendered":"https:\/\/www.novak-m.com\/?p=67177"},"modified":"2022-09-15T13:34:39","modified_gmt":"2022-09-15T11:34:39","slug":"celebration-du-red-dot-award","status":"publish","type":"post","link":"https:\/\/novak-m.com\/fr\/celebration-du-red-dot-award\/","title":{"rendered":"C\u00e9l\u00e9bration du Red Dot Award"},"content":{"rendered":"<h2>L&rsquo;\u00e9quipe Novak M au Gala du Red Dot<\/h2>\n<p>L&rsquo;\u00e9v\u00e9nement destin\u00e9 \u00e0 honorer les designers et les fabricants ayant remport\u00e9 le <a href=\"https:\/\/www.red-dot.org\/project\/stretcher-x2-58436\"><strong>Red Dot 2022<\/strong> <\/a>est de retour apr\u00e8s deux ann\u00e9es de c\u00e9l\u00e9bration en ligne en raison de la pand\u00e9mie de Covid-19. L&rsquo;\u00e9quipe de Novak M s&rsquo;est jointe aux nombreux repr\u00e9sentants des laur\u00e9ats du Red Dot Award venus du monde entier pour c\u00e9l\u00e9brer leur succ\u00e8s lors du gala du Red Dot, au cours duquel les laur\u00e9ats de la plus haute r\u00e9compense du concours se sont vu remettre le Red Dot : Prix \u00ab Best of the Best \u00bb. Une c\u00e9r\u00e9monie spectaculaire a \u00e9t\u00e9 organis\u00e9e par le professeur Peter Zec, le fondateur et directeur g\u00e9n\u00e9ral du Red Dot Award.<\/p>\n<p>La seconde partie de la soir\u00e9e s&rsquo;est d\u00e9roul\u00e9e au mus\u00e9e du Red Dot, qui est une ancienne mine de charbon situ\u00e9e juste \u00e0 l&rsquo;ext\u00e9rieur d&rsquo;Essen. Apr\u00e8s la Nuit des Designers, notre \u00e9quipe a parcouru l&rsquo;exposition des produits gagnants actuels et a profit\u00e9 de la soir\u00e9e glamour de l&rsquo;apr\u00e8s-spectacle.<\/p>\n<h2>Stretcher X2 &#8211; 4\u00e8me Red Dot<\/h2>\n<p>\u00ab <em>C&rsquo;\u00e9tait passionnant de voir notre Stretcher X2 parmi d&rsquo;autres objets r\u00e9compens\u00e9s lors de l&rsquo;exposition au mus\u00e9e du Red Dot<\/em> \u00bb, d\u00e9clarent les membres de notre \u00e9quipe. Nous sommes fiers et honor\u00e9s que le Stretcher X2 ait s\u00e9duit le jury d&rsquo;experts qui ne d\u00e9cerne ce label de qualit\u00e9 recherch\u00e9 qu&rsquo;aux projets qui se distinguent nettement des projets comparables gr\u00e2ce \u00e0 leur excellente conception. \u00ab\u00a0<em>Les excellentes caract\u00e9ristiques de s\u00e9curit\u00e9 et de confort du brancard Stretcher X2 offrent un niveau \u00e9lev\u00e9 de convivialit\u00e9 et d&rsquo;ergonomie.<\/em>\u00a0\u00bb lit la d\u00e9claration du jury<\/p>\n<div style=\"width: 1500px;\" class=\"wp-video\"><!--[if lt IE 9]><script>document.createElement('video');<\/script><![endif]-->\n<video class=\"wp-video-shortcode\" id=\"video-67177-1\" width=\"1500\" height=\"844\" preload=\"metadata\" controls=\"controls\"><source type=\"video\/mp4\" src=\"https:\/\/novak-m.com\/wp-content\/uploads\/2022\/01\/Stretcher_X2_Short-EN.mp4?_=1\" \/><a href=\"https:\/\/novak-m.com\/wp-content\/uploads\/2022\/01\/Stretcher_X2_Short-EN.mp4\">https:\/\/novak-m.com\/wp-content\/uploads\/2022\/01\/Stretcher_X2_Short-EN.mp4<\/a><\/video><\/div>\n<h2>Bien jou\u00e9<\/h2>\n<p>\u00ab Toute personne qui r\u00e9ussit dans un groupe de concurrents aussi fort et international m\u00e9rite d&rsquo;\u00eatre fi\u00e8re d&rsquo;elle-m\u00eame et de ses r\u00e9alisations \u00bb, d\u00e9clare le professeur Peter Zec. Ce RedDot Award est le quatri\u00e8me pour Novak M et il signifie simplement que nous sommes bons dans ce que nous faisons. Merci encore \u00e0 notre \u00e9quipe de R&amp;D et \u00e0 <a href=\"https:\/\/www.wilsonicdesign.com\/\"><strong>Wilsonic design<\/strong><\/a> avec qui nous avons coop\u00e9r\u00e9 sur les quatre projets r\u00e9compens\u00e9s.<\/p>\n<div style='text-align:center;' class='ow_post_button'><a target='_self' href='https:\/\/novak-m.com\/fr\/contact\/'>CONTACTTEZ-NOUS<\/a><\/div>\n","protected":false},"excerpt":{"rendered":"<p>La c\u00e9r\u00e9monie de remise du Red Dot Award s&rsquo;est d\u00e9roul\u00e9e le 20 juin 2022 au superbe Th\u00e9\u00e2tre Aalto d&rsquo;Essen, dans une atmosph\u00e8re de paillettes et de glamour, avec un tapis rouge, des robes \u00e9l\u00e9gantes, des invit\u00e9s passionn\u00e9s de design et une fantastique atmosph\u00e8re de c\u00e9l\u00e9bration. <\/p>\n","protected":false},"author":5,"featured_media":67515,"comment_status":"open","ping_status":"open","sticky":false,"template":"","format":"standard","meta":{"_acf_changed":false,"footnotes":""},"categories":[310],"tags":[],"class_list":["post-67177","post","type-post","status-publish","format-standard","has-post-thumbnail","hentry","category-actualites"],"acf":[],"yoast_head":"<!-- This site is optimized with the Yoast SEO plugin v25.5 - https:\/\/yoast.com\/wordpress\/plugins\/seo\/ -->\n<title>L&#039;\u00e9quipe Novak M au Gala du Red Dot 2022 \u2502 Novak M<\/title>\n<meta name=\"description\" content=\"L&#039;\u00e9quipe de Novak M s&#039;est jointe aux nombreux repr\u00e9sentants des laur\u00e9ats du Red Dot Award pour c\u00e9l\u00e9brer succ\u00e8s de Stretcher X2.\" \/>\n<meta name=\"robots\" content=\"index, follow, max-snippet:-1, max-image-preview:large, max-video-preview:-1\" \/>\n<link rel=\"canonical\" href=\"https:\/\/novak-m.com\/red-dot-award-celebration\/\" \/>\n<meta property=\"og:locale\" content=\"fr_FR\" \/>\n<meta property=\"og:type\" content=\"article\" \/>\n<meta property=\"og:title\" content=\"L&#039;\u00e9quipe Novak M au Gala du Red Dot 2022 \u2502 Novak M\" \/>\n<meta property=\"og:description\" content=\"L&#039;\u00e9quipe de Novak M s&#039;est jointe aux nombreux repr\u00e9sentants des laur\u00e9ats du Red Dot Award pour c\u00e9l\u00e9brer succ\u00e8s de Stretcher X2.\" \/>\n<meta property=\"og:url\" content=\"https:\/\/novak-m.com\/red-dot-award-celebration\/\" \/>\n<meta property=\"og:site_name\" content=\"Novak-M\" \/>\n<meta property=\"article:published_time\" content=\"2022-06-23T06:45:41+00:00\" \/>\n<meta property=\"article:modified_time\" content=\"2022-09-15T11:34:39+00:00\" \/>\n<meta property=\"og:image\" content=\"https:\/\/novak-m.com\/wp-content\/uploads\/2022\/06\/Red-Dot-award-celebration-2022.png\" \/>\n\t<meta property=\"og:image:width\" content=\"1037\" \/>\n\t<meta property=\"og:image:height\" content=\"929\" \/>\n\t<meta property=\"og:image:type\" content=\"image\/png\" \/>\n<meta name=\"author\" content=\"ana_cesen\" \/>\n<meta name=\"twitter:card\" content=\"summary_large_image\" \/>\n<meta name=\"twitter:label1\" content=\"\u00c9crit par\" \/>\n\t<meta name=\"twitter:data1\" content=\"ana_cesen\" \/>\n\t<meta name=\"twitter:label2\" content=\"Dur\u00e9e de lecture estim\u00e9e\" \/>\n\t<meta name=\"twitter:data2\" content=\"2 minutes\" \/>\n<script type=\"application\/ld+json\" class=\"yoast-schema-graph\">{\"@context\":\"https:\/\/schema.org\",\"@graph\":[{\"@type\":\"WebPage\",\"@id\":\"https:\/\/novak-m.com\/red-dot-award-celebration\/\",\"url\":\"https:\/\/novak-m.com\/red-dot-award-celebration\/\",\"name\":\"L'\u00e9quipe Novak M au Gala du Red Dot 2022 \u2502 Novak M\",\"isPartOf\":{\"@id\":\"https:\/\/novak-m.com\/fr\/#website\"},\"primaryImageOfPage\":{\"@id\":\"https:\/\/novak-m.com\/red-dot-award-celebration\/#primaryimage\"},\"image\":{\"@id\":\"https:\/\/novak-m.com\/red-dot-award-celebration\/#primaryimage\"},\"thumbnailUrl\":\"https:\/\/novak-m.com\/wp-content\/uploads\/2022\/06\/Red-Dot-award-celebration-2022.png\",\"datePublished\":\"2022-06-23T06:45:41+00:00\",\"dateModified\":\"2022-09-15T11:34:39+00:00\",\"author\":{\"@id\":\"https:\/\/novak-m.com\/fr\/#\/schema\/person\/f484d4bdbb417bc65e1281ff35734865\"},\"description\":\"L'\u00e9quipe de Novak M s'est jointe aux nombreux repr\u00e9sentants des laur\u00e9ats du Red Dot Award pour c\u00e9l\u00e9brer succ\u00e8s de Stretcher X2.\",\"breadcrumb\":{\"@id\":\"https:\/\/novak-m.com\/red-dot-award-celebration\/#breadcrumb\"},\"inLanguage\":\"fr-FR\",\"potentialAction\":[{\"@type\":\"ReadAction\",\"target\":[\"https:\/\/novak-m.com\/red-dot-award-celebration\/\"]}]},{\"@type\":\"ImageObject\",\"inLanguage\":\"fr-FR\",\"@id\":\"https:\/\/novak-m.com\/red-dot-award-celebration\/#primaryimage\",\"url\":\"https:\/\/novak-m.com\/wp-content\/uploads\/2022\/06\/Red-Dot-award-celebration-2022.png\",\"contentUrl\":\"https:\/\/novak-m.com\/wp-content\/uploads\/2022\/06\/Red-Dot-award-celebration-2022.png\",\"width\":1037,\"height\":929,\"caption\":\"C\u00e9l\u00e9bration du prix Red Dot 2022\"},{\"@type\":\"BreadcrumbList\",\"@id\":\"https:\/\/novak-m.com\/red-dot-award-celebration\/#breadcrumb\",\"itemListElement\":[{\"@type\":\"ListItem\",\"position\":1,\"name\":\"Home\",\"item\":\"https:\/\/novak-m.com\/fr\/home\/\"},{\"@type\":\"ListItem\",\"position\":2,\"name\":\"C\u00e9l\u00e9bration du Red Dot Award\"}]},{\"@type\":\"WebSite\",\"@id\":\"https:\/\/novak-m.com\/fr\/#website\",\"url\":\"https:\/\/novak-m.com\/fr\/\",\"name\":\"Novak M\",\"description\":\"Novak M | official international webpage | novak-m.com\",\"potentialAction\":[{\"@type\":\"SearchAction\",\"target\":{\"@type\":\"EntryPoint\",\"urlTemplate\":\"https:\/\/novak-m.com\/fr\/?s={search_term_string}\"},\"query-input\":{\"@type\":\"PropertyValueSpecification\",\"valueRequired\":true,\"valueName\":\"search_term_string\"}}],\"inLanguage\":\"fr-FR\"},{\"@type\":\"Person\",\"@id\":\"https:\/\/novak-m.com\/fr\/#\/schema\/person\/f484d4bdbb417bc65e1281ff35734865\",\"name\":\"ana_cesen\",\"url\":\"https:\/\/novak-m.com\/fr\/author\/ana_cesen\/\"}]}<\/script>\n<!-- \/ Yoast SEO plugin. -->","yoast_head_json":{"title":"L'\u00e9quipe Novak M au Gala du Red Dot 2022 \u2502 Novak M","description":"L'\u00e9quipe de Novak M s'est jointe aux nombreux repr\u00e9sentants des laur\u00e9ats du Red Dot Award pour c\u00e9l\u00e9brer succ\u00e8s de Stretcher X2.","robots":{"index":"index","follow":"follow","max-snippet":"max-snippet:-1","max-image-preview":"max-image-preview:large","max-video-preview":"max-video-preview:-1"},"canonical":"https:\/\/novak-m.com\/red-dot-award-celebration\/","og_locale":"fr_FR","og_type":"article","og_title":"L'\u00e9quipe Novak M au Gala du Red Dot 2022 \u2502 Novak M","og_description":"L'\u00e9quipe de Novak M s'est jointe aux nombreux repr\u00e9sentants des laur\u00e9ats du Red Dot Award pour c\u00e9l\u00e9brer succ\u00e8s de Stretcher X2.","og_url":"https:\/\/novak-m.com\/red-dot-award-celebration\/","og_site_name":"Novak-M","article_published_time":"2022-06-23T06:45:41+00:00","article_modified_time":"2022-09-15T11:34:39+00:00","og_image":[{"width":1037,"height":929,"url":"https:\/\/novak-m.com\/wp-content\/uploads\/2022\/06\/Red-Dot-award-celebration-2022.png","type":"image\/png"}],"author":"ana_cesen","twitter_card":"summary_large_image","twitter_misc":{"\u00c9crit par":"ana_cesen","Dur\u00e9e de lecture estim\u00e9e":"2 minutes"},"schema":{"@context":"https:\/\/schema.org","@graph":[{"@type":"WebPage","@id":"https:\/\/novak-m.com\/red-dot-award-celebration\/","url":"https:\/\/novak-m.com\/red-dot-award-celebration\/","name":"L'\u00e9quipe Novak M au Gala du Red Dot 2022 \u2502 Novak M","isPartOf":{"@id":"https:\/\/novak-m.com\/fr\/#website"},"primaryImageOfPage":{"@id":"https:\/\/novak-m.com\/red-dot-award-celebration\/#primaryimage"},"image":{"@id":"https:\/\/novak-m.com\/red-dot-award-celebration\/#primaryimage"},"thumbnailUrl":"https:\/\/novak-m.com\/wp-content\/uploads\/2022\/06\/Red-Dot-award-celebration-2022.png","datePublished":"2022-06-23T06:45:41+00:00","dateModified":"2022-09-15T11:34:39+00:00","author":{"@id":"https:\/\/novak-m.com\/fr\/#\/schema\/person\/f484d4bdbb417bc65e1281ff35734865"},"description":"L'\u00e9quipe de Novak M s'est jointe aux nombreux repr\u00e9sentants des laur\u00e9ats du Red Dot Award pour c\u00e9l\u00e9brer succ\u00e8s de Stretcher X2.","breadcrumb":{"@id":"https:\/\/novak-m.com\/red-dot-award-celebration\/#breadcrumb"},"inLanguage":"fr-FR","potentialAction":[{"@type":"ReadAction","target":["https:\/\/novak-m.com\/red-dot-award-celebration\/"]}]},{"@type":"ImageObject","inLanguage":"fr-FR","@id":"https:\/\/novak-m.com\/red-dot-award-celebration\/#primaryimage","url":"https:\/\/novak-m.com\/wp-content\/uploads\/2022\/06\/Red-Dot-award-celebration-2022.png","contentUrl":"https:\/\/novak-m.com\/wp-content\/uploads\/2022\/06\/Red-Dot-award-celebration-2022.png","width":1037,"height":929,"caption":"C\u00e9l\u00e9bration du prix Red Dot 2022"},{"@type":"BreadcrumbList","@id":"https:\/\/novak-m.com\/red-dot-award-celebration\/#breadcrumb","itemListElement":[{"@type":"ListItem","position":1,"name":"Home","item":"https:\/\/novak-m.com\/fr\/home\/"},{"@type":"ListItem","position":2,"name":"C\u00e9l\u00e9bration du Red Dot Award"}]},{"@type":"WebSite","@id":"https:\/\/novak-m.com\/fr\/#website","url":"https:\/\/novak-m.com\/fr\/","name":"Novak M","description":"Novak M | official international webpage | novak-m.com","potentialAction":[{"@type":"SearchAction","target":{"@type":"EntryPoint","urlTemplate":"https:\/\/novak-m.com\/fr\/?s={search_term_string}"},"query-input":{"@type":"PropertyValueSpecification","valueRequired":true,"valueName":"search_term_string"}}],"inLanguage":"fr-FR"},{"@type":"Person","@id":"https:\/\/novak-m.com\/fr\/#\/schema\/person\/f484d4bdbb417bc65e1281ff35734865","name":"ana_cesen","url":"https:\/\/novak-m.com\/fr\/author\/ana_cesen\/"}]}},"_links":{"self":[{"href":"https:\/\/novak-m.com\/fr\/wp-json\/wp\/v2\/posts\/67177","targetHints":{"allow":["GET"]}}],"collection":[{"href":"https:\/\/novak-m.com\/fr\/wp-json\/wp\/v2\/posts"}],"about":[{"href":"https:\/\/novak-m.com\/fr\/wp-json\/wp\/v2\/types\/post"}],"author":[{"embeddable":true,"href":"https:\/\/novak-m.com\/fr\/wp-json\/wp\/v2\/users\/5"}],"replies":[{"embeddable":true,"href":"https:\/\/novak-m.com\/fr\/wp-json\/wp\/v2\/comments?post=67177"}],"version-history":[{"count":0,"href":"https:\/\/novak-m.com\/fr\/wp-json\/wp\/v2\/posts\/67177\/revisions"}],"wp:featuredmedia":[{"embeddable":true,"href":"https:\/\/novak-m.com\/fr\/wp-json\/wp\/v2\/media\/67515"}],"wp:attachment":[{"href":"https:\/\/novak-m.com\/fr\/wp-json\/wp\/v2\/media?parent=67177"}],"wp:term":[{"taxonomy":"category","embeddable":true,"href":"https:\/\/novak-m.com\/fr\/wp-json\/wp\/v2\/categories?post=67177"},{"taxonomy":"post_tag","embeddable":true,"href":"https:\/\/novak-m.com\/fr\/wp-json\/wp\/v2\/tags?post=67177"}],"curies":[{"name":"wp","href":"https:\/\/api.w.org\/{rel}","templated":true}]}}