{"id":61522,"date":"2022-01-31T10:53:04","date_gmt":"2022-01-31T09:53:04","guid":{"rendered":"https:\/\/www.novak-m.com\/?p=61522"},"modified":"2022-02-14T11:10:50","modified_gmt":"2022-02-14T10:10:50","slug":"journee-mondiale-contre-le-cancer-2022","status":"publish","type":"post","link":"https:\/\/novak-m.com\/fr\/journee-mondiale-contre-le-cancer-2022\/","title":{"rendered":"Journ\u00e9e mondiale contre le cancer 2022"},"content":{"rendered":"<h2>Le cancer &#8211; une exp\u00e9rience qui change la vie<\/h2>\n<p>Avec pr\u00e8s de 10 millions de d\u00e9c\u00e8s caus\u00e9s par le cancer en 2020 dans le monde, comme le montre l&rsquo;\u00e9tude du Centre international de recherche sur le cancer*, le cancer est l&rsquo;une des principales causes de d\u00e9c\u00e8s. Avec pr\u00e8s de 20 millions de nouveaux cas en 2020, l&rsquo;impact du cancer va \u00e9galement bien au-del\u00e0 de la sant\u00e9 physique, affectant la sant\u00e9 \u00e9motionnelle et mentale des patients mais aussi celle de leurs familles et soignants.<\/p>\n<h2>\u00ab Combler le vide de soins \u00bb<\/h2>\n<p>Il s&rsquo;agit de la premi\u00e8re ann\u00e9e du nouveau th\u00e8me de campagne de la <strong>Journ\u00e9e mondiale contre le cancer <\/strong>2022-2024 \u00ab Combler le vide de soins \u00bb. Il est question d&rsquo;identifier et de comprendre les in\u00e9galit\u00e9s qui existent dans le monde en mati\u00e8re d&rsquo;acc\u00e8s aux soins contre le cancer. Tous les habitants de la plan\u00e8te, quel que soit le lieu o\u00f9 ils sont n\u00e9s, o\u00f9 ils ont grandi, o\u00f9 ils ont vieilli, o\u00f9 ils travaillent ou dans lequel ils vivent, m\u00e9ritent d&rsquo;avoir acc\u00e8s \u00e0 des informations sur le cancer et \u00e0 des services de pr\u00e9vention, de diagnostic, de traitement et de soutien.<\/p>\n<h3>Ecouter&#8230;<\/h3>\n<p>L&rsquo;Union internationale contre le cancer (UICC), qui dirige l&rsquo;initiative mondiale, nous encourage \u00e0 reconna\u00eetre la situation actuelle et \u00e0 contribuer \u00e0 r\u00e9duire la stigmatisation des patients atteints de cancer. Ils devraient pouvoir parler de leurs points de vue et le ressenti personnel devrait devenir le guide de nos actions.<\/p>\n<h3>&#8230; et faire quelque chose \u00e0 ce sujet<\/h3>\n<p>Nous sommes nombreux \u00e0 penser que nous ne sommes pas des d\u00e9cideurs, que nous ne pouvons rien changer, mais chacun d&rsquo;entre nous peut agir sur l&rsquo;environnement dans lequel il vit et travaille. En tant qu&rsquo;individus, nous pouvons faire les premiers pas en \u00e9vitant les mauvaises habitudes, en promouvant un mode de vie sain, non seulement en termes d&rsquo;activit\u00e9 physique mais aussi en construisant des relations saines et solides, ou en offrant une \u00e9paule sur laquelle pleurer \u00e0 un ami malade.<\/p>\n<p>Chez Novak M, nous restons en contact \u00e9troit avec le personnel hospitalier afin que nos produits r\u00e9pondent aux besoins des patients. Les fauteuils th\u00e9rapeutiques ZeroG ont \u00e9t\u00e9 con\u00e7us afin d\u2019offrir un confort et une s\u00e9curit\u00e9 parfaits aux patients pendant les longs traitements par voie intraveineuse tels que la chimioth\u00e9rapie. Deux de nos r\u00e9centes \u00e9tudes de cas r\u00e9alis\u00e9es \u00e0 <a href=\"https:\/\/novak-m.com\/fr\/le-confort-des-fauteuils-therapeutiques-zerog-au-ukc-de-ljubljanaa\/\">l&rsquo;<strong>UKC Ljubljana<\/strong><\/a> en Slov\u00e9nie et \u00e0 la <a href=\"https:\/\/novak-m.com\/fr\/fauteuils-therap\u2026enerale-beaulieu\/\"><strong>Clinique G\u00e9n\u00e9rale Beaulieu<\/strong><\/a> en Suisse montrent combien il est important d&rsquo;offrir aux patients confort et s\u00e9curit\u00e9 pendant leur traitement.<\/p>\n<div style='text-align:center;' class='ow_post_button'><a target='_self' href='https:\/\/youtu.be\/6oh3H3t-BDM'>FAUTEUILS THERAPEUTIQUES ZEROG<\/a><\/div>\n<h2>Remerciements et soutien particuliers<\/h2>\n<p>\u00c0 l&rsquo;occasion de la Journ\u00e9e mondiale contre le cancer 2022, nous souhaitons exprimer notre soutien aux personnes qui luttent actuellement contre le cancer et notre gratitude envers ceux qui sont \u00e0 leurs c\u00f4t\u00e9s. Faisons des changements, petits ou grands, pour pr\u00e9venir le cancer et combler le vide du cancer !<\/p>\n<div style='text-align:center;' class='ow_post_button'><a target='_self' href='https:\/\/novak-m.com\/contact\/'>CONTACTEZ-NOUS<\/a><\/div>\n<p>&nbsp;<\/p>\n<p>*Ferlay J, Ervik M, Lam F, Colombet M, Mery L, Pi\u00f1eros M, et al. Global Cancer Observatory: Cancer Today. Lyon: International Agency for Research on Cancer; 2020 (<a href=\"https:\/\/gco.iarc.fr\/today\">https:\/\/gco.iarc.fr\/today<\/a>, accessed January 2022)<\/p>\n","protected":false},"excerpt":{"rendered":"<p>Depuis 2000, la Journ\u00e9e mondiale contre le cancer a lieu tous les 4 f\u00e9vrier et constitue une initiative mondiale pour faire face \u00e0 l&rsquo;un de nos plus grands d\u00e9fis. Malgr\u00e9 le fait que le monde soit en pleine pand\u00e9mie de covid-19, le cancer ne doit pas \u00eatre oubli\u00e9.<\/p>\n","protected":false},"author":5,"featured_media":61509,"comment_status":"open","ping_status":"open","sticky":false,"template":"","format":"standard","meta":{"_acf_changed":false,"footnotes":""},"categories":[310],"tags":[],"class_list":["post-61522","post","type-post","status-publish","format-standard","has-post-thumbnail","hentry","category-actualites"],"acf":[],"yoast_head":"<!-- This site is optimized with the Yoast SEO plugin v25.5 - https:\/\/yoast.com\/wordpress\/plugins\/seo\/ -->\n<title>Journ\u00e9e mondiale contre le cancer 2022 \u2502 Novak M<\/title>\n<meta name=\"description\" content=\"Journ\u00e9e mondiale contre le cancer a lieu tous les 4 f\u00e9vrier et constitue une initiative pour faire face \u00e0 l&#039;un de nos plus grands d\u00e9fis.\" \/>\n<meta name=\"robots\" content=\"index, follow, max-snippet:-1, max-image-preview:large, max-video-preview:-1\" \/>\n<link rel=\"canonical\" href=\"https:\/\/novak-m.com\/fr\/journee-mondiale-contre-le-cancer-2022\/\" \/>\n<meta property=\"og:locale\" content=\"fr_FR\" \/>\n<meta property=\"og:type\" content=\"article\" \/>\n<meta property=\"og:title\" content=\"World Cancer Day 2022 \u2502 Novak M\" \/>\n<meta property=\"og:description\" content=\"Journ\u00e9e mondiale contre le cancer a lieu tous les 4 f\u00e9vrier et constitue une initiative pour faire face \u00e0 l&#039;un de nos plus grands d\u00e9fis.\" \/>\n<meta property=\"og:url\" content=\"https:\/\/novak-m.com\/fr\/journee-mondiale-contre-le-cancer-2022\/\" \/>\n<meta property=\"og:site_name\" content=\"Novak-M\" \/>\n<meta property=\"article:published_time\" content=\"2022-01-31T09:53:04+00:00\" \/>\n<meta property=\"article:modified_time\" content=\"2022-02-14T10:10:50+00:00\" \/>\n<meta property=\"og:image\" content=\"https:\/\/novak-m.com\/wp-content\/uploads\/2022\/01\/doctor-holding-patients-hand-1.jpg\" \/>\n\t<meta property=\"og:image:width\" content=\"1037\" \/>\n\t<meta property=\"og:image:height\" content=\"929\" \/>\n\t<meta property=\"og:image:type\" content=\"image\/jpeg\" \/>\n<meta name=\"author\" content=\"ana_cesen\" \/>\n<meta name=\"twitter:card\" content=\"summary_large_image\" \/>\n<meta name=\"twitter:label1\" content=\"\u00c9crit par\" \/>\n\t<meta name=\"twitter:data1\" content=\"ana_cesen\" \/>\n\t<meta name=\"twitter:label2\" content=\"Dur\u00e9e de lecture estim\u00e9e\" \/>\n\t<meta name=\"twitter:data2\" content=\"3 minutes\" \/>\n<script type=\"application\/ld+json\" class=\"yoast-schema-graph\">{\"@context\":\"https:\/\/schema.org\",\"@graph\":[{\"@type\":\"WebPage\",\"@id\":\"https:\/\/novak-m.com\/fr\/journee-mondiale-contre-le-cancer-2022\/\",\"url\":\"https:\/\/novak-m.com\/fr\/journee-mondiale-contre-le-cancer-2022\/\",\"name\":\"Journ\u00e9e mondiale contre le cancer 2022 \u2502 Novak M\",\"isPartOf\":{\"@id\":\"https:\/\/novak-m.com\/fr\/#website\"},\"primaryImageOfPage\":{\"@id\":\"https:\/\/novak-m.com\/fr\/journee-mondiale-contre-le-cancer-2022\/#primaryimage\"},\"image\":{\"@id\":\"https:\/\/novak-m.com\/fr\/journee-mondiale-contre-le-cancer-2022\/#primaryimage\"},\"thumbnailUrl\":\"https:\/\/novak-m.com\/wp-content\/uploads\/2022\/01\/doctor-holding-patients-hand.jpg\",\"datePublished\":\"2022-01-31T09:53:04+00:00\",\"dateModified\":\"2022-02-14T10:10:50+00:00\",\"author\":{\"@id\":\"https:\/\/novak-m.com\/fr\/#\/schema\/person\/f484d4bdbb417bc65e1281ff35734865\"},\"description\":\"Journ\u00e9e mondiale contre le cancer a lieu tous les 4 f\u00e9vrier et constitue une initiative pour faire face \u00e0 l'un de nos plus grands d\u00e9fis.\",\"breadcrumb\":{\"@id\":\"https:\/\/novak-m.com\/fr\/journee-mondiale-contre-le-cancer-2022\/#breadcrumb\"},\"inLanguage\":\"fr-FR\",\"potentialAction\":[{\"@type\":\"ReadAction\",\"target\":[\"https:\/\/novak-m.com\/fr\/journee-mondiale-contre-le-cancer-2022\/\"]}]},{\"@type\":\"ImageObject\",\"inLanguage\":\"fr-FR\",\"@id\":\"https:\/\/novak-m.com\/fr\/journee-mondiale-contre-le-cancer-2022\/#primaryimage\",\"url\":\"https:\/\/novak-m.com\/wp-content\/uploads\/2022\/01\/doctor-holding-patients-hand.jpg\",\"contentUrl\":\"https:\/\/novak-m.com\/wp-content\/uploads\/2022\/01\/doctor-holding-patients-hand.jpg\",\"width\":1037,\"height\":929,\"caption\":\"m\u00e9decin tenant la main d'un patient atteint de cancer\"},{\"@type\":\"BreadcrumbList\",\"@id\":\"https:\/\/novak-m.com\/fr\/journee-mondiale-contre-le-cancer-2022\/#breadcrumb\",\"itemListElement\":[{\"@type\":\"ListItem\",\"position\":1,\"name\":\"Home\",\"item\":\"https:\/\/novak-m.com\/fr\/home\/\"},{\"@type\":\"ListItem\",\"position\":2,\"name\":\"Journ\u00e9e mondiale contre le cancer 2022\"}]},{\"@type\":\"WebSite\",\"@id\":\"https:\/\/novak-m.com\/fr\/#website\",\"url\":\"https:\/\/novak-m.com\/fr\/\",\"name\":\"Novak M\",\"description\":\"Novak M | official international webpage | novak-m.com\",\"potentialAction\":[{\"@type\":\"SearchAction\",\"target\":{\"@type\":\"EntryPoint\",\"urlTemplate\":\"https:\/\/novak-m.com\/fr\/?s={search_term_string}\"},\"query-input\":{\"@type\":\"PropertyValueSpecification\",\"valueRequired\":true,\"valueName\":\"search_term_string\"}}],\"inLanguage\":\"fr-FR\"},{\"@type\":\"Person\",\"@id\":\"https:\/\/novak-m.com\/fr\/#\/schema\/person\/f484d4bdbb417bc65e1281ff35734865\",\"name\":\"ana_cesen\",\"url\":\"https:\/\/novak-m.com\/fr\/author\/ana_cesen\/\"}]}<\/script>\n<!-- \/ Yoast SEO plugin. -->","yoast_head_json":{"title":"Journ\u00e9e mondiale contre le cancer 2022 \u2502 Novak M","description":"Journ\u00e9e mondiale contre le cancer a lieu tous les 4 f\u00e9vrier et constitue une initiative pour faire face \u00e0 l'un de nos plus grands d\u00e9fis.","robots":{"index":"index","follow":"follow","max-snippet":"max-snippet:-1","max-image-preview":"max-image-preview:large","max-video-preview":"max-video-preview:-1"},"canonical":"https:\/\/novak-m.com\/fr\/journee-mondiale-contre-le-cancer-2022\/","og_locale":"fr_FR","og_type":"article","og_title":"World Cancer Day 2022 \u2502 Novak M","og_description":"Journ\u00e9e mondiale contre le cancer a lieu tous les 4 f\u00e9vrier et constitue une initiative pour faire face \u00e0 l'un de nos plus grands d\u00e9fis.","og_url":"https:\/\/novak-m.com\/fr\/journee-mondiale-contre-le-cancer-2022\/","og_site_name":"Novak-M","article_published_time":"2022-01-31T09:53:04+00:00","article_modified_time":"2022-02-14T10:10:50+00:00","og_image":[{"width":1037,"height":929,"url":"https:\/\/novak-m.com\/wp-content\/uploads\/2022\/01\/doctor-holding-patients-hand-1.jpg","type":"image\/jpeg"}],"author":"ana_cesen","twitter_card":"summary_large_image","twitter_misc":{"\u00c9crit par":"ana_cesen","Dur\u00e9e de lecture estim\u00e9e":"3 minutes"},"schema":{"@context":"https:\/\/schema.org","@graph":[{"@type":"WebPage","@id":"https:\/\/novak-m.com\/fr\/journee-mondiale-contre-le-cancer-2022\/","url":"https:\/\/novak-m.com\/fr\/journee-mondiale-contre-le-cancer-2022\/","name":"Journ\u00e9e mondiale contre le cancer 2022 \u2502 Novak M","isPartOf":{"@id":"https:\/\/novak-m.com\/fr\/#website"},"primaryImageOfPage":{"@id":"https:\/\/novak-m.com\/fr\/journee-mondiale-contre-le-cancer-2022\/#primaryimage"},"image":{"@id":"https:\/\/novak-m.com\/fr\/journee-mondiale-contre-le-cancer-2022\/#primaryimage"},"thumbnailUrl":"https:\/\/novak-m.com\/wp-content\/uploads\/2022\/01\/doctor-holding-patients-hand.jpg","datePublished":"2022-01-31T09:53:04+00:00","dateModified":"2022-02-14T10:10:50+00:00","author":{"@id":"https:\/\/novak-m.com\/fr\/#\/schema\/person\/f484d4bdbb417bc65e1281ff35734865"},"description":"Journ\u00e9e mondiale contre le cancer a lieu tous les 4 f\u00e9vrier et constitue une initiative pour faire face \u00e0 l'un de nos plus grands d\u00e9fis.","breadcrumb":{"@id":"https:\/\/novak-m.com\/fr\/journee-mondiale-contre-le-cancer-2022\/#breadcrumb"},"inLanguage":"fr-FR","potentialAction":[{"@type":"ReadAction","target":["https:\/\/novak-m.com\/fr\/journee-mondiale-contre-le-cancer-2022\/"]}]},{"@type":"ImageObject","inLanguage":"fr-FR","@id":"https:\/\/novak-m.com\/fr\/journee-mondiale-contre-le-cancer-2022\/#primaryimage","url":"https:\/\/novak-m.com\/wp-content\/uploads\/2022\/01\/doctor-holding-patients-hand.jpg","contentUrl":"https:\/\/novak-m.com\/wp-content\/uploads\/2022\/01\/doctor-holding-patients-hand.jpg","width":1037,"height":929,"caption":"m\u00e9decin tenant la main d'un patient atteint de cancer"},{"@type":"BreadcrumbList","@id":"https:\/\/novak-m.com\/fr\/journee-mondiale-contre-le-cancer-2022\/#breadcrumb","itemListElement":[{"@type":"ListItem","position":1,"name":"Home","item":"https:\/\/novak-m.com\/fr\/home\/"},{"@type":"ListItem","position":2,"name":"Journ\u00e9e mondiale contre le cancer 2022"}]},{"@type":"WebSite","@id":"https:\/\/novak-m.com\/fr\/#website","url":"https:\/\/novak-m.com\/fr\/","name":"Novak M","description":"Novak M | official international webpage | novak-m.com","potentialAction":[{"@type":"SearchAction","target":{"@type":"EntryPoint","urlTemplate":"https:\/\/novak-m.com\/fr\/?s={search_term_string}"},"query-input":{"@type":"PropertyValueSpecification","valueRequired":true,"valueName":"search_term_string"}}],"inLanguage":"fr-FR"},{"@type":"Person","@id":"https:\/\/novak-m.com\/fr\/#\/schema\/person\/f484d4bdbb417bc65e1281ff35734865","name":"ana_cesen","url":"https:\/\/novak-m.com\/fr\/author\/ana_cesen\/"}]}},"_links":{"self":[{"href":"https:\/\/novak-m.com\/fr\/wp-json\/wp\/v2\/posts\/61522","targetHints":{"allow":["GET"]}}],"collection":[{"href":"https:\/\/novak-m.com\/fr\/wp-json\/wp\/v2\/posts"}],"about":[{"href":"https:\/\/novak-m.com\/fr\/wp-json\/wp\/v2\/types\/post"}],"author":[{"embeddable":true,"href":"https:\/\/novak-m.com\/fr\/wp-json\/wp\/v2\/users\/5"}],"replies":[{"embeddable":true,"href":"https:\/\/novak-m.com\/fr\/wp-json\/wp\/v2\/comments?post=61522"}],"version-history":[{"count":0,"href":"https:\/\/novak-m.com\/fr\/wp-json\/wp\/v2\/posts\/61522\/revisions"}],"wp:featuredmedia":[{"embeddable":true,"href":"https:\/\/novak-m.com\/fr\/wp-json\/wp\/v2\/media\/61509"}],"wp:attachment":[{"href":"https:\/\/novak-m.com\/fr\/wp-json\/wp\/v2\/media?parent=61522"}],"wp:term":[{"taxonomy":"category","embeddable":true,"href":"https:\/\/novak-m.com\/fr\/wp-json\/wp\/v2\/categories?post=61522"},{"taxonomy":"post_tag","embeddable":true,"href":"https:\/\/novak-m.com\/fr\/wp-json\/wp\/v2\/tags?post=61522"}],"curies":[{"name":"wp","href":"https:\/\/api.w.org\/{rel}","templated":true}]}}