{"id":59156,"date":"2021-12-13T12:31:10","date_gmt":"2021-12-13T11:31:10","guid":{"rendered":"https:\/\/www.novak-m.com\/?p=59156"},"modified":"2022-01-10T07:24:40","modified_gmt":"2022-01-10T06:24:40","slug":"part-of-our-team-is-at-iese-business-school","status":"publish","type":"post","link":"https:\/\/novak-m.com\/fr\/part-of-our-team-is-at-iese-business-school\/","title":{"rendered":"Une partie de notre \u00e9quipe se trouve \u00e0 Barcelone, \u00e0 l&rsquo;IESE Business School"},"content":{"rendered":"<h2>Nouvelles connaissances et progr\u00e8s<\/h2>\n<p>Chez Novak M, la connaissance et le progr\u00e8s occupent une place importante dans l&rsquo;\u00e9chelle de nos valeurs. Nous ne pouvons suivre le rythme du d\u00e9veloppement et r\u00e9pondre ainsi aux besoins de nos clients qu&rsquo;en \u00e9tant ouverts aux nouvelles connaissances et aux nouvelles d\u00e9couvertes.<\/p>\n<h2>Un environnement d&rsquo;apprentissage riche<\/h2>\n<p>Cette ann\u00e9e, deux membres de notre \u00e9quipe participent au programme de d\u00e9veloppement de la gestion \u00e0 la c\u00e9l\u00e8bre <a href=\"https:\/\/www.iese.edu\/\"><strong>\u00e9cole de commerce IESE<\/strong><\/a> de l&rsquo;universit\u00e9 de Navarre, en Espagne. Le programme de 6 mois destin\u00e9 aux responsables fonctionnels est actuellement suivi par 23 participants de toute l&rsquo;Europe, issus de secteurs et de milieux diff\u00e9rents. Le processus d&rsquo;apprentissage comprend principalement des \u00e9tudes de cas, des d\u00e9bats et des simulations. Dans un environnement d&rsquo;apprentissage riche et dynamique, les participants apprennent \u00e0 comprendre les strat\u00e9gies, les personnes, les processus et les syst\u00e8mes dans diff\u00e9rentes fonctions et comment ils s&rsquo;int\u00e8grent pour cr\u00e9er de la valeur. En termes plus simples, ils acqui\u00e8rent les comp\u00e9tences et les aptitudes dont tout bon gestionnaire fonctionnel confirm\u00e9 a besoin.<\/p>\n<p><img loading=\"lazy\" decoding=\"async\" class=\"alignnone size-full wp-image-59142\" src=\"https:\/\/novak-m.com\/wp-content\/uploads\/2021\/12\/IESE-Business-School_gal.jpg\" alt=\"Iese business scool in Barcelona\" width=\"602\" height=\"388\" srcset=\"https:\/\/novak-m.com\/wp-content\/uploads\/2021\/12\/IESE-Business-School_gal.jpg 602w, https:\/\/novak-m.com\/wp-content\/uploads\/2021\/12\/IESE-Business-School_gal-300x193.jpg 300w, https:\/\/novak-m.com\/wp-content\/uploads\/2021\/12\/IESE-Business-School_gal-600x387.jpg 600w, https:\/\/novak-m.com\/wp-content\/uploads\/2021\/12\/IESE-Business-School_gal-186x120.jpg 186w\" sizes=\"auto, (max-width: 602px) 100vw, 602px\" \/><\/p>\n<h2>Une exp\u00e9rience directe<\/h2>\n<p>Jakob Jau\u0161evec, responsable du d\u00e9veloppement du march\u00e9 chez Novak M, d\u00e9clare \u00e0 propos du programme : <em>\u00ab Le choix de participer au PMD \u00e0 l&rsquo;IESE de Barcelone a \u00e9t\u00e9 l&rsquo;une des meilleures d\u00e9cisions que j\u2019ai prises ces derniers temps. Le programme lui-m\u00eame, les conf\u00e9rences stimulantes et le groupe international me poussent d\u00e9finitivement \u00e0 sortir de ma routine quotidienne et de mon environnement de travail. Cela me permet \u00e9galement d&rsquo;exp\u00e9rimenter et d&rsquo;en apprendre davantage sur les affaires, l&rsquo;\u00e9conomie, le leadership et de voir les d\u00e9fis sous diff\u00e9rents angles. C\u2019est le moteur de mon d\u00e9veloppement personnel et professionnel et cela vous donne une bo\u00eete \u00e0 outils pour prendre de meilleures d\u00e9cisions. \u00bb<\/em><\/p>\n<h2>\u00ab Les gens passent avant tout \u00bb<\/h2>\n<p>Chez Novak M, nous voulons que notre entreprise soit un environnement stimulant pour nos employ\u00e9s, non seulement en termes de croissance de notre activit\u00e9, mais aussi en termes d&rsquo;am\u00e9lioration et de d\u00e9veloppement professionnel et personnelde chacun. Terminons par l&rsquo;une des valeurs de l&rsquo;\u00e9cole de commerce IESE \u00e0 laquelle nous tenons beaucoup : \u00ab Nous croyons que les gens passent avant tout. Les ressources humaines sont l&rsquo;atout le plus pr\u00e9cieux de toute organisation. \u00bb<\/p>\n<div style='text-align:center;' class='ow_post_button'><a target='_self' href='https:\/\/novak-m.com\/fr\/contact\/'>CONTACTTEZ-NOUS<\/a><\/div>\n","protected":false},"excerpt":{"rendered":"<p>Deux membres de notre \u00e9quipe se trouvent cette semaine \u00e0 Barcelone, o\u00f9 ils participent au programme de d\u00e9veloppement de la gestion de l&rsquo;\u00e9cole de commerce IESE, de l&rsquo;universit\u00e9 de Navarre, en Espagne.<\/p>\n","protected":false},"author":5,"featured_media":59138,"comment_status":"open","ping_status":"open","sticky":false,"template":"","format":"standard","meta":{"_acf_changed":false,"footnotes":""},"categories":[310],"tags":[],"class_list":["post-59156","post","type-post","status-publish","format-standard","has-post-thumbnail","hentry","category-actualites"],"acf":[],"yoast_head":"<!-- This site is optimized with the Yoast SEO plugin v25.5 - https:\/\/yoast.com\/wordpress\/plugins\/seo\/ -->\n<title>Une partie de notre \u00e9quipe se trouve \u00e0 l&#039;IESE Business School | Novak M<\/title>\n<meta name=\"description\" content=\"Deux membres de notre \u00e9quipe participent au programme de d\u00e9veloppement de la gestion \u00e0 la c\u00e9l\u00e8bre \u00e9cole de commerce IESE en Espagne.\" \/>\n<meta name=\"robots\" content=\"index, follow, max-snippet:-1, max-image-preview:large, max-video-preview:-1\" \/>\n<link rel=\"canonical\" href=\"https:\/\/novak-m.com\/part-of-our-team-is-at-iese-business-school\/\" \/>\n<meta property=\"og:locale\" content=\"fr_FR\" \/>\n<meta property=\"og:type\" content=\"article\" \/>\n<meta property=\"og:title\" content=\"Une partie de notre \u00e9quipe se trouve \u00e0 l&#039;IESE Business School | Novak M\" \/>\n<meta property=\"og:description\" content=\"Deux membres de notre \u00e9quipe participent au programme de d\u00e9veloppement de la gestion \u00e0 la c\u00e9l\u00e8bre \u00e9cole de commerce IESE en Espagne.\" \/>\n<meta property=\"og:url\" content=\"https:\/\/novak-m.com\/part-of-our-team-is-at-iese-business-school\/\" \/>\n<meta property=\"og:site_name\" content=\"Novak-M\" \/>\n<meta property=\"article:published_time\" content=\"2021-12-13T11:31:10+00:00\" \/>\n<meta property=\"article:modified_time\" content=\"2022-01-10T06:24:40+00:00\" \/>\n<meta property=\"og:image\" content=\"https:\/\/novak-m.com\/wp-content\/uploads\/2021\/12\/IESE_fb.jpg\" \/>\n\t<meta property=\"og:image:width\" content=\"1200\" \/>\n\t<meta property=\"og:image:height\" content=\"627\" \/>\n\t<meta property=\"og:image:type\" content=\"image\/jpeg\" \/>\n<meta name=\"author\" content=\"ana_cesen\" \/>\n<meta name=\"twitter:card\" content=\"summary_large_image\" \/>\n<meta name=\"twitter:label1\" content=\"\u00c9crit par\" \/>\n\t<meta name=\"twitter:data1\" content=\"ana_cesen\" \/>\n\t<meta name=\"twitter:label2\" content=\"Dur\u00e9e de lecture estim\u00e9e\" \/>\n\t<meta name=\"twitter:data2\" content=\"2 minutes\" \/>\n<script type=\"application\/ld+json\" class=\"yoast-schema-graph\">{\"@context\":\"https:\/\/schema.org\",\"@graph\":[{\"@type\":\"WebPage\",\"@id\":\"https:\/\/novak-m.com\/part-of-our-team-is-at-iese-business-school\/\",\"url\":\"https:\/\/novak-m.com\/part-of-our-team-is-at-iese-business-school\/\",\"name\":\"Une partie de notre \u00e9quipe se trouve \u00e0 l'IESE Business School | Novak M\",\"isPartOf\":{\"@id\":\"https:\/\/novak-m.com\/fr\/#website\"},\"primaryImageOfPage\":{\"@id\":\"https:\/\/novak-m.com\/part-of-our-team-is-at-iese-business-school\/#primaryimage\"},\"image\":{\"@id\":\"https:\/\/novak-m.com\/part-of-our-team-is-at-iese-business-school\/#primaryimage\"},\"thumbnailUrl\":\"https:\/\/novak-m.com\/wp-content\/uploads\/2021\/12\/IESE-Business-School_gen.jpg\",\"datePublished\":\"2021-12-13T11:31:10+00:00\",\"dateModified\":\"2022-01-10T06:24:40+00:00\",\"author\":{\"@id\":\"https:\/\/novak-m.com\/fr\/#\/schema\/person\/f484d4bdbb417bc65e1281ff35734865\"},\"description\":\"Deux membres de notre \u00e9quipe participent au programme de d\u00e9veloppement de la gestion \u00e0 la c\u00e9l\u00e8bre \u00e9cole de commerce IESE en Espagne.\",\"breadcrumb\":{\"@id\":\"https:\/\/novak-m.com\/part-of-our-team-is-at-iese-business-school\/#breadcrumb\"},\"inLanguage\":\"fr-FR\",\"potentialAction\":[{\"@type\":\"ReadAction\",\"target\":[\"https:\/\/novak-m.com\/part-of-our-team-is-at-iese-business-school\/\"]}]},{\"@type\":\"ImageObject\",\"inLanguage\":\"fr-FR\",\"@id\":\"https:\/\/novak-m.com\/part-of-our-team-is-at-iese-business-school\/#primaryimage\",\"url\":\"https:\/\/novak-m.com\/wp-content\/uploads\/2021\/12\/IESE-Business-School_gen.jpg\",\"contentUrl\":\"https:\/\/novak-m.com\/wp-content\/uploads\/2021\/12\/IESE-Business-School_gen.jpg\",\"width\":1037,\"height\":929,\"caption\":\"in front of IESE business school\"},{\"@type\":\"BreadcrumbList\",\"@id\":\"https:\/\/novak-m.com\/part-of-our-team-is-at-iese-business-school\/#breadcrumb\",\"itemListElement\":[{\"@type\":\"ListItem\",\"position\":1,\"name\":\"Home\",\"item\":\"https:\/\/novak-m.com\/fr\/home\/\"},{\"@type\":\"ListItem\",\"position\":2,\"name\":\"Une partie de notre \u00e9quipe se trouve \u00e0 Barcelone, \u00e0 l&#8217;IESE Business School\"}]},{\"@type\":\"WebSite\",\"@id\":\"https:\/\/novak-m.com\/fr\/#website\",\"url\":\"https:\/\/novak-m.com\/fr\/\",\"name\":\"Novak M\",\"description\":\"Novak M | official international webpage | novak-m.com\",\"potentialAction\":[{\"@type\":\"SearchAction\",\"target\":{\"@type\":\"EntryPoint\",\"urlTemplate\":\"https:\/\/novak-m.com\/fr\/?s={search_term_string}\"},\"query-input\":{\"@type\":\"PropertyValueSpecification\",\"valueRequired\":true,\"valueName\":\"search_term_string\"}}],\"inLanguage\":\"fr-FR\"},{\"@type\":\"Person\",\"@id\":\"https:\/\/novak-m.com\/fr\/#\/schema\/person\/f484d4bdbb417bc65e1281ff35734865\",\"name\":\"ana_cesen\",\"url\":\"https:\/\/novak-m.com\/fr\/author\/ana_cesen\/\"}]}<\/script>\n<!-- \/ Yoast SEO plugin. -->","yoast_head_json":{"title":"Une partie de notre \u00e9quipe se trouve \u00e0 l'IESE Business School | Novak M","description":"Deux membres de notre \u00e9quipe participent au programme de d\u00e9veloppement de la gestion \u00e0 la c\u00e9l\u00e8bre \u00e9cole de commerce IESE en Espagne.","robots":{"index":"index","follow":"follow","max-snippet":"max-snippet:-1","max-image-preview":"max-image-preview:large","max-video-preview":"max-video-preview:-1"},"canonical":"https:\/\/novak-m.com\/part-of-our-team-is-at-iese-business-school\/","og_locale":"fr_FR","og_type":"article","og_title":"Une partie de notre \u00e9quipe se trouve \u00e0 l'IESE Business School | Novak M","og_description":"Deux membres de notre \u00e9quipe participent au programme de d\u00e9veloppement de la gestion \u00e0 la c\u00e9l\u00e8bre \u00e9cole de commerce IESE en Espagne.","og_url":"https:\/\/novak-m.com\/part-of-our-team-is-at-iese-business-school\/","og_site_name":"Novak-M","article_published_time":"2021-12-13T11:31:10+00:00","article_modified_time":"2022-01-10T06:24:40+00:00","og_image":[{"width":1200,"height":627,"url":"https:\/\/novak-m.com\/wp-content\/uploads\/2021\/12\/IESE_fb.jpg","type":"image\/jpeg"}],"author":"ana_cesen","twitter_card":"summary_large_image","twitter_misc":{"\u00c9crit par":"ana_cesen","Dur\u00e9e de lecture estim\u00e9e":"2 minutes"},"schema":{"@context":"https:\/\/schema.org","@graph":[{"@type":"WebPage","@id":"https:\/\/novak-m.com\/part-of-our-team-is-at-iese-business-school\/","url":"https:\/\/novak-m.com\/part-of-our-team-is-at-iese-business-school\/","name":"Une partie de notre \u00e9quipe se trouve \u00e0 l'IESE Business School | Novak M","isPartOf":{"@id":"https:\/\/novak-m.com\/fr\/#website"},"primaryImageOfPage":{"@id":"https:\/\/novak-m.com\/part-of-our-team-is-at-iese-business-school\/#primaryimage"},"image":{"@id":"https:\/\/novak-m.com\/part-of-our-team-is-at-iese-business-school\/#primaryimage"},"thumbnailUrl":"https:\/\/novak-m.com\/wp-content\/uploads\/2021\/12\/IESE-Business-School_gen.jpg","datePublished":"2021-12-13T11:31:10+00:00","dateModified":"2022-01-10T06:24:40+00:00","author":{"@id":"https:\/\/novak-m.com\/fr\/#\/schema\/person\/f484d4bdbb417bc65e1281ff35734865"},"description":"Deux membres de notre \u00e9quipe participent au programme de d\u00e9veloppement de la gestion \u00e0 la c\u00e9l\u00e8bre \u00e9cole de commerce IESE en Espagne.","breadcrumb":{"@id":"https:\/\/novak-m.com\/part-of-our-team-is-at-iese-business-school\/#breadcrumb"},"inLanguage":"fr-FR","potentialAction":[{"@type":"ReadAction","target":["https:\/\/novak-m.com\/part-of-our-team-is-at-iese-business-school\/"]}]},{"@type":"ImageObject","inLanguage":"fr-FR","@id":"https:\/\/novak-m.com\/part-of-our-team-is-at-iese-business-school\/#primaryimage","url":"https:\/\/novak-m.com\/wp-content\/uploads\/2021\/12\/IESE-Business-School_gen.jpg","contentUrl":"https:\/\/novak-m.com\/wp-content\/uploads\/2021\/12\/IESE-Business-School_gen.jpg","width":1037,"height":929,"caption":"in front of IESE business school"},{"@type":"BreadcrumbList","@id":"https:\/\/novak-m.com\/part-of-our-team-is-at-iese-business-school\/#breadcrumb","itemListElement":[{"@type":"ListItem","position":1,"name":"Home","item":"https:\/\/novak-m.com\/fr\/home\/"},{"@type":"ListItem","position":2,"name":"Une partie de notre \u00e9quipe se trouve \u00e0 Barcelone, \u00e0 l&#8217;IESE Business School"}]},{"@type":"WebSite","@id":"https:\/\/novak-m.com\/fr\/#website","url":"https:\/\/novak-m.com\/fr\/","name":"Novak M","description":"Novak M | official international webpage | novak-m.com","potentialAction":[{"@type":"SearchAction","target":{"@type":"EntryPoint","urlTemplate":"https:\/\/novak-m.com\/fr\/?s={search_term_string}"},"query-input":{"@type":"PropertyValueSpecification","valueRequired":true,"valueName":"search_term_string"}}],"inLanguage":"fr-FR"},{"@type":"Person","@id":"https:\/\/novak-m.com\/fr\/#\/schema\/person\/f484d4bdbb417bc65e1281ff35734865","name":"ana_cesen","url":"https:\/\/novak-m.com\/fr\/author\/ana_cesen\/"}]}},"_links":{"self":[{"href":"https:\/\/novak-m.com\/fr\/wp-json\/wp\/v2\/posts\/59156","targetHints":{"allow":["GET"]}}],"collection":[{"href":"https:\/\/novak-m.com\/fr\/wp-json\/wp\/v2\/posts"}],"about":[{"href":"https:\/\/novak-m.com\/fr\/wp-json\/wp\/v2\/types\/post"}],"author":[{"embeddable":true,"href":"https:\/\/novak-m.com\/fr\/wp-json\/wp\/v2\/users\/5"}],"replies":[{"embeddable":true,"href":"https:\/\/novak-m.com\/fr\/wp-json\/wp\/v2\/comments?post=59156"}],"version-history":[{"count":0,"href":"https:\/\/novak-m.com\/fr\/wp-json\/wp\/v2\/posts\/59156\/revisions"}],"wp:featuredmedia":[{"embeddable":true,"href":"https:\/\/novak-m.com\/fr\/wp-json\/wp\/v2\/media\/59138"}],"wp:attachment":[{"href":"https:\/\/novak-m.com\/fr\/wp-json\/wp\/v2\/media?parent=59156"}],"wp:term":[{"taxonomy":"category","embeddable":true,"href":"https:\/\/novak-m.com\/fr\/wp-json\/wp\/v2\/categories?post=59156"},{"taxonomy":"post_tag","embeddable":true,"href":"https:\/\/novak-m.com\/fr\/wp-json\/wp\/v2\/tags?post=59156"}],"curies":[{"name":"wp","href":"https:\/\/api.w.org\/{rel}","templated":true}]}}