{"id":58370,"date":"2021-11-29T10:55:16","date_gmt":"2021-11-29T09:55:16","guid":{"rendered":"https:\/\/www.novak-m.com\/?p=58370"},"modified":"2021-12-06T12:11:12","modified_gmt":"2021-12-06T11:11:12","slug":"partenariat-das-pflegezimmer","status":"publish","type":"post","link":"https:\/\/novak-m.com\/fr\/partenariat-das-pflegezimmer\/","title":{"rendered":"Un partenariat qui compte | Das Pflegezimmer &#038; Novak M"},"content":{"rendered":"<h2>L&rsquo;entreprise Das Pflegezimmer est fortement ancr\u00e9e dans le secteur des soins de sant\u00e9<\/h2>\n<p>Depuis 1999, l&rsquo;entreprise familiale <a href=\"https:\/\/www.pflegezimmer.at\/\"><strong>Das Pflegezimmer<\/strong> <\/a> est devenue un fournisseur respect\u00e9 et leader sur le march\u00e9 de l&rsquo;\u00e9quipement m\u00e9dical pour le soutien des patients dans les h\u00f4pitaux et les maisons de retraite. En plus d&rsquo;une large gamme de produits innovants et de qualit\u00e9 sup\u00e9rieure, leur \u00e9quipe d&rsquo;experts, forte de son savoir-faire et de son exp\u00e9rience, fournit un excellent service \u00e0 ses clients, qu&rsquo;il s&rsquo;agisse de conseils comp\u00e9tents, d&rsquo;une livraison, d&rsquo;un service ou d&rsquo;un entretien sans probl\u00e8me.<\/p>\n<p><img loading=\"lazy\" decoding=\"async\" class=\"alignnone size-full wp-image-58353\" src=\"https:\/\/novak-m.com\/wp-content\/uploads\/2021\/11\/Pflegezimmer_1.jpg\" alt=\"\" width=\"602\" height=\"388\" srcset=\"https:\/\/novak-m.com\/wp-content\/uploads\/2021\/11\/Pflegezimmer_1.jpg 602w, https:\/\/novak-m.com\/wp-content\/uploads\/2021\/11\/Pflegezimmer_1-300x193.jpg 300w, https:\/\/novak-m.com\/wp-content\/uploads\/2021\/11\/Pflegezimmer_1-600x387.jpg 600w, https:\/\/novak-m.com\/wp-content\/uploads\/2021\/11\/Pflegezimmer_1-186x120.jpg 186w\" sizes=\"auto, (max-width: 602px) 100vw, 602px\" \/><\/p>\n<h2>Construire sur des valeurs communes<\/h2>\n<p>Le contrat entre Novak M et Das Pflegezimmer a \u00e9t\u00e9 sign\u00e9 au d\u00e9but de cette ann\u00e9e. M. Igor Savic, le directeur g\u00e9n\u00e9ral de Das Pflegezimmer, d\u00e9clare :<em> \u00ab Notre entreprise recherche des partenaires de coop\u00e9ration qui ont les m\u00eames exigences de qualit\u00e9 que nous : des produits innovants de qualit\u00e9 sup\u00e9rieure, des personnes d\u00e9vou\u00e9es qui sont toujours pr\u00eates \u00e0 trouver une solution pour le client, un service et une assistance parfaits et une atmosph\u00e8re amicale et familiale. Nous avons la chance d&rsquo;avoir trouv\u00e9 ces qualit\u00e9s chez notre partenaire Novak M de Slov\u00e9nie. Nous sommes heureux de travailler ensemble et de convaincre nos clients avec des solutions parfaites pour les soins et le transport des patients<\/em>. \u00bb<\/p>\n<div style='text-align:center;' class='ow_post_button'><a target='_self' href='https:\/\/novak-m.com\/fr\/categorie-de-produits\/prelevements-sanguin-et-therapies\/'>PRODUITS NOVAK M<\/a><\/div>\n<p><img loading=\"lazy\" decoding=\"async\" class=\"alignnone size-full wp-image-58359\" src=\"https:\/\/novak-m.com\/wp-content\/uploads\/2021\/11\/Pflegezimmer_2.jpg\" alt=\"Novak M &amp; Pflegezimmer together at lunch\" width=\"602\" height=\"388\" srcset=\"https:\/\/novak-m.com\/wp-content\/uploads\/2021\/11\/Pflegezimmer_2.jpg 602w, https:\/\/novak-m.com\/wp-content\/uploads\/2021\/11\/Pflegezimmer_2-300x193.jpg 300w, https:\/\/novak-m.com\/wp-content\/uploads\/2021\/11\/Pflegezimmer_2-600x387.jpg 600w, https:\/\/novak-m.com\/wp-content\/uploads\/2021\/11\/Pflegezimmer_2-186x120.jpg 186w\" sizes=\"auto, (max-width: 602px) 100vw, 602px\" \/><\/p>\n<h2>Regarder dans la m\u00eame direction<\/h2>\n<p>Nous tenons \u00e0 remercier Das Pflegezimmer pour la confiance qu&rsquo;elle nous accorde, \u00e0 nous et \u00e0 nos produits. Nous attendons avec impatience de futurs projets communs visant \u00e0 fournir aux soignants des \u00e9quipements m\u00e9dicaux afin qu&rsquo;ils puissent se consacrer pleinement \u00e0 leurs missions principales.<\/p>\n<div style='text-align:center;' class='ow_post_button'><a target='_self' href='https:\/\/novak-m.com\/fr\/contact\/'>CONTACTTEZ-NOUS<\/a><\/div>\n","protected":false},"excerpt":{"rendered":"<p>Nous souhaitons vous pr\u00e9senter notre partenaire exclusif Das Pflegezimmer de Linz, en Autriche, qui vend les produits de Novak M \u00e0 des h\u00f4pitaux et des maisons de retraite. Bien que notre partenariat soit encore nouveau, nous nourrissons tous les deux de grands espoirs pour l&rsquo;avenir.<\/p>\n","protected":false},"author":5,"featured_media":58349,"comment_status":"open","ping_status":"open","sticky":false,"template":"","format":"standard","meta":{"_acf_changed":false,"footnotes":""},"categories":[310],"tags":[],"class_list":["post-58370","post","type-post","status-publish","format-standard","has-post-thumbnail","hentry","category-actualites"],"acf":[],"yoast_head":"<!-- This site is optimized with the Yoast SEO plugin v25.5 - https:\/\/yoast.com\/wordpress\/plugins\/seo\/ -->\n<title>Un partenariat qui compte \u2502 Das Pflegezimmer &amp; Novak M<\/title>\n<meta name=\"description\" content=\"Novak M souhaitons vous pr\u00e9senter notre partenaire Das Pflegezimmer de Linz, en Autriche, qui vend \u00e0 des h\u00f4pitaux et des maisons de retraite.\" \/>\n<meta name=\"robots\" content=\"index, follow, max-snippet:-1, max-image-preview:large, max-video-preview:-1\" \/>\n<link rel=\"canonical\" href=\"https:\/\/novak-m.com\/fr\/partenariat-das-pflegezimmer\/\" \/>\n<meta property=\"og:locale\" content=\"fr_FR\" \/>\n<meta property=\"og:type\" content=\"article\" \/>\n<meta property=\"og:title\" content=\"Un partenariat qui compte \u2502 Das Pflegezimmer &amp; Novak M\" \/>\n<meta property=\"og:description\" content=\"Nous souhaitons vous pr\u00e9senter notre partenaire exclusif Das Pflegezimmer de Linz, en Autriche, qui vend les produits de Novak M \u00e0 des h\u00f4pitaux et des maisons de retraite.\" \/>\n<meta property=\"og:url\" content=\"https:\/\/novak-m.com\/fr\/partenariat-das-pflegezimmer\/\" \/>\n<meta property=\"og:site_name\" content=\"Novak-M\" \/>\n<meta property=\"article:published_time\" content=\"2021-11-29T09:55:16+00:00\" \/>\n<meta property=\"article:modified_time\" content=\"2021-12-06T11:11:12+00:00\" \/>\n<meta property=\"og:image\" content=\"https:\/\/novak-m.com\/wp-content\/uploads\/2021\/11\/Pflegezimmer_fb.jpg\" \/>\n\t<meta property=\"og:image:width\" content=\"1200\" \/>\n\t<meta property=\"og:image:height\" content=\"627\" \/>\n\t<meta property=\"og:image:type\" content=\"image\/jpeg\" \/>\n<meta name=\"author\" content=\"ana_cesen\" \/>\n<meta name=\"twitter:card\" content=\"summary_large_image\" \/>\n<meta name=\"twitter:label1\" content=\"\u00c9crit par\" \/>\n\t<meta name=\"twitter:data1\" content=\"ana_cesen\" \/>\n\t<meta name=\"twitter:label2\" content=\"Dur\u00e9e de lecture estim\u00e9e\" \/>\n\t<meta name=\"twitter:data2\" content=\"2 minutes\" \/>\n<script type=\"application\/ld+json\" class=\"yoast-schema-graph\">{\"@context\":\"https:\/\/schema.org\",\"@graph\":[{\"@type\":\"WebPage\",\"@id\":\"https:\/\/novak-m.com\/fr\/partenariat-das-pflegezimmer\/\",\"url\":\"https:\/\/novak-m.com\/fr\/partenariat-das-pflegezimmer\/\",\"name\":\"Un partenariat qui compte \u2502 Das Pflegezimmer & Novak M\",\"isPartOf\":{\"@id\":\"https:\/\/novak-m.com\/fr\/#website\"},\"primaryImageOfPage\":{\"@id\":\"https:\/\/novak-m.com\/fr\/partenariat-das-pflegezimmer\/#primaryimage\"},\"image\":{\"@id\":\"https:\/\/novak-m.com\/fr\/partenariat-das-pflegezimmer\/#primaryimage\"},\"thumbnailUrl\":\"https:\/\/novak-m.com\/wp-content\/uploads\/2021\/11\/Pflegezimmer.jpg\",\"datePublished\":\"2021-11-29T09:55:16+00:00\",\"dateModified\":\"2021-12-06T11:11:12+00:00\",\"author\":{\"@id\":\"https:\/\/novak-m.com\/fr\/#\/schema\/person\/f484d4bdbb417bc65e1281ff35734865\"},\"description\":\"Novak M souhaitons vous pr\u00e9senter notre partenaire Das Pflegezimmer de Linz, en Autriche, qui vend \u00e0 des h\u00f4pitaux et des maisons de retraite.\",\"breadcrumb\":{\"@id\":\"https:\/\/novak-m.com\/fr\/partenariat-das-pflegezimmer\/#breadcrumb\"},\"inLanguage\":\"fr-FR\",\"potentialAction\":[{\"@type\":\"ReadAction\",\"target\":[\"https:\/\/novak-m.com\/fr\/partenariat-das-pflegezimmer\/\"]}]},{\"@type\":\"ImageObject\",\"inLanguage\":\"fr-FR\",\"@id\":\"https:\/\/novak-m.com\/fr\/partenariat-das-pflegezimmer\/#primaryimage\",\"url\":\"https:\/\/novak-m.com\/wp-content\/uploads\/2021\/11\/Pflegezimmer.jpg\",\"contentUrl\":\"https:\/\/novak-m.com\/wp-content\/uploads\/2021\/11\/Pflegezimmer.jpg\",\"width\":1037,\"height\":929,\"caption\":\"partners paying a visit to Novak M\"},{\"@type\":\"BreadcrumbList\",\"@id\":\"https:\/\/novak-m.com\/fr\/partenariat-das-pflegezimmer\/#breadcrumb\",\"itemListElement\":[{\"@type\":\"ListItem\",\"position\":1,\"name\":\"Home\",\"item\":\"https:\/\/novak-m.com\/fr\/home\/\"},{\"@type\":\"ListItem\",\"position\":2,\"name\":\"Un partenariat qui compte | Das Pflegezimmer &#038; Novak M\"}]},{\"@type\":\"WebSite\",\"@id\":\"https:\/\/novak-m.com\/fr\/#website\",\"url\":\"https:\/\/novak-m.com\/fr\/\",\"name\":\"Novak M\",\"description\":\"Novak M | official international webpage | novak-m.com\",\"potentialAction\":[{\"@type\":\"SearchAction\",\"target\":{\"@type\":\"EntryPoint\",\"urlTemplate\":\"https:\/\/novak-m.com\/fr\/?s={search_term_string}\"},\"query-input\":{\"@type\":\"PropertyValueSpecification\",\"valueRequired\":true,\"valueName\":\"search_term_string\"}}],\"inLanguage\":\"fr-FR\"},{\"@type\":\"Person\",\"@id\":\"https:\/\/novak-m.com\/fr\/#\/schema\/person\/f484d4bdbb417bc65e1281ff35734865\",\"name\":\"ana_cesen\",\"url\":\"https:\/\/novak-m.com\/fr\/author\/ana_cesen\/\"}]}<\/script>\n<!-- \/ Yoast SEO plugin. -->","yoast_head_json":{"title":"Un partenariat qui compte \u2502 Das Pflegezimmer & Novak M","description":"Novak M souhaitons vous pr\u00e9senter notre partenaire Das Pflegezimmer de Linz, en Autriche, qui vend \u00e0 des h\u00f4pitaux et des maisons de retraite.","robots":{"index":"index","follow":"follow","max-snippet":"max-snippet:-1","max-image-preview":"max-image-preview:large","max-video-preview":"max-video-preview:-1"},"canonical":"https:\/\/novak-m.com\/fr\/partenariat-das-pflegezimmer\/","og_locale":"fr_FR","og_type":"article","og_title":"Un partenariat qui compte \u2502 Das Pflegezimmer & Novak M","og_description":"Nous souhaitons vous pr\u00e9senter notre partenaire exclusif Das Pflegezimmer de Linz, en Autriche, qui vend les produits de Novak M \u00e0 des h\u00f4pitaux et des maisons de retraite.","og_url":"https:\/\/novak-m.com\/fr\/partenariat-das-pflegezimmer\/","og_site_name":"Novak-M","article_published_time":"2021-11-29T09:55:16+00:00","article_modified_time":"2021-12-06T11:11:12+00:00","og_image":[{"width":1200,"height":627,"url":"https:\/\/novak-m.com\/wp-content\/uploads\/2021\/11\/Pflegezimmer_fb.jpg","type":"image\/jpeg"}],"author":"ana_cesen","twitter_card":"summary_large_image","twitter_misc":{"\u00c9crit par":"ana_cesen","Dur\u00e9e de lecture estim\u00e9e":"2 minutes"},"schema":{"@context":"https:\/\/schema.org","@graph":[{"@type":"WebPage","@id":"https:\/\/novak-m.com\/fr\/partenariat-das-pflegezimmer\/","url":"https:\/\/novak-m.com\/fr\/partenariat-das-pflegezimmer\/","name":"Un partenariat qui compte \u2502 Das Pflegezimmer & Novak M","isPartOf":{"@id":"https:\/\/novak-m.com\/fr\/#website"},"primaryImageOfPage":{"@id":"https:\/\/novak-m.com\/fr\/partenariat-das-pflegezimmer\/#primaryimage"},"image":{"@id":"https:\/\/novak-m.com\/fr\/partenariat-das-pflegezimmer\/#primaryimage"},"thumbnailUrl":"https:\/\/novak-m.com\/wp-content\/uploads\/2021\/11\/Pflegezimmer.jpg","datePublished":"2021-11-29T09:55:16+00:00","dateModified":"2021-12-06T11:11:12+00:00","author":{"@id":"https:\/\/novak-m.com\/fr\/#\/schema\/person\/f484d4bdbb417bc65e1281ff35734865"},"description":"Novak M souhaitons vous pr\u00e9senter notre partenaire Das Pflegezimmer de Linz, en Autriche, qui vend \u00e0 des h\u00f4pitaux et des maisons de retraite.","breadcrumb":{"@id":"https:\/\/novak-m.com\/fr\/partenariat-das-pflegezimmer\/#breadcrumb"},"inLanguage":"fr-FR","potentialAction":[{"@type":"ReadAction","target":["https:\/\/novak-m.com\/fr\/partenariat-das-pflegezimmer\/"]}]},{"@type":"ImageObject","inLanguage":"fr-FR","@id":"https:\/\/novak-m.com\/fr\/partenariat-das-pflegezimmer\/#primaryimage","url":"https:\/\/novak-m.com\/wp-content\/uploads\/2021\/11\/Pflegezimmer.jpg","contentUrl":"https:\/\/novak-m.com\/wp-content\/uploads\/2021\/11\/Pflegezimmer.jpg","width":1037,"height":929,"caption":"partners paying a visit to Novak M"},{"@type":"BreadcrumbList","@id":"https:\/\/novak-m.com\/fr\/partenariat-das-pflegezimmer\/#breadcrumb","itemListElement":[{"@type":"ListItem","position":1,"name":"Home","item":"https:\/\/novak-m.com\/fr\/home\/"},{"@type":"ListItem","position":2,"name":"Un partenariat qui compte | Das Pflegezimmer &#038; Novak M"}]},{"@type":"WebSite","@id":"https:\/\/novak-m.com\/fr\/#website","url":"https:\/\/novak-m.com\/fr\/","name":"Novak M","description":"Novak M | official international webpage | novak-m.com","potentialAction":[{"@type":"SearchAction","target":{"@type":"EntryPoint","urlTemplate":"https:\/\/novak-m.com\/fr\/?s={search_term_string}"},"query-input":{"@type":"PropertyValueSpecification","valueRequired":true,"valueName":"search_term_string"}}],"inLanguage":"fr-FR"},{"@type":"Person","@id":"https:\/\/novak-m.com\/fr\/#\/schema\/person\/f484d4bdbb417bc65e1281ff35734865","name":"ana_cesen","url":"https:\/\/novak-m.com\/fr\/author\/ana_cesen\/"}]}},"_links":{"self":[{"href":"https:\/\/novak-m.com\/fr\/wp-json\/wp\/v2\/posts\/58370","targetHints":{"allow":["GET"]}}],"collection":[{"href":"https:\/\/novak-m.com\/fr\/wp-json\/wp\/v2\/posts"}],"about":[{"href":"https:\/\/novak-m.com\/fr\/wp-json\/wp\/v2\/types\/post"}],"author":[{"embeddable":true,"href":"https:\/\/novak-m.com\/fr\/wp-json\/wp\/v2\/users\/5"}],"replies":[{"embeddable":true,"href":"https:\/\/novak-m.com\/fr\/wp-json\/wp\/v2\/comments?post=58370"}],"version-history":[{"count":0,"href":"https:\/\/novak-m.com\/fr\/wp-json\/wp\/v2\/posts\/58370\/revisions"}],"wp:featuredmedia":[{"embeddable":true,"href":"https:\/\/novak-m.com\/fr\/wp-json\/wp\/v2\/media\/58349"}],"wp:attachment":[{"href":"https:\/\/novak-m.com\/fr\/wp-json\/wp\/v2\/media?parent=58370"}],"wp:term":[{"taxonomy":"category","embeddable":true,"href":"https:\/\/novak-m.com\/fr\/wp-json\/wp\/v2\/categories?post=58370"},{"taxonomy":"post_tag","embeddable":true,"href":"https:\/\/novak-m.com\/fr\/wp-json\/wp\/v2\/tags?post=58370"}],"curies":[{"name":"wp","href":"https:\/\/api.w.org\/{rel}","templated":true}]}}