{"id":51134,"date":"2026-04-07T07:00:12","date_gmt":"2026-04-07T05:00:12","guid":{"rendered":"https:\/\/www.novak-m.com\/?p=51134"},"modified":"2026-04-20T11:09:23","modified_gmt":"2026-04-20T09:09:23","slug":"a-loccasion-de-la-journee-mondiale-de-la-sante","status":"publish","type":"post","link":"https:\/\/novak-m.com\/fr\/a-loccasion-de-la-journee-mondiale-de-la-sante\/","title":{"rendered":"Journ\u00e9e mondiale de la sant\u00e9 : quand la science devient soin"},"content":{"rendered":"<h2>La sant\u00e9, c&rsquo;est la libert\u00e9<\/h2>\n<p>Elle nous permet de vivre pleinement, de travailler, de bouger, de passer du temps avec nos proches et de profiter des moments du quotidien. C\u2019est aussi la certitude que lorsque nous avons besoin d\u2019aide, le soin est l\u00e0 pour nous, m\u00eame si nous avons souvent tendance \u00e0 tenir cette s\u00e9curit\u00e9 pour acquise.<\/p>\n<h2>La science au service des soins quotidiens<\/h2>\n<p>En ce moment, partout dans le monde, les h\u00f4pitaux sont en pleine activit\u00e9 : examens de toutes sortes, ECG, scanners, IRM, prises de sang, perfusions, interventions chirurgicales et s\u00e9ances de physioth\u00e9rapie. Ces gestes, qui peuvent sembler quotidiens, reposent en r\u00e9alit\u00e9 sur des ann\u00e9es de connaissances scientifiques, de recherches et d\u2019innovations. Derri\u00e8re chaque proc\u00e9dure, diagnostic ou appareil m\u00e9dical se tiennent des scientifiques issus de nombreux domaines, dont le travail rend possibles les soins de sant\u00e9 modernes.<\/p>\n<h2>Quand la science rejoint les personnes<\/h2>\n<p>La science ne prend tout son sens que lorsqu\u2019elle atteint les personnes, lorsqu\u2019elle aide un patient \u00e0 se r\u00e9tablir, soutient une infirmi\u00e8re lors d\u2019un service exigeant ou permet \u00e0 un m\u00e9decin de prendre une d\u00e9cision en toute confiance.<\/p>\n<p>Chaque jour, les professionnels de sant\u00e9 allient la science, leur expertise et une multitude d\u2019outils \u00e0 leur compassion pour prendre soin des autres. Ensemble, la science et les hommes rendent possibles des soins s\u00fbrs, accessibles et efficaces. Nous sommes reconnaissants pour leur engagement et fiers de soutenir leur travail gr\u00e2ce \u00e0 des <a href=\"https:\/\/novak-m.com\/fr\/nous-concentrons-sur-la-qualite\/\"><strong>solutions m\u00e9dicales fiables<\/strong><\/a>.<\/p>\n<p>C\u00e9l\u00e9brons ce partenariat entre la science et les personnes qui prot\u00e8ge la sant\u00e9 et am\u00e9liore la vie au quotidien.<\/p>\n<div style='text-align:center;' class='ow_post_button'><a target='_self' href='https:\/\/novak-m.com\/fr\/contact\/'>CONTACTEZ-NOUS<\/a><\/div>\n","protected":false},"excerpt":{"rendered":"<p>\u00c0 l\u2019occasion de la Journ\u00e9e mondiale de la sant\u00e9 2026, nous nous rappelons que la science n\u2019est ni lointaine ni abstraite : elle est au c\u0153ur de chaque geste de soin.<\/p>\n","protected":false},"author":5,"featured_media":115687,"comment_status":"open","ping_status":"open","sticky":false,"template":"","format":"standard","meta":{"_acf_changed":false,"footnotes":""},"categories":[310],"tags":[],"class_list":["post-51134","post","type-post","status-publish","format-standard","has-post-thumbnail","hentry","category-actualites"],"acf":[],"yoast_head":"<!-- This site is optimized with the Yoast SEO plugin v25.5 - https:\/\/yoast.com\/wordpress\/plugins\/seo\/ -->\n<title>Journ\u00e9e mondiale de la sant\u00e9 \u2502 Novak M<\/title>\n<meta name=\"description\" content=\"Cette journ\u00e9e mondiale de la sant\u00e9 doit nous rappeler que la sant\u00e9 est ce que nous avons de plus pr\u00e9cieux. Ch\u00e9rissez votre sant\u00e9 !\" \/>\n<meta name=\"robots\" content=\"index, follow, max-snippet:-1, max-image-preview:large, max-video-preview:-1\" \/>\n<link rel=\"canonical\" href=\"https:\/\/novak-m.com\/fr\/a-loccasion-de-la-journee-mondiale-de-la-sante\/\" \/>\n<meta property=\"og:locale\" content=\"fr_FR\" \/>\n<meta property=\"og:type\" content=\"article\" \/>\n<meta property=\"og:title\" content=\"Journ\u00e9e mondiale de la sant\u00e9 \u2502 Novak M\" \/>\n<meta property=\"og:description\" content=\"Cette journ\u00e9e mondiale de la sant\u00e9 doit nous rappeler que la sant\u00e9 est ce que nous avons de plus pr\u00e9cieux. Ch\u00e9rissez votre sant\u00e9 !\" \/>\n<meta property=\"og:url\" content=\"https:\/\/novak-m.com\/fr\/a-loccasion-de-la-journee-mondiale-de-la-sante\/\" \/>\n<meta property=\"og:site_name\" content=\"Novak-M\" \/>\n<meta property=\"article:published_time\" content=\"2026-04-07T05:00:12+00:00\" \/>\n<meta property=\"article:modified_time\" content=\"2026-04-20T09:09:23+00:00\" \/>\n<meta property=\"og:image\" content=\"https:\/\/novak-m.com\/wp-content\/uploads\/2021\/04\/FB_globus-1.jpg\" \/>\n\t<meta property=\"og:image:width\" content=\"1200\" \/>\n\t<meta property=\"og:image:height\" content=\"627\" \/>\n\t<meta property=\"og:image:type\" content=\"image\/jpeg\" \/>\n<meta name=\"author\" content=\"ana_cesen\" \/>\n<meta name=\"twitter:card\" content=\"summary_large_image\" \/>\n<meta name=\"twitter:label1\" content=\"\u00c9crit par\" \/>\n\t<meta name=\"twitter:data1\" content=\"ana_cesen\" \/>\n\t<meta name=\"twitter:label2\" content=\"Dur\u00e9e de lecture estim\u00e9e\" \/>\n\t<meta name=\"twitter:data2\" content=\"2 minutes\" \/>\n<script type=\"application\/ld+json\" class=\"yoast-schema-graph\">{\"@context\":\"https:\/\/schema.org\",\"@graph\":[{\"@type\":\"WebPage\",\"@id\":\"https:\/\/novak-m.com\/fr\/a-loccasion-de-la-journee-mondiale-de-la-sante\/\",\"url\":\"https:\/\/novak-m.com\/fr\/a-loccasion-de-la-journee-mondiale-de-la-sante\/\",\"name\":\"Journ\u00e9e mondiale de la sant\u00e9 \u2502 Novak M\",\"isPartOf\":{\"@id\":\"https:\/\/novak-m.com\/fr\/#website\"},\"primaryImageOfPage\":{\"@id\":\"https:\/\/novak-m.com\/fr\/a-loccasion-de-la-journee-mondiale-de-la-sante\/#primaryimage\"},\"image\":{\"@id\":\"https:\/\/novak-m.com\/fr\/a-loccasion-de-la-journee-mondiale-de-la-sante\/#primaryimage\"},\"thumbnailUrl\":\"https:\/\/novak-m.com\/wp-content\/uploads\/2026\/04\/World-Health-Day-2026.webp\",\"datePublished\":\"2026-04-07T05:00:12+00:00\",\"dateModified\":\"2026-04-20T09:09:23+00:00\",\"author\":{\"@id\":\"https:\/\/novak-m.com\/fr\/#\/schema\/person\/f484d4bdbb417bc65e1281ff35734865\"},\"description\":\"Cette journ\u00e9e mondiale de la sant\u00e9 doit nous rappeler que la sant\u00e9 est ce que nous avons de plus pr\u00e9cieux. Ch\u00e9rissez votre sant\u00e9 !\",\"breadcrumb\":{\"@id\":\"https:\/\/novak-m.com\/fr\/a-loccasion-de-la-journee-mondiale-de-la-sante\/#breadcrumb\"},\"inLanguage\":\"fr-FR\",\"potentialAction\":[{\"@type\":\"ReadAction\",\"target\":[\"https:\/\/novak-m.com\/fr\/a-loccasion-de-la-journee-mondiale-de-la-sante\/\"]}]},{\"@type\":\"ImageObject\",\"inLanguage\":\"fr-FR\",\"@id\":\"https:\/\/novak-m.com\/fr\/a-loccasion-de-la-journee-mondiale-de-la-sante\/#primaryimage\",\"url\":\"https:\/\/novak-m.com\/wp-content\/uploads\/2026\/04\/World-Health-Day-2026.webp\",\"contentUrl\":\"https:\/\/novak-m.com\/wp-content\/uploads\/2026\/04\/World-Health-Day-2026.webp\",\"width\":1200,\"height\":1075},{\"@type\":\"BreadcrumbList\",\"@id\":\"https:\/\/novak-m.com\/fr\/a-loccasion-de-la-journee-mondiale-de-la-sante\/#breadcrumb\",\"itemListElement\":[{\"@type\":\"ListItem\",\"position\":1,\"name\":\"Home\",\"item\":\"https:\/\/novak-m.com\/fr\/home\/\"},{\"@type\":\"ListItem\",\"position\":2,\"name\":\"Journ\u00e9e mondiale de la sant\u00e9 : quand la science devient soin\"}]},{\"@type\":\"WebSite\",\"@id\":\"https:\/\/novak-m.com\/fr\/#website\",\"url\":\"https:\/\/novak-m.com\/fr\/\",\"name\":\"Novak M\",\"description\":\"Novak M | official international webpage | novak-m.com\",\"potentialAction\":[{\"@type\":\"SearchAction\",\"target\":{\"@type\":\"EntryPoint\",\"urlTemplate\":\"https:\/\/novak-m.com\/fr\/?s={search_term_string}\"},\"query-input\":{\"@type\":\"PropertyValueSpecification\",\"valueRequired\":true,\"valueName\":\"search_term_string\"}}],\"inLanguage\":\"fr-FR\"},{\"@type\":\"Person\",\"@id\":\"https:\/\/novak-m.com\/fr\/#\/schema\/person\/f484d4bdbb417bc65e1281ff35734865\",\"name\":\"ana_cesen\",\"url\":\"https:\/\/novak-m.com\/fr\/author\/ana_cesen\/\"}]}<\/script>\n<!-- \/ Yoast SEO plugin. -->","yoast_head_json":{"title":"Journ\u00e9e mondiale de la sant\u00e9 \u2502 Novak M","description":"Cette journ\u00e9e mondiale de la sant\u00e9 doit nous rappeler que la sant\u00e9 est ce que nous avons de plus pr\u00e9cieux. Ch\u00e9rissez votre sant\u00e9 !","robots":{"index":"index","follow":"follow","max-snippet":"max-snippet:-1","max-image-preview":"max-image-preview:large","max-video-preview":"max-video-preview:-1"},"canonical":"https:\/\/novak-m.com\/fr\/a-loccasion-de-la-journee-mondiale-de-la-sante\/","og_locale":"fr_FR","og_type":"article","og_title":"Journ\u00e9e mondiale de la sant\u00e9 \u2502 Novak M","og_description":"Cette journ\u00e9e mondiale de la sant\u00e9 doit nous rappeler que la sant\u00e9 est ce que nous avons de plus pr\u00e9cieux. Ch\u00e9rissez votre sant\u00e9 !","og_url":"https:\/\/novak-m.com\/fr\/a-loccasion-de-la-journee-mondiale-de-la-sante\/","og_site_name":"Novak-M","article_published_time":"2026-04-07T05:00:12+00:00","article_modified_time":"2026-04-20T09:09:23+00:00","og_image":[{"width":1200,"height":627,"url":"https:\/\/novak-m.com\/wp-content\/uploads\/2021\/04\/FB_globus-1.jpg","type":"image\/jpeg"}],"author":"ana_cesen","twitter_card":"summary_large_image","twitter_misc":{"\u00c9crit par":"ana_cesen","Dur\u00e9e de lecture estim\u00e9e":"2 minutes"},"schema":{"@context":"https:\/\/schema.org","@graph":[{"@type":"WebPage","@id":"https:\/\/novak-m.com\/fr\/a-loccasion-de-la-journee-mondiale-de-la-sante\/","url":"https:\/\/novak-m.com\/fr\/a-loccasion-de-la-journee-mondiale-de-la-sante\/","name":"Journ\u00e9e mondiale de la sant\u00e9 \u2502 Novak M","isPartOf":{"@id":"https:\/\/novak-m.com\/fr\/#website"},"primaryImageOfPage":{"@id":"https:\/\/novak-m.com\/fr\/a-loccasion-de-la-journee-mondiale-de-la-sante\/#primaryimage"},"image":{"@id":"https:\/\/novak-m.com\/fr\/a-loccasion-de-la-journee-mondiale-de-la-sante\/#primaryimage"},"thumbnailUrl":"https:\/\/novak-m.com\/wp-content\/uploads\/2026\/04\/World-Health-Day-2026.webp","datePublished":"2026-04-07T05:00:12+00:00","dateModified":"2026-04-20T09:09:23+00:00","author":{"@id":"https:\/\/novak-m.com\/fr\/#\/schema\/person\/f484d4bdbb417bc65e1281ff35734865"},"description":"Cette journ\u00e9e mondiale de la sant\u00e9 doit nous rappeler que la sant\u00e9 est ce que nous avons de plus pr\u00e9cieux. Ch\u00e9rissez votre sant\u00e9 !","breadcrumb":{"@id":"https:\/\/novak-m.com\/fr\/a-loccasion-de-la-journee-mondiale-de-la-sante\/#breadcrumb"},"inLanguage":"fr-FR","potentialAction":[{"@type":"ReadAction","target":["https:\/\/novak-m.com\/fr\/a-loccasion-de-la-journee-mondiale-de-la-sante\/"]}]},{"@type":"ImageObject","inLanguage":"fr-FR","@id":"https:\/\/novak-m.com\/fr\/a-loccasion-de-la-journee-mondiale-de-la-sante\/#primaryimage","url":"https:\/\/novak-m.com\/wp-content\/uploads\/2026\/04\/World-Health-Day-2026.webp","contentUrl":"https:\/\/novak-m.com\/wp-content\/uploads\/2026\/04\/World-Health-Day-2026.webp","width":1200,"height":1075},{"@type":"BreadcrumbList","@id":"https:\/\/novak-m.com\/fr\/a-loccasion-de-la-journee-mondiale-de-la-sante\/#breadcrumb","itemListElement":[{"@type":"ListItem","position":1,"name":"Home","item":"https:\/\/novak-m.com\/fr\/home\/"},{"@type":"ListItem","position":2,"name":"Journ\u00e9e mondiale de la sant\u00e9 : quand la science devient soin"}]},{"@type":"WebSite","@id":"https:\/\/novak-m.com\/fr\/#website","url":"https:\/\/novak-m.com\/fr\/","name":"Novak M","description":"Novak M | official international webpage | novak-m.com","potentialAction":[{"@type":"SearchAction","target":{"@type":"EntryPoint","urlTemplate":"https:\/\/novak-m.com\/fr\/?s={search_term_string}"},"query-input":{"@type":"PropertyValueSpecification","valueRequired":true,"valueName":"search_term_string"}}],"inLanguage":"fr-FR"},{"@type":"Person","@id":"https:\/\/novak-m.com\/fr\/#\/schema\/person\/f484d4bdbb417bc65e1281ff35734865","name":"ana_cesen","url":"https:\/\/novak-m.com\/fr\/author\/ana_cesen\/"}]}},"_links":{"self":[{"href":"https:\/\/novak-m.com\/fr\/wp-json\/wp\/v2\/posts\/51134","targetHints":{"allow":["GET"]}}],"collection":[{"href":"https:\/\/novak-m.com\/fr\/wp-json\/wp\/v2\/posts"}],"about":[{"href":"https:\/\/novak-m.com\/fr\/wp-json\/wp\/v2\/types\/post"}],"author":[{"embeddable":true,"href":"https:\/\/novak-m.com\/fr\/wp-json\/wp\/v2\/users\/5"}],"replies":[{"embeddable":true,"href":"https:\/\/novak-m.com\/fr\/wp-json\/wp\/v2\/comments?post=51134"}],"version-history":[{"count":4,"href":"https:\/\/novak-m.com\/fr\/wp-json\/wp\/v2\/posts\/51134\/revisions"}],"predecessor-version":[{"id":115956,"href":"https:\/\/novak-m.com\/fr\/wp-json\/wp\/v2\/posts\/51134\/revisions\/115956"}],"wp:featuredmedia":[{"embeddable":true,"href":"https:\/\/novak-m.com\/fr\/wp-json\/wp\/v2\/media\/115687"}],"wp:attachment":[{"href":"https:\/\/novak-m.com\/fr\/wp-json\/wp\/v2\/media?parent=51134"}],"wp:term":[{"taxonomy":"category","embeddable":true,"href":"https:\/\/novak-m.com\/fr\/wp-json\/wp\/v2\/categories?post=51134"},{"taxonomy":"post_tag","embeddable":true,"href":"https:\/\/novak-m.com\/fr\/wp-json\/wp\/v2\/tags?post=51134"}],"curies":[{"name":"wp","href":"https:\/\/api.w.org\/{rel}","templated":true}]}}