{"id":31361,"date":"2019-11-13T11:21:52","date_gmt":"2019-11-13T10:21:52","guid":{"rendered":"https:\/\/www.novak-m.com\/?p=31361"},"modified":"2019-12-24T07:55:11","modified_gmt":"2019-12-24T06:55:11","slug":"le-monde-de-la-medecine-se-retrouve-a-medica","status":"publish","type":"post","link":"https:\/\/novak-m.com\/fr\/le-monde-de-la-medecine-se-retrouve-a-medica\/","title":{"rendered":"Le monde de la m\u00e9decine se retrouve \u00e0 Medica"},"content":{"rendered":"<p>Cette ann\u00e9e, nous sommes heureux de vous pr\u00e9senter les nouvelles <a href=\"https:\/\/novak-m.com\/medica2019\/\"><strong>tables d&rsquo;examen, de th\u00e9rapie et de massage S-line<\/strong><\/a>. Vous pourrez d\u00e9couvrir les nouvelles fonctionnalit\u00e9s telles que le nouveau fonctionnement des interrupteurs circulaires, l\u2019augmentation de la capacit\u00e9 pond\u00e9rale standard, les coutures soud\u00e9es et scell\u00e9es pour faciliter le nettoyage, la nouvelle conception du levier de r\u00e9glage, le nouveau m\u00e9canisme de section de t\u00eate en 3 parties, etc.<\/p>\n<p>Vous d\u00e9couvrirez \u00e9galement <strong>en avant-premi\u00e8re<\/strong> l&rsquo;<strong>\u00e9dition de Stretcher S<\/strong> qui sera lanc\u00e9e en 2020. Le nouveau chariot de transport de patients combine une conception simple de la table de transport S aux caract\u00e9ristiques du brancard Stretcher X.<\/p>\n<p>Assurez-vous de passer nous voir pour d\u00e9couvrir les nouvelles tables et laissez-les vous convaincre.<\/p>\n<p>Pour ceux qui ne nous connaissent pas encore, nous exposerons \u00e9galement des produits exceptionnels utilis\u00e9s depuis de nombreuses ann\u00e9es par des cliniques prestigieuses, des h\u00f4pitaux et des th\u00e9rapeutes partout en Europe, et notamment:<\/p>\n<p><a href=\"https:\/\/novak-m.com\/fr\/categorie-de-produits\/brancard\/\"><strong>Le Stretcher X<\/strong><\/a>, laur\u00e9at du prestigieux Red Dot 2017 et brevet europ\u00e9en<\/p>\n<p><a href=\"https:\/\/novak-m.com\/fr\/presentation-du-produit\/le-fauteuil-therapeutique-zerog-exclusive\/\"><strong>Le fauteuil th\u00e9rapeutique ZeroG<\/strong><\/a>, le plus confortable des fauteuils th\u00e9rapeutiques, o\u00f9 le temps passe plus vite<\/p>\n<p><a href=\"https:\/\/novak-m.com\/fr\/presentation-du-produit\/day-hospital-chair-zerog\/\"><strong>Day hospital chair ZeroG<\/strong><\/a>, meilleure solution de chirurgie ambulatoire<\/p>\n<p><strong>Nous vous invitons \u00e0 venir nous rendre visite et nous nous r\u00e9jouissons de vous rencontrer\u00a0!<\/strong><\/p>\n<p>L&rsquo;op\u00e9ration a \u00e9t\u00e9 s\u00e9lectionn\u00e9e dans le cadre de l&rsquo;appel d&rsquo;offres public pour le cofinancement de la participation individuelle d&rsquo;entreprises \u00e0 des foires commerciales internationales \u00e0 l&rsquo;\u00e9tranger entre 2019-2020. L&rsquo;investissement dans la participation \u00e0 Medica 2019 est cofinanc\u00e9 par la R\u00e9publique de Slov\u00e9nie et l&rsquo;Union europ\u00e9enne au titre du Fonds europ\u00e9en de d\u00e9veloppement r\u00e9gional (<a href=\"http:\/\/www.eu-skladi.si\"><strong>www.eu-skladi.si<\/strong><\/a>).<\/p>\n<p><img loading=\"lazy\" decoding=\"async\" class=\"alignnone size-full wp-image-31392\" src=\"https:\/\/novak-m.com\/wp-content\/uploads\/2019\/11\/Skupni-logotip.jpg\" alt=\"\" width=\"2410\" height=\"345\" srcset=\"https:\/\/novak-m.com\/wp-content\/uploads\/2019\/11\/Skupni-logotip.jpg 2410w, https:\/\/novak-m.com\/wp-content\/uploads\/2019\/11\/Skupni-logotip-300x43.jpg 300w, https:\/\/novak-m.com\/wp-content\/uploads\/2019\/11\/Skupni-logotip-768x110.jpg 768w, https:\/\/novak-m.com\/wp-content\/uploads\/2019\/11\/Skupni-logotip-1030x147.jpg 1030w, https:\/\/novak-m.com\/wp-content\/uploads\/2019\/11\/Skupni-logotip-838x120.jpg 838w, https:\/\/novak-m.com\/wp-content\/uploads\/2019\/11\/Skupni-logotip-1500x215.jpg 1500w, https:\/\/novak-m.com\/wp-content\/uploads\/2019\/11\/Skupni-logotip-600x86.jpg 600w\" sizes=\"auto, (max-width: 2410px) 100vw, 2410px\" \/><\/p>\n<p>&nbsp;<\/p>\n","protected":false},"excerpt":{"rendered":"<p>Du 18 au 21 novembre 2019, nous vous invitons au salon Medica de D\u00fcsseldorf, o\u00f9 vous pourrez d\u00e9couvrir le programme des ventes et les nouveaut\u00e9s Novak M. Notre \u00e9quipe, situ\u00e9e emplacement C25, Hall 14, se r\u00e9jouit d&rsquo;accueillir nos fid\u00e8les utilisateurs et de rencontrer nos futurs clients. <\/p>\n","protected":false},"author":5,"featured_media":31641,"comment_status":"open","ping_status":"open","sticky":false,"template":"","format":"standard","meta":{"_acf_changed":false,"footnotes":""},"categories":[310],"tags":[],"class_list":["post-31361","post","type-post","status-publish","format-standard","has-post-thumbnail","hentry","category-actualites"],"acf":[],"yoast_head":"<!-- This site is optimized with the Yoast SEO plugin v25.5 - https:\/\/yoast.com\/wordpress\/plugins\/seo\/ -->\n<title>JRejoignez-nous au salon Medica 2019 \u00e0 D\u00fcsseldorf | Novak M<\/title>\n<meta name=\"description\" content=\"Visitez le stand Novak M dans le Hall 14, C25. Voyez nos nouvelles tables d&#039;examen, de massage et de th\u00e9rapie de la ligne S \u00e0 Medica 2019!\" \/>\n<meta name=\"robots\" content=\"index, follow, max-snippet:-1, max-image-preview:large, max-video-preview:-1\" \/>\n<link rel=\"canonical\" href=\"https:\/\/novak-m.com\/?p=31357\" \/>\n<meta property=\"og:locale\" content=\"fr_FR\" \/>\n<meta property=\"og:type\" content=\"article\" \/>\n<meta property=\"og:title\" content=\"JRejoignez-nous au salon Medica 2019 \u00e0 D\u00fcsseldorf | Novak M\" \/>\n<meta property=\"og:description\" content=\"Visitez le stand Novak M dans le Hall 14, C25. Voyez nos nouvelles tables d&#039;examen, de massage et de th\u00e9rapie de la ligne S \u00e0 Medica 2019!\" \/>\n<meta property=\"og:url\" content=\"https:\/\/novak-m.com\/?p=31357\" \/>\n<meta property=\"og:site_name\" content=\"Novak-M\" \/>\n<meta property=\"article:published_time\" content=\"2019-11-13T10:21:52+00:00\" \/>\n<meta property=\"article:modified_time\" content=\"2019-12-24T06:55:11+00:00\" \/>\n<meta property=\"og:image\" content=\"https:\/\/novak-m.com\/wp-content\/uploads\/2019\/11\/medica2019_1gen.jpg\" \/>\n\t<meta property=\"og:image:width\" content=\"1026\" \/>\n\t<meta property=\"og:image:height\" content=\"916\" \/>\n\t<meta property=\"og:image:type\" content=\"image\/jpeg\" \/>\n<meta name=\"author\" content=\"ana_cesen\" \/>\n<meta name=\"twitter:card\" content=\"summary_large_image\" \/>\n<meta name=\"twitter:label1\" content=\"\u00c9crit par\" \/>\n\t<meta name=\"twitter:data1\" content=\"ana_cesen\" \/>\n\t<meta name=\"twitter:label2\" content=\"Dur\u00e9e de lecture estim\u00e9e\" \/>\n\t<meta name=\"twitter:data2\" content=\"1 minute\" \/>\n<script type=\"application\/ld+json\" class=\"yoast-schema-graph\">{\"@context\":\"https:\/\/schema.org\",\"@graph\":[{\"@type\":\"WebPage\",\"@id\":\"https:\/\/novak-m.com\/?p=31357\",\"url\":\"https:\/\/novak-m.com\/?p=31357\",\"name\":\"JRejoignez-nous au salon Medica 2019 \u00e0 D\u00fcsseldorf | Novak M\",\"isPartOf\":{\"@id\":\"https:\/\/novak-m.com\/fr\/#website\"},\"primaryImageOfPage\":{\"@id\":\"https:\/\/novak-m.com\/?p=31357#primaryimage\"},\"image\":{\"@id\":\"https:\/\/novak-m.com\/?p=31357#primaryimage\"},\"thumbnailUrl\":\"https:\/\/novak-m.com\/wp-content\/uploads\/2019\/11\/medica2019_1gen.jpg\",\"datePublished\":\"2019-11-13T10:21:52+00:00\",\"dateModified\":\"2019-12-24T06:55:11+00:00\",\"author\":{\"@id\":\"https:\/\/novak-m.com\/fr\/#\/schema\/person\/f484d4bdbb417bc65e1281ff35734865\"},\"description\":\"Visitez le stand Novak M dans le Hall 14, C25. Voyez nos nouvelles tables d'examen, de massage et de th\u00e9rapie de la ligne S \u00e0 Medica 2019!\",\"breadcrumb\":{\"@id\":\"https:\/\/novak-m.com\/?p=31357#breadcrumb\"},\"inLanguage\":\"fr-FR\",\"potentialAction\":[{\"@type\":\"ReadAction\",\"target\":[\"https:\/\/novak-m.com\/?p=31357\"]}]},{\"@type\":\"ImageObject\",\"inLanguage\":\"fr-FR\",\"@id\":\"https:\/\/novak-m.com\/?p=31357#primaryimage\",\"url\":\"https:\/\/novak-m.com\/wp-content\/uploads\/2019\/11\/medica2019_1gen.jpg\",\"contentUrl\":\"https:\/\/novak-m.com\/wp-content\/uploads\/2019\/11\/medica2019_1gen.jpg\",\"width\":1026,\"height\":916,\"caption\":\"Novak M chez Medica2019\"},{\"@type\":\"BreadcrumbList\",\"@id\":\"https:\/\/novak-m.com\/?p=31357#breadcrumb\",\"itemListElement\":[{\"@type\":\"ListItem\",\"position\":1,\"name\":\"Home\",\"item\":\"https:\/\/novak-m.com\/fr\/home\/\"},{\"@type\":\"ListItem\",\"position\":2,\"name\":\"Le monde de la m\u00e9decine se retrouve \u00e0 Medica\"}]},{\"@type\":\"WebSite\",\"@id\":\"https:\/\/novak-m.com\/fr\/#website\",\"url\":\"https:\/\/novak-m.com\/fr\/\",\"name\":\"Novak M\",\"description\":\"Novak M | official international webpage | novak-m.com\",\"potentialAction\":[{\"@type\":\"SearchAction\",\"target\":{\"@type\":\"EntryPoint\",\"urlTemplate\":\"https:\/\/novak-m.com\/fr\/?s={search_term_string}\"},\"query-input\":{\"@type\":\"PropertyValueSpecification\",\"valueRequired\":true,\"valueName\":\"search_term_string\"}}],\"inLanguage\":\"fr-FR\"},{\"@type\":\"Person\",\"@id\":\"https:\/\/novak-m.com\/fr\/#\/schema\/person\/f484d4bdbb417bc65e1281ff35734865\",\"name\":\"ana_cesen\",\"url\":\"https:\/\/novak-m.com\/fr\/author\/ana_cesen\/\"}]}<\/script>\n<!-- \/ Yoast SEO plugin. -->","yoast_head_json":{"title":"JRejoignez-nous au salon Medica 2019 \u00e0 D\u00fcsseldorf | Novak M","description":"Visitez le stand Novak M dans le Hall 14, C25. Voyez nos nouvelles tables d'examen, de massage et de th\u00e9rapie de la ligne S \u00e0 Medica 2019!","robots":{"index":"index","follow":"follow","max-snippet":"max-snippet:-1","max-image-preview":"max-image-preview:large","max-video-preview":"max-video-preview:-1"},"canonical":"https:\/\/novak-m.com\/?p=31357","og_locale":"fr_FR","og_type":"article","og_title":"JRejoignez-nous au salon Medica 2019 \u00e0 D\u00fcsseldorf | Novak M","og_description":"Visitez le stand Novak M dans le Hall 14, C25. Voyez nos nouvelles tables d'examen, de massage et de th\u00e9rapie de la ligne S \u00e0 Medica 2019!","og_url":"https:\/\/novak-m.com\/?p=31357","og_site_name":"Novak-M","article_published_time":"2019-11-13T10:21:52+00:00","article_modified_time":"2019-12-24T06:55:11+00:00","og_image":[{"width":1026,"height":916,"url":"https:\/\/novak-m.com\/wp-content\/uploads\/2019\/11\/medica2019_1gen.jpg","type":"image\/jpeg"}],"author":"ana_cesen","twitter_card":"summary_large_image","twitter_misc":{"\u00c9crit par":"ana_cesen","Dur\u00e9e de lecture estim\u00e9e":"1 minute"},"schema":{"@context":"https:\/\/schema.org","@graph":[{"@type":"WebPage","@id":"https:\/\/novak-m.com\/?p=31357","url":"https:\/\/novak-m.com\/?p=31357","name":"JRejoignez-nous au salon Medica 2019 \u00e0 D\u00fcsseldorf | Novak M","isPartOf":{"@id":"https:\/\/novak-m.com\/fr\/#website"},"primaryImageOfPage":{"@id":"https:\/\/novak-m.com\/?p=31357#primaryimage"},"image":{"@id":"https:\/\/novak-m.com\/?p=31357#primaryimage"},"thumbnailUrl":"https:\/\/novak-m.com\/wp-content\/uploads\/2019\/11\/medica2019_1gen.jpg","datePublished":"2019-11-13T10:21:52+00:00","dateModified":"2019-12-24T06:55:11+00:00","author":{"@id":"https:\/\/novak-m.com\/fr\/#\/schema\/person\/f484d4bdbb417bc65e1281ff35734865"},"description":"Visitez le stand Novak M dans le Hall 14, C25. Voyez nos nouvelles tables d'examen, de massage et de th\u00e9rapie de la ligne S \u00e0 Medica 2019!","breadcrumb":{"@id":"https:\/\/novak-m.com\/?p=31357#breadcrumb"},"inLanguage":"fr-FR","potentialAction":[{"@type":"ReadAction","target":["https:\/\/novak-m.com\/?p=31357"]}]},{"@type":"ImageObject","inLanguage":"fr-FR","@id":"https:\/\/novak-m.com\/?p=31357#primaryimage","url":"https:\/\/novak-m.com\/wp-content\/uploads\/2019\/11\/medica2019_1gen.jpg","contentUrl":"https:\/\/novak-m.com\/wp-content\/uploads\/2019\/11\/medica2019_1gen.jpg","width":1026,"height":916,"caption":"Novak M chez Medica2019"},{"@type":"BreadcrumbList","@id":"https:\/\/novak-m.com\/?p=31357#breadcrumb","itemListElement":[{"@type":"ListItem","position":1,"name":"Home","item":"https:\/\/novak-m.com\/fr\/home\/"},{"@type":"ListItem","position":2,"name":"Le monde de la m\u00e9decine se retrouve \u00e0 Medica"}]},{"@type":"WebSite","@id":"https:\/\/novak-m.com\/fr\/#website","url":"https:\/\/novak-m.com\/fr\/","name":"Novak M","description":"Novak M | official international webpage | novak-m.com","potentialAction":[{"@type":"SearchAction","target":{"@type":"EntryPoint","urlTemplate":"https:\/\/novak-m.com\/fr\/?s={search_term_string}"},"query-input":{"@type":"PropertyValueSpecification","valueRequired":true,"valueName":"search_term_string"}}],"inLanguage":"fr-FR"},{"@type":"Person","@id":"https:\/\/novak-m.com\/fr\/#\/schema\/person\/f484d4bdbb417bc65e1281ff35734865","name":"ana_cesen","url":"https:\/\/novak-m.com\/fr\/author\/ana_cesen\/"}]}},"_links":{"self":[{"href":"https:\/\/novak-m.com\/fr\/wp-json\/wp\/v2\/posts\/31361","targetHints":{"allow":["GET"]}}],"collection":[{"href":"https:\/\/novak-m.com\/fr\/wp-json\/wp\/v2\/posts"}],"about":[{"href":"https:\/\/novak-m.com\/fr\/wp-json\/wp\/v2\/types\/post"}],"author":[{"embeddable":true,"href":"https:\/\/novak-m.com\/fr\/wp-json\/wp\/v2\/users\/5"}],"replies":[{"embeddable":true,"href":"https:\/\/novak-m.com\/fr\/wp-json\/wp\/v2\/comments?post=31361"}],"version-history":[{"count":0,"href":"https:\/\/novak-m.com\/fr\/wp-json\/wp\/v2\/posts\/31361\/revisions"}],"wp:featuredmedia":[{"embeddable":true,"href":"https:\/\/novak-m.com\/fr\/wp-json\/wp\/v2\/media\/31641"}],"wp:attachment":[{"href":"https:\/\/novak-m.com\/fr\/wp-json\/wp\/v2\/media?parent=31361"}],"wp:term":[{"taxonomy":"category","embeddable":true,"href":"https:\/\/novak-m.com\/fr\/wp-json\/wp\/v2\/categories?post=31361"},{"taxonomy":"post_tag","embeddable":true,"href":"https:\/\/novak-m.com\/fr\/wp-json\/wp\/v2\/tags?post=31361"}],"curies":[{"name":"wp","href":"https:\/\/api.w.org\/{rel}","templated":true}]}}