{"id":88520,"date":"2023-10-10T13:19:21","date_gmt":"2023-10-10T11:19:21","guid":{"rendered":"https:\/\/www.novak-m.com\/?p=88520"},"modified":"2023-10-24T07:57:23","modified_gmt":"2023-10-24T05:57:23","slug":"radsportveranstaltung-strma-reber","status":"publish","type":"post","link":"https:\/\/novak-m.com\/de\/radsportveranstaltung-strma-reber\/","title":{"rendered":"Schwierig, aber sch\u00f6n!"},"content":{"rendered":"<h2>Angenehmer Herbst<\/h2>\n<p>Als unsere Radfahrer im September wegen eines Wochenendes mit Dauerregen ihre Pl\u00e4ne \u00e4ndern mussten, bef\u00fcrchteten wir im Stillen, dass es mit den milden Temperaturen f\u00fcr die letzte Fahrt der Saison nicht mehr klappen w\u00fcrde. Aber der diesj\u00e4hrige Herbst war wirklich sehr gn\u00e4dig und hat uns einen warmen und angenehmen Sonntag beschert, den <strong><a href=\"https:\/\/novak-m.com\/de\/team-beim-franja-marathon-und-picknick\/\">unsere Radfahrer<\/a><\/strong> voll ausgenutzt haben.<\/p>\n<p><img loading=\"lazy\" decoding=\"async\" class=\"alignnone size-full wp-image-88479\" src=\"https:\/\/novak-m.com\/wp-content\/uploads\/2023\/10\/Strma-reber_1.webp\" alt=\"\" width=\"602\" height=\"388\" srcset=\"https:\/\/novak-m.com\/wp-content\/uploads\/2023\/10\/Strma-reber_1.webp 602w, https:\/\/novak-m.com\/wp-content\/uploads\/2023\/10\/Strma-reber_1-300x193.webp 300w, https:\/\/novak-m.com\/wp-content\/uploads\/2023\/10\/Strma-reber_1-600x387.webp 600w, https:\/\/novak-m.com\/wp-content\/uploads\/2023\/10\/Strma-reber_1-186x120.webp 186w\" sizes=\"auto, (max-width: 602px) 100vw, 602px\" \/><\/p>\n<h2>Das Beste kommt zum Schluss<\/h2>\n<p>F\u00fcr den Saisonabschluss haben sie eine Route gew\u00e4hlt, die man erst fahren sollte, wenn man schon viele Kilometer bew\u00e4ltigt hat. Wie sie selbst sagen: Schwierig, aber sch\u00f6n! Die Strecke f\u00fchrte sie von Ribnica \u00fcber den Pass Strma Reber, auch bekannt als &#8222;Kleiner Vr\u0161i\u010d&#8220;, nach Osilnica und zur\u00fcck. Dieser Pass hat 19 Serpentinen mit einer durchschnittlichen Steigung von 8,8 % und einer maximalen Steigung von 17 %. Sein Gipfel liegt auf einer H\u00f6he von 993 m. Die Zahlen, 85 Kilometer und 1850 H\u00f6henmeter, verraten uns, dass dies kein Zuckerschlecken war. Die atemberaubende Landschaft der Ko\u010devje-W\u00e4lder, durch die sich diese Stra\u00dfe schl\u00e4ngelt, trug ebenfalls zu diesem Erlebnis bei.<\/p>\n<p><img loading=\"lazy\" decoding=\"async\" class=\"alignnone size-full wp-image-88507\" src=\"https:\/\/novak-m.com\/wp-content\/uploads\/2023\/10\/Strma-reber_3.webp\" alt=\"\" width=\"602\" height=\"388\" srcset=\"https:\/\/novak-m.com\/wp-content\/uploads\/2023\/10\/Strma-reber_3.webp 602w, https:\/\/novak-m.com\/wp-content\/uploads\/2023\/10\/Strma-reber_3-300x193.webp 300w, https:\/\/novak-m.com\/wp-content\/uploads\/2023\/10\/Strma-reber_3-600x387.webp 600w, https:\/\/novak-m.com\/wp-content\/uploads\/2023\/10\/Strma-reber_3-186x120.webp 186w\" sizes=\"auto, (max-width: 602px) 100vw, 602px\" \/><\/p>\n<h2>Sch\u00f6ner Ausklang<\/h2>\n<p>Bei gutem Essen und Trinken lie\u00dfen sie die Saison zufrieden und gut gelaunt ausklingen und schmiedeten nat\u00fcrlich neue Pl\u00e4ne f\u00fcr das kommende Jahr. Lassen Sie sich \u00fcberraschen!<\/p>\n<div style='text-align:center;' class='ow_post_button'><a target='_self' href='https:\/\/novak-m.com\/de\/kontakt\/'>KONTAKTIEREN SIE UNS<\/a><\/div>\n","protected":false},"excerpt":{"rendered":"<p>Das m\u00fcssen wir einfach teilen. Die letzte Fahrt unseres Radteams war fantastisch!<\/p>\n","protected":false},"author":5,"featured_media":88490,"comment_status":"closed","ping_status":"closed","sticky":false,"template":"","format":"standard","meta":{"_acf_changed":false,"footnotes":""},"categories":[311],"tags":[],"class_list":["post-88520","post","type-post","status-publish","format-standard","has-post-thumbnail","hentry","category-neuigkeiten"],"acf":[],"yoast_head":"<!-- This site is optimized with the Yoast SEO plugin v25.5 - https:\/\/yoast.com\/wordpress\/plugins\/seo\/ -->\n<title>Schwierig, aber sch\u00f6n! \u2502 Novak M<\/title>\n<meta name=\"description\" content=\"Das Novak M Radsportteam beendete die Saison mit einem Aufstieg zum Strma Reber in der Region KO\u010devje. Schwierig, aber sch\u00f6n! sagen sie.\" \/>\n<meta name=\"robots\" content=\"index, follow, max-snippet:-1, max-image-preview:large, max-video-preview:-1\" \/>\n<link rel=\"canonical\" href=\"https:\/\/novak-m.com\/de\/radsportveranstaltung-strma-reber\/\" \/>\n<meta property=\"og:locale\" content=\"de_DE\" \/>\n<meta property=\"og:type\" content=\"article\" \/>\n<meta property=\"og:title\" content=\"Schwierig, aber sch\u00f6n! \u2502 Novak M\" \/>\n<meta property=\"og:description\" content=\"Das Novak M Radsportteam beendete die Saison mit einem Aufstieg zum Strma Reber in der Region KO\u010devje. Schwierig, aber sch\u00f6n! sagen sie.\" \/>\n<meta property=\"og:url\" content=\"https:\/\/novak-m.com\/de\/radsportveranstaltung-strma-reber\/\" \/>\n<meta property=\"og:site_name\" content=\"Novak-M\" \/>\n<meta property=\"article:published_time\" content=\"2023-10-10T11:19:21+00:00\" \/>\n<meta property=\"article:modified_time\" content=\"2023-10-24T05:57:23+00:00\" \/>\n<meta property=\"og:image\" content=\"https:\/\/novak-m.com\/wp-content\/uploads\/2023\/10\/Strma-reber_fb.webp\" \/>\n\t<meta property=\"og:image:width\" content=\"1200\" \/>\n\t<meta property=\"og:image:height\" content=\"630\" \/>\n\t<meta property=\"og:image:type\" content=\"image\/webp\" \/>\n<meta name=\"author\" content=\"ana_cesen\" \/>\n<meta name=\"twitter:card\" content=\"summary_large_image\" \/>\n<meta name=\"twitter:label1\" content=\"Verfasst von\" \/>\n\t<meta name=\"twitter:data1\" content=\"ana_cesen\" \/>\n\t<meta name=\"twitter:label2\" content=\"Gesch\u00e4tzte Lesezeit\" \/>\n\t<meta name=\"twitter:data2\" content=\"2\u00a0Minuten\" \/>\n<script type=\"application\/ld+json\" class=\"yoast-schema-graph\">{\"@context\":\"https:\/\/schema.org\",\"@graph\":[{\"@type\":\"WebPage\",\"@id\":\"https:\/\/novak-m.com\/de\/radsportveranstaltung-strma-reber\/\",\"url\":\"https:\/\/novak-m.com\/de\/radsportveranstaltung-strma-reber\/\",\"name\":\"Schwierig, aber sch\u00f6n! \u2502 Novak M\",\"isPartOf\":{\"@id\":\"https:\/\/novak-m.com\/fr\/#website\"},\"primaryImageOfPage\":{\"@id\":\"https:\/\/novak-m.com\/de\/radsportveranstaltung-strma-reber\/#primaryimage\"},\"image\":{\"@id\":\"https:\/\/novak-m.com\/de\/radsportveranstaltung-strma-reber\/#primaryimage\"},\"thumbnailUrl\":\"https:\/\/novak-m.com\/wp-content\/uploads\/2023\/10\/Strma-reber_2.webp\",\"datePublished\":\"2023-10-10T11:19:21+00:00\",\"dateModified\":\"2023-10-24T05:57:23+00:00\",\"author\":{\"@id\":\"https:\/\/novak-m.com\/fr\/#\/schema\/person\/f484d4bdbb417bc65e1281ff35734865\"},\"description\":\"Das Novak M Radsportteam beendete die Saison mit einem Aufstieg zum Strma Reber in der Region KO\u010devje. Schwierig, aber sch\u00f6n! sagen sie.\",\"breadcrumb\":{\"@id\":\"https:\/\/novak-m.com\/de\/radsportveranstaltung-strma-reber\/#breadcrumb\"},\"inLanguage\":\"de\",\"potentialAction\":[{\"@type\":\"ReadAction\",\"target\":[\"https:\/\/novak-m.com\/de\/radsportveranstaltung-strma-reber\/\"]}]},{\"@type\":\"ImageObject\",\"inLanguage\":\"de\",\"@id\":\"https:\/\/novak-m.com\/de\/radsportveranstaltung-strma-reber\/#primaryimage\",\"url\":\"https:\/\/novak-m.com\/wp-content\/uploads\/2023\/10\/Strma-reber_2.webp\",\"contentUrl\":\"https:\/\/novak-m.com\/wp-content\/uploads\/2023\/10\/Strma-reber_2.webp\",\"width\":602,\"height\":388},{\"@type\":\"BreadcrumbList\",\"@id\":\"https:\/\/novak-m.com\/de\/radsportveranstaltung-strma-reber\/#breadcrumb\",\"itemListElement\":[{\"@type\":\"ListItem\",\"position\":1,\"name\":\"Home\",\"item\":\"https:\/\/novak-m.com\/de\/home\/\"},{\"@type\":\"ListItem\",\"position\":2,\"name\":\"Schwierig, aber sch\u00f6n!\"}]},{\"@type\":\"WebSite\",\"@id\":\"https:\/\/novak-m.com\/fr\/#website\",\"url\":\"https:\/\/novak-m.com\/fr\/\",\"name\":\"Novak M\",\"description\":\"Novak M | official international webpage | novak-m.com\",\"potentialAction\":[{\"@type\":\"SearchAction\",\"target\":{\"@type\":\"EntryPoint\",\"urlTemplate\":\"https:\/\/novak-m.com\/fr\/?s={search_term_string}\"},\"query-input\":{\"@type\":\"PropertyValueSpecification\",\"valueRequired\":true,\"valueName\":\"search_term_string\"}}],\"inLanguage\":\"de\"},{\"@type\":\"Person\",\"@id\":\"https:\/\/novak-m.com\/fr\/#\/schema\/person\/f484d4bdbb417bc65e1281ff35734865\",\"name\":\"ana_cesen\",\"url\":\"https:\/\/novak-m.com\/de\/author\/ana_cesen\/\"}]}<\/script>\n<!-- \/ Yoast SEO plugin. -->","yoast_head_json":{"title":"Schwierig, aber sch\u00f6n! \u2502 Novak M","description":"Das Novak M Radsportteam beendete die Saison mit einem Aufstieg zum Strma Reber in der Region KO\u010devje. Schwierig, aber sch\u00f6n! sagen sie.","robots":{"index":"index","follow":"follow","max-snippet":"max-snippet:-1","max-image-preview":"max-image-preview:large","max-video-preview":"max-video-preview:-1"},"canonical":"https:\/\/novak-m.com\/de\/radsportveranstaltung-strma-reber\/","og_locale":"de_DE","og_type":"article","og_title":"Schwierig, aber sch\u00f6n! \u2502 Novak M","og_description":"Das Novak M Radsportteam beendete die Saison mit einem Aufstieg zum Strma Reber in der Region KO\u010devje. Schwierig, aber sch\u00f6n! sagen sie.","og_url":"https:\/\/novak-m.com\/de\/radsportveranstaltung-strma-reber\/","og_site_name":"Novak-M","article_published_time":"2023-10-10T11:19:21+00:00","article_modified_time":"2023-10-24T05:57:23+00:00","og_image":[{"width":1200,"height":630,"url":"https:\/\/novak-m.com\/wp-content\/uploads\/2023\/10\/Strma-reber_fb.webp","type":"image\/webp"}],"author":"ana_cesen","twitter_card":"summary_large_image","twitter_misc":{"Verfasst von":"ana_cesen","Gesch\u00e4tzte Lesezeit":"2\u00a0Minuten"},"schema":{"@context":"https:\/\/schema.org","@graph":[{"@type":"WebPage","@id":"https:\/\/novak-m.com\/de\/radsportveranstaltung-strma-reber\/","url":"https:\/\/novak-m.com\/de\/radsportveranstaltung-strma-reber\/","name":"Schwierig, aber sch\u00f6n! \u2502 Novak M","isPartOf":{"@id":"https:\/\/novak-m.com\/fr\/#website"},"primaryImageOfPage":{"@id":"https:\/\/novak-m.com\/de\/radsportveranstaltung-strma-reber\/#primaryimage"},"image":{"@id":"https:\/\/novak-m.com\/de\/radsportveranstaltung-strma-reber\/#primaryimage"},"thumbnailUrl":"https:\/\/novak-m.com\/wp-content\/uploads\/2023\/10\/Strma-reber_2.webp","datePublished":"2023-10-10T11:19:21+00:00","dateModified":"2023-10-24T05:57:23+00:00","author":{"@id":"https:\/\/novak-m.com\/fr\/#\/schema\/person\/f484d4bdbb417bc65e1281ff35734865"},"description":"Das Novak M Radsportteam beendete die Saison mit einem Aufstieg zum Strma Reber in der Region KO\u010devje. Schwierig, aber sch\u00f6n! sagen sie.","breadcrumb":{"@id":"https:\/\/novak-m.com\/de\/radsportveranstaltung-strma-reber\/#breadcrumb"},"inLanguage":"de","potentialAction":[{"@type":"ReadAction","target":["https:\/\/novak-m.com\/de\/radsportveranstaltung-strma-reber\/"]}]},{"@type":"ImageObject","inLanguage":"de","@id":"https:\/\/novak-m.com\/de\/radsportveranstaltung-strma-reber\/#primaryimage","url":"https:\/\/novak-m.com\/wp-content\/uploads\/2023\/10\/Strma-reber_2.webp","contentUrl":"https:\/\/novak-m.com\/wp-content\/uploads\/2023\/10\/Strma-reber_2.webp","width":602,"height":388},{"@type":"BreadcrumbList","@id":"https:\/\/novak-m.com\/de\/radsportveranstaltung-strma-reber\/#breadcrumb","itemListElement":[{"@type":"ListItem","position":1,"name":"Home","item":"https:\/\/novak-m.com\/de\/home\/"},{"@type":"ListItem","position":2,"name":"Schwierig, aber sch\u00f6n!"}]},{"@type":"WebSite","@id":"https:\/\/novak-m.com\/fr\/#website","url":"https:\/\/novak-m.com\/fr\/","name":"Novak M","description":"Novak M | official international webpage | novak-m.com","potentialAction":[{"@type":"SearchAction","target":{"@type":"EntryPoint","urlTemplate":"https:\/\/novak-m.com\/fr\/?s={search_term_string}"},"query-input":{"@type":"PropertyValueSpecification","valueRequired":true,"valueName":"search_term_string"}}],"inLanguage":"de"},{"@type":"Person","@id":"https:\/\/novak-m.com\/fr\/#\/schema\/person\/f484d4bdbb417bc65e1281ff35734865","name":"ana_cesen","url":"https:\/\/novak-m.com\/de\/author\/ana_cesen\/"}]}},"_links":{"self":[{"href":"https:\/\/novak-m.com\/de\/wp-json\/wp\/v2\/posts\/88520","targetHints":{"allow":["GET"]}}],"collection":[{"href":"https:\/\/novak-m.com\/de\/wp-json\/wp\/v2\/posts"}],"about":[{"href":"https:\/\/novak-m.com\/de\/wp-json\/wp\/v2\/types\/post"}],"author":[{"embeddable":true,"href":"https:\/\/novak-m.com\/de\/wp-json\/wp\/v2\/users\/5"}],"replies":[{"embeddable":true,"href":"https:\/\/novak-m.com\/de\/wp-json\/wp\/v2\/comments?post=88520"}],"version-history":[{"count":0,"href":"https:\/\/novak-m.com\/de\/wp-json\/wp\/v2\/posts\/88520\/revisions"}],"wp:featuredmedia":[{"embeddable":true,"href":"https:\/\/novak-m.com\/de\/wp-json\/wp\/v2\/media\/88490"}],"wp:attachment":[{"href":"https:\/\/novak-m.com\/de\/wp-json\/wp\/v2\/media?parent=88520"}],"wp:term":[{"taxonomy":"category","embeddable":true,"href":"https:\/\/novak-m.com\/de\/wp-json\/wp\/v2\/categories?post=88520"},{"taxonomy":"post_tag","embeddable":true,"href":"https:\/\/novak-m.com\/de\/wp-json\/wp\/v2\/tags?post=88520"}],"curies":[{"name":"wp","href":"https:\/\/api.w.org\/{rel}","templated":true}]}}