{"id":86925,"date":"2023-09-01T12:52:40","date_gmt":"2023-09-01T10:52:40","guid":{"rendered":"https:\/\/www.novak-m.com\/world-physiotherapy-day-with-iza-gobar\/"},"modified":"2023-09-25T10:00:22","modified_gmt":"2023-09-25T08:00:22","slug":"welttag-der-physiotherapie-mit-iza-gobar","status":"publish","type":"post","link":"https:\/\/novak-m.com\/de\/welttag-der-physiotherapie-mit-iza-gobar\/","title":{"rendered":"Welttag der Physiotherapie mit Iza Gobar"},"content":{"rendered":"<h2>1. Bitte stellen Sie sich zun\u00e4chst kurz vor.<\/h2>\n<p>Ich hei\u00dfe Iza Gobar, ich bin ausgebildete Physiotherapeutin und Mitbegr\u00fcnderin von <a href=\"https:\/\/fiza.si\/\"><strong>Fiza<\/strong><\/a>. Ich liebe die Natur, die Bewegung und alles, was damit zu tun hat, den Menschen zu verstehen und zu ergr\u00fcnden, wie er funktioniert.<\/p>\n<h2>2. Wie sind Sie darauf gekommen, dass die Physiotherapie der richtige Beruf f\u00fcr Sie ist? Hat sich das im Laufe der Zeit ergeben oder gab es einen entscheidenden Moment?<\/h2>\n<p>Ich hatte schon immer den Wunsch, den K\u00f6rper zu kennen und zu verstehen. Schon als Kind habe ich Familienmitgliedern oft angeboten, sie zu massieren. Nat\u00fcrlich hatte ich daf\u00fcr keinerlei Vorkenntnisse, aber auf diese Weise begann ich schon sehr fr\u00fch, diese Art von motorischen F\u00e4higkeiten zu entwickeln. W\u00e4hrend der Schulzeit habe ich dann Aerobic und Pilates entdeckt und damit begonnen. Mit 16 Jahren wurde ich Aerobic-Trainerin, und besch\u00e4ftigte mich zum ersten Mal mit Anatomie und mit dem K\u00f6rper in Bewegung. Es lag also auf der Hand, dass ich mich sp\u00e4ter entschloss, Physiotherapie an der Alma mater Europaea zu studieren.<\/p>\n<h2>3. Erz\u00e4hlen Sie uns mehr \u00fcber Ihre Arbeit. In welchem Bereich arbeiten Sie am meisten, wer sind Ihre Patienten?<\/h2>\n<p>Im Moment arbeite ich in zwei Bereichen, die sich aber gut erg\u00e4nzen.<\/p>\n<p>Der erste Bereich ist die Physiotherapie, insbesondere die Neurophysiotherapie, bei der ich mit Menschen arbeite, die eine Verletzung des zentralen Nervensystems erlitten haben, und der andere Bereich ist die Pr\u00e4vention, bei der ich Behandlungen zur &#8222;Regeneration des K\u00f6rpers&#8220; nach meiner eigenen Methode, der Fizaterapija, durchf\u00fchre. Meine Kunden sind sehr unterschiedlich, ich behandle sowohl gesunde Menschen, die ihr Wohlbefinden verbessern m\u00f6chten, als auch Menschen mit chronischen Schmerzen oder nach Verletzungen. Es gibt keine Altersbeschr\u00e4nkungen, ich arbeite mit allen Altersgruppen. Ich bin sehr aktiv auf dem Gebiet von Behandlungen zur &#8222;Regeneration des K\u00f6rpers&#8220;. Noch immer wird f\u00fcr diese Behandlungen eher der allgemeine Begriff &#8222;Massage&#8220; verwendet. Dabei handelt es sich um ein anspruchsvolles, ganzheitliches Verfahren, mit dem bestimmte Gesundheitsprobleme gelindert werden k\u00f6nnen, bzw. um ein wirksames Mittel zur Entspannung und gleichzeitigen Aufrechterhaltung der Gesundheit. Au\u00dferdem arbeite ich zurzeit an der Alma mater Europaea, einer Hochschule, wo ich die Grundlagen der klassischen Massage unterrichte und aktiv an der F\u00f6rderung und Entwicklung der Massage in unserer Gesellschaft beteiligt bin.<\/p>\n<p>Ab und zu nehme ich auch an internationalen Massage-Wettbewerben teil. Ich habe ein sehr positives Feedback erhalten, da ich bei den Weltmeisterschaften 2021 in D\u00e4nemark in der Kategorie Freestyle und dieses Jahr bei den Balkanmeisterschaften in Serbien in der Kategorie klassische Massage gewonnen habe. Bei solchen Veranstaltungen kann ich meine Kreativit\u00e4t und neue Ideen einbringen, aber das Wichtigste ist mir im Moment, mit Fachleuten zusammenzuarbeiten und von denen zu lernen, die sich in dieser Branche bereits einen Namen gemacht haben.<\/p>\n<h2>4. Wie w\u00fcrden Sie den Bereich der Neurophysiotherapie erkl\u00e4ren?<\/h2>\n<p>Die Neurophysiotherapie ist ein Teilgebiet der Physiotherapie, das sich auf die Behandlung und Linderung von Krankheiten und Verletzungen des Nervensystems konzentriert.<\/p>\n<p>Ich selbst habe bei meiner Arbeit in der Physiotherapie schon viele Male mit Patienten mit neurologischen Erkrankungen zu tun gehabt. Nachdem ich den Bobath-Grundkurs im Physiotherapiezentrum von Ljubljana absolviert hatte, erschloss sich mir eine ganz neue Perspektive auf das Behandeln.\u00a0 Ich begriff, dass alle K\u00f6rpersysteme untrennbar mit dem Gehirn verbunden sind und daher das Wissen \u00fcber diese Systeme zu besseren Ergebnissen bei der Rehabilitation f\u00fchren kann, nicht unbedingt nur bei einer Sch\u00e4digung des zentralen Nervensystems. Nachdem ich nun einige Jahre als Physiotherapeutin auf diesem Gebiet gearbeitet habe, habe ich festgestellt, dass dieses Teilgebiet eher unterbesetzt ist. Es gibt zum Beispiel allein in Slowenien etwa 3000 Menschen, die jedes Jahr einen Schlaganfall erleiden. Leider erhalten nur wenige von ihnen langfristig eine qualitativ hochwertige neurophysiotherapeutische Behandlung, nat\u00fcrlich auf Selbstzahlerbasis, die zur Regeneration und Aufrechterhaltung ihres Gesundheitszustands entscheidend ist.<\/p>\n<h2>5. Ich habe auch \u00fcber die Fiza-Massage gelesen, mit der Sie bei den Massage-Weltmeisterschaften in Kopenhagen, D\u00e4nemark, den ersten Platz in der Kategorie Freestyle belegt haben. Erz\u00e4hlen Sie uns mehr \u00fcber diese Technik.<\/h2>\n<p>Die Fiza-Massage oder Fiza Body Restoration Therapy ist das Ergebnis von 10 Jahren Praxis und Forschung in den verschiedenen Techniken und Methoden der klassischen Physiotherapie und komplement\u00e4rer Therapien. Das Besondere daran ist die ganzheitliche Betrachtung der Patienten. Die Behandlung ist auf die Bed\u00fcrfnisse des Einzelnen abgestimmt, enth\u00e4lt aber alle Schl\u00fcsselelemente, die n\u00f6tig sind, um den Bewegungsapparat und die Psyche ins Gleichgewicht zu bringen. Klassische Massagetechniken, Massage und Dehnung der Wirbels\u00e4ule, Mobilisierungs\u00fcbungen, Akupressurtechniken und passives Stretching erg\u00e4nzen die Therapie. Zudem ist die Fiza-Massage ein offiziell anerkanntes therapeutisches Verfahren und Teil eines Konzepts, das auf die F\u00f6rderung des Gesundheitsbewusstseins abzielt und sich st\u00e4ndig weiterentwickelt und verbessert.<\/p>\n<h2>6. Was bereitet Ihnen am meisten Freude bei Ihrer Arbeit?<\/h2>\n<p>Der Erfolg der abgeschlossenen Reha, das L\u00e4cheln des Kunden nach der Behandlung, die Dankbarkeit, die echte Freude, das Gef\u00fchl der Erleichterung, all das sind die Belohnungen, die mich anspornen. Vor allem auch die M\u00f6glichkeit, tolle Menschen kennenzulernen, seien es nun Kunden oder Ausbilder. Die kleinen Steinchen, die sie zum Mosaik meiner therapeutischen Reise beisteuern, sind unbezahlbar und das ist es, was mich bei meiner Arbeit und im Allgemeinen so sehr motiviert.<\/p>\n<p>Vielen Dank, dass Sie sich die Zeit genommen haben. Wir w\u00fcnschen Ihnen viel Erfolg in Ihrem Beruf und viele zufriedene Patienten!<\/p>\n<div style='text-align:center;' class='ow_post_button'><a target='_self' href='https:\/\/novak-m.com\/de\/kontakt\/'>KONTAKTIEREN SIE UNS<\/a><\/div>\n","protected":false},"excerpt":{"rendered":"<p>Fachwissen, Erfahrung, Flei\u00df, Enthusiasmus und guter Wille &#8211; mit all diesen Eigenschaften kann die Physiotherapeutin Iza Gobar beschrieben werden, die wir anl\u00e4sslich des Welttages der Physiotherapie zu einem Gespr\u00e4ch eingeladen haben.<\/p>\n","protected":false},"author":5,"featured_media":86783,"comment_status":"closed","ping_status":"closed","sticky":false,"template":"","format":"standard","meta":{"_acf_changed":false,"footnotes":""},"categories":[311],"tags":[],"class_list":["post-86925","post","type-post","status-publish","format-standard","has-post-thumbnail","hentry","category-neuigkeiten"],"acf":[],"yoast_head":"<!-- This site is optimized with the Yoast SEO plugin v25.5 - https:\/\/yoast.com\/wordpress\/plugins\/seo\/ -->\n<title>Welttag der Physiotherapie 2023 \u2502 Novak M<\/title>\n<meta name=\"description\" content=\"Anl\u00e4sslich des Weltphysiotherapietages haben wir die Physiotherapeutin Iza Gobar eingeladen, uns etwas \u00fcber ihren Beruf zu erz\u00e4hlen.\" \/>\n<meta name=\"robots\" content=\"index, follow, max-snippet:-1, max-image-preview:large, max-video-preview:-1\" \/>\n<link rel=\"canonical\" href=\"https:\/\/novak-m.com\/de\/welttag-der-physiotherapie-mit-iza-gobar\/\" \/>\n<meta property=\"og:locale\" content=\"de_DE\" \/>\n<meta property=\"og:type\" content=\"article\" \/>\n<meta property=\"og:title\" content=\"Welttag der Physiotherapie 2023 \u2502 Novak M\" \/>\n<meta property=\"og:description\" content=\"Anl\u00e4sslich des Weltphysiotherapietages haben wir die Physiotherapeutin Iza Gobar eingeladen, uns etwas \u00fcber ihren Beruf zu erz\u00e4hlen.\" \/>\n<meta property=\"og:url\" content=\"https:\/\/novak-m.com\/de\/welttag-der-physiotherapie-mit-iza-gobar\/\" \/>\n<meta property=\"og:site_name\" content=\"Novak-M\" \/>\n<meta property=\"article:published_time\" content=\"2023-09-01T10:52:40+00:00\" \/>\n<meta property=\"article:modified_time\" content=\"2023-09-25T08:00:22+00:00\" \/>\n<meta property=\"og:image\" content=\"https:\/\/novak-m.com\/wp-content\/uploads\/2023\/09\/World-Physiotherapy-day_fb.jpg\" \/>\n\t<meta property=\"og:image:width\" content=\"1245\" \/>\n\t<meta property=\"og:image:height\" content=\"712\" \/>\n\t<meta property=\"og:image:type\" content=\"image\/jpeg\" \/>\n<meta name=\"author\" content=\"ana_cesen\" \/>\n<meta name=\"twitter:card\" content=\"summary_large_image\" \/>\n<meta name=\"twitter:label1\" content=\"Verfasst von\" \/>\n\t<meta name=\"twitter:data1\" content=\"ana_cesen\" \/>\n\t<meta name=\"twitter:label2\" content=\"Gesch\u00e4tzte Lesezeit\" \/>\n\t<meta name=\"twitter:data2\" content=\"4\u00a0Minuten\" \/>\n<script type=\"application\/ld+json\" class=\"yoast-schema-graph\">{\"@context\":\"https:\/\/schema.org\",\"@graph\":[{\"@type\":\"WebPage\",\"@id\":\"https:\/\/novak-m.com\/de\/welttag-der-physiotherapie-mit-iza-gobar\/\",\"url\":\"https:\/\/novak-m.com\/de\/welttag-der-physiotherapie-mit-iza-gobar\/\",\"name\":\"Welttag der Physiotherapie 2023 \u2502 Novak M\",\"isPartOf\":{\"@id\":\"https:\/\/novak-m.com\/fr\/#website\"},\"primaryImageOfPage\":{\"@id\":\"https:\/\/novak-m.com\/de\/welttag-der-physiotherapie-mit-iza-gobar\/#primaryimage\"},\"image\":{\"@id\":\"https:\/\/novak-m.com\/de\/welttag-der-physiotherapie-mit-iza-gobar\/#primaryimage\"},\"thumbnailUrl\":\"https:\/\/novak-m.com\/wp-content\/uploads\/2023\/09\/World-Physiotherapy-day.jpg\",\"datePublished\":\"2023-09-01T10:52:40+00:00\",\"dateModified\":\"2023-09-25T08:00:22+00:00\",\"author\":{\"@id\":\"https:\/\/novak-m.com\/fr\/#\/schema\/person\/f484d4bdbb417bc65e1281ff35734865\"},\"description\":\"Anl\u00e4sslich des Weltphysiotherapietages haben wir die Physiotherapeutin Iza Gobar eingeladen, uns etwas \u00fcber ihren Beruf zu erz\u00e4hlen.\",\"breadcrumb\":{\"@id\":\"https:\/\/novak-m.com\/de\/welttag-der-physiotherapie-mit-iza-gobar\/#breadcrumb\"},\"inLanguage\":\"de\",\"potentialAction\":[{\"@type\":\"ReadAction\",\"target\":[\"https:\/\/novak-m.com\/de\/welttag-der-physiotherapie-mit-iza-gobar\/\"]}]},{\"@type\":\"ImageObject\",\"inLanguage\":\"de\",\"@id\":\"https:\/\/novak-m.com\/de\/welttag-der-physiotherapie-mit-iza-gobar\/#primaryimage\",\"url\":\"https:\/\/novak-m.com\/wp-content\/uploads\/2023\/09\/World-Physiotherapy-day.jpg\",\"contentUrl\":\"https:\/\/novak-m.com\/wp-content\/uploads\/2023\/09\/World-Physiotherapy-day.jpg\",\"width\":1200,\"height\":1075,\"caption\":\"Physiotherapeutin mit \u00e4lterem Patienten\"},{\"@type\":\"BreadcrumbList\",\"@id\":\"https:\/\/novak-m.com\/de\/welttag-der-physiotherapie-mit-iza-gobar\/#breadcrumb\",\"itemListElement\":[{\"@type\":\"ListItem\",\"position\":1,\"name\":\"Home\",\"item\":\"https:\/\/novak-m.com\/de\/home\/\"},{\"@type\":\"ListItem\",\"position\":2,\"name\":\"Welttag der Physiotherapie mit Iza Gobar\"}]},{\"@type\":\"WebSite\",\"@id\":\"https:\/\/novak-m.com\/fr\/#website\",\"url\":\"https:\/\/novak-m.com\/fr\/\",\"name\":\"Novak M\",\"description\":\"Novak M | official international webpage | novak-m.com\",\"potentialAction\":[{\"@type\":\"SearchAction\",\"target\":{\"@type\":\"EntryPoint\",\"urlTemplate\":\"https:\/\/novak-m.com\/fr\/?s={search_term_string}\"},\"query-input\":{\"@type\":\"PropertyValueSpecification\",\"valueRequired\":true,\"valueName\":\"search_term_string\"}}],\"inLanguage\":\"de\"},{\"@type\":\"Person\",\"@id\":\"https:\/\/novak-m.com\/fr\/#\/schema\/person\/f484d4bdbb417bc65e1281ff35734865\",\"name\":\"ana_cesen\",\"url\":\"https:\/\/novak-m.com\/de\/author\/ana_cesen\/\"}]}<\/script>\n<!-- \/ Yoast SEO plugin. -->","yoast_head_json":{"title":"Welttag der Physiotherapie 2023 \u2502 Novak M","description":"Anl\u00e4sslich des Weltphysiotherapietages haben wir die Physiotherapeutin Iza Gobar eingeladen, uns etwas \u00fcber ihren Beruf zu erz\u00e4hlen.","robots":{"index":"index","follow":"follow","max-snippet":"max-snippet:-1","max-image-preview":"max-image-preview:large","max-video-preview":"max-video-preview:-1"},"canonical":"https:\/\/novak-m.com\/de\/welttag-der-physiotherapie-mit-iza-gobar\/","og_locale":"de_DE","og_type":"article","og_title":"Welttag der Physiotherapie 2023 \u2502 Novak M","og_description":"Anl\u00e4sslich des Weltphysiotherapietages haben wir die Physiotherapeutin Iza Gobar eingeladen, uns etwas \u00fcber ihren Beruf zu erz\u00e4hlen.","og_url":"https:\/\/novak-m.com\/de\/welttag-der-physiotherapie-mit-iza-gobar\/","og_site_name":"Novak-M","article_published_time":"2023-09-01T10:52:40+00:00","article_modified_time":"2023-09-25T08:00:22+00:00","og_image":[{"width":1245,"height":712,"url":"https:\/\/novak-m.com\/wp-content\/uploads\/2023\/09\/World-Physiotherapy-day_fb.jpg","type":"image\/jpeg"}],"author":"ana_cesen","twitter_card":"summary_large_image","twitter_misc":{"Verfasst von":"ana_cesen","Gesch\u00e4tzte Lesezeit":"4\u00a0Minuten"},"schema":{"@context":"https:\/\/schema.org","@graph":[{"@type":"WebPage","@id":"https:\/\/novak-m.com\/de\/welttag-der-physiotherapie-mit-iza-gobar\/","url":"https:\/\/novak-m.com\/de\/welttag-der-physiotherapie-mit-iza-gobar\/","name":"Welttag der Physiotherapie 2023 \u2502 Novak M","isPartOf":{"@id":"https:\/\/novak-m.com\/fr\/#website"},"primaryImageOfPage":{"@id":"https:\/\/novak-m.com\/de\/welttag-der-physiotherapie-mit-iza-gobar\/#primaryimage"},"image":{"@id":"https:\/\/novak-m.com\/de\/welttag-der-physiotherapie-mit-iza-gobar\/#primaryimage"},"thumbnailUrl":"https:\/\/novak-m.com\/wp-content\/uploads\/2023\/09\/World-Physiotherapy-day.jpg","datePublished":"2023-09-01T10:52:40+00:00","dateModified":"2023-09-25T08:00:22+00:00","author":{"@id":"https:\/\/novak-m.com\/fr\/#\/schema\/person\/f484d4bdbb417bc65e1281ff35734865"},"description":"Anl\u00e4sslich des Weltphysiotherapietages haben wir die Physiotherapeutin Iza Gobar eingeladen, uns etwas \u00fcber ihren Beruf zu erz\u00e4hlen.","breadcrumb":{"@id":"https:\/\/novak-m.com\/de\/welttag-der-physiotherapie-mit-iza-gobar\/#breadcrumb"},"inLanguage":"de","potentialAction":[{"@type":"ReadAction","target":["https:\/\/novak-m.com\/de\/welttag-der-physiotherapie-mit-iza-gobar\/"]}]},{"@type":"ImageObject","inLanguage":"de","@id":"https:\/\/novak-m.com\/de\/welttag-der-physiotherapie-mit-iza-gobar\/#primaryimage","url":"https:\/\/novak-m.com\/wp-content\/uploads\/2023\/09\/World-Physiotherapy-day.jpg","contentUrl":"https:\/\/novak-m.com\/wp-content\/uploads\/2023\/09\/World-Physiotherapy-day.jpg","width":1200,"height":1075,"caption":"Physiotherapeutin mit \u00e4lterem Patienten"},{"@type":"BreadcrumbList","@id":"https:\/\/novak-m.com\/de\/welttag-der-physiotherapie-mit-iza-gobar\/#breadcrumb","itemListElement":[{"@type":"ListItem","position":1,"name":"Home","item":"https:\/\/novak-m.com\/de\/home\/"},{"@type":"ListItem","position":2,"name":"Welttag der Physiotherapie mit Iza Gobar"}]},{"@type":"WebSite","@id":"https:\/\/novak-m.com\/fr\/#website","url":"https:\/\/novak-m.com\/fr\/","name":"Novak M","description":"Novak M | official international webpage | novak-m.com","potentialAction":[{"@type":"SearchAction","target":{"@type":"EntryPoint","urlTemplate":"https:\/\/novak-m.com\/fr\/?s={search_term_string}"},"query-input":{"@type":"PropertyValueSpecification","valueRequired":true,"valueName":"search_term_string"}}],"inLanguage":"de"},{"@type":"Person","@id":"https:\/\/novak-m.com\/fr\/#\/schema\/person\/f484d4bdbb417bc65e1281ff35734865","name":"ana_cesen","url":"https:\/\/novak-m.com\/de\/author\/ana_cesen\/"}]}},"_links":{"self":[{"href":"https:\/\/novak-m.com\/de\/wp-json\/wp\/v2\/posts\/86925","targetHints":{"allow":["GET"]}}],"collection":[{"href":"https:\/\/novak-m.com\/de\/wp-json\/wp\/v2\/posts"}],"about":[{"href":"https:\/\/novak-m.com\/de\/wp-json\/wp\/v2\/types\/post"}],"author":[{"embeddable":true,"href":"https:\/\/novak-m.com\/de\/wp-json\/wp\/v2\/users\/5"}],"replies":[{"embeddable":true,"href":"https:\/\/novak-m.com\/de\/wp-json\/wp\/v2\/comments?post=86925"}],"version-history":[{"count":0,"href":"https:\/\/novak-m.com\/de\/wp-json\/wp\/v2\/posts\/86925\/revisions"}],"wp:featuredmedia":[{"embeddable":true,"href":"https:\/\/novak-m.com\/de\/wp-json\/wp\/v2\/media\/86783"}],"wp:attachment":[{"href":"https:\/\/novak-m.com\/de\/wp-json\/wp\/v2\/media?parent=86925"}],"wp:term":[{"taxonomy":"category","embeddable":true,"href":"https:\/\/novak-m.com\/de\/wp-json\/wp\/v2\/categories?post=86925"},{"taxonomy":"post_tag","embeddable":true,"href":"https:\/\/novak-m.com\/de\/wp-json\/wp\/v2\/tags?post=86925"}],"curies":[{"name":"wp","href":"https:\/\/api.w.org\/{rel}","templated":true}]}}