{"id":80005,"date":"2025-06-16T13:37:30","date_gmt":"2025-06-16T11:37:30","guid":{"rendered":"https:\/\/www.novak-m.com\/?p=80005"},"modified":"2025-07-07T11:13:12","modified_gmt":"2025-07-07T09:13:12","slug":"team-beim-franja-marathon-und-picknick","status":"publish","type":"post","link":"https:\/\/novak-m.com\/de\/team-beim-franja-marathon-und-picknick\/","title":{"rendered":"Unser Franja 2025-Abenteuer"},"content":{"rendered":"<h2>Ob gro\u00df oder klein &#8211; Franja entt\u00e4uscht nie<\/h2>\n<p>In diesem Jahr z\u00e4hlte unser Radteam insgesamt 11 Radfahrerinnen und Radfahrer. Vier von ihnen nahmen die 97 km lange Triglav-Mala-Franja-Route in Angriff, w\u00e4hrend die \u00fcbrigen die 154 km lange Velika Franja radelten. Die Hitze war unerbittlich, aber unser Team hat sich tapfer geschlagen. Jeder Einzelne erreichte die Ziellinie &#8211; und wie immer war das Fazit einstimmig:<br \/>\n<b>&#8222;Teil von Franja zu sein, ist einfach gro\u00dfartig &#8211; und das jedes Jahr!&#8220;<\/b><\/p>\n<p><img loading=\"lazy\" decoding=\"async\" class=\"alignnone size-full wp-image-104582\" src=\"https:\/\/novak-m.com\/wp-content\/uploads\/2025\/06\/Maraton-Franija-2025_1.webp\" alt=\"\" width=\"602\" height=\"388\" srcset=\"https:\/\/novak-m.com\/wp-content\/uploads\/2025\/06\/Maraton-Franija-2025_1.webp 602w, https:\/\/novak-m.com\/wp-content\/uploads\/2025\/06\/Maraton-Franija-2025_1-300x193.webp 300w, https:\/\/novak-m.com\/wp-content\/uploads\/2025\/06\/Maraton-Franija-2025_1-600x387.webp 600w, https:\/\/novak-m.com\/wp-content\/uploads\/2025\/06\/Maraton-Franija-2025_1-186x120.webp 186w\" sizes=\"auto, (max-width: 602px) 100vw, 602px\" \/><\/p>\n<h2>Die Party danach<\/h2>\n<p>Aber der Spa\u00df endete nicht an der Ziellinie, denn nach dem Rennen wurden unsere Radler mit ihren Familien zu einem fr\u00f6hlichen Nachmittagspicknick eingeladen. Es gab zwar keine Medaillen, daf\u00fcr aber gegrilltes leckeres Essen, kalte Getr\u00e4nke und viel Gel\u00e4chter.<\/p>\n<p><img loading=\"lazy\" decoding=\"async\" class=\"alignnone size-full wp-image-104561\" src=\"https:\/\/novak-m.com\/wp-content\/uploads\/2025\/06\/Maraton-Franija-2025_3.webp\" alt=\"\" width=\"602\" height=\"388\" srcset=\"https:\/\/novak-m.com\/wp-content\/uploads\/2025\/06\/Maraton-Franija-2025_3.webp 602w, https:\/\/novak-m.com\/wp-content\/uploads\/2025\/06\/Maraton-Franija-2025_3-300x193.webp 300w, https:\/\/novak-m.com\/wp-content\/uploads\/2025\/06\/Maraton-Franija-2025_3-600x387.webp 600w, https:\/\/novak-m.com\/wp-content\/uploads\/2025\/06\/Maraton-Franija-2025_3-186x120.webp 186w\" sizes=\"auto, (max-width: 602px) 100vw, 602px\" \/><\/p>\n<p>Und es gab noch Energie f\u00fcr Volleyball und Fu\u00dfball!<\/p>\n<p><img loading=\"lazy\" decoding=\"async\" class=\"alignnone size-full wp-image-104575\" src=\"https:\/\/novak-m.com\/wp-content\/uploads\/2025\/06\/Maraton-Franija-2025_5.webp\" alt=\"\" width=\"602\" height=\"388\" srcset=\"https:\/\/novak-m.com\/wp-content\/uploads\/2025\/06\/Maraton-Franija-2025_5.webp 602w, https:\/\/novak-m.com\/wp-content\/uploads\/2025\/06\/Maraton-Franija-2025_5-300x193.webp 300w, https:\/\/novak-m.com\/wp-content\/uploads\/2025\/06\/Maraton-Franija-2025_5-600x387.webp 600w, https:\/\/novak-m.com\/wp-content\/uploads\/2025\/06\/Maraton-Franija-2025_5-186x120.webp 186w\" sizes=\"auto, (max-width: 602px) 100vw, 602px\" \/><\/p>\n<h2>Die Kleinsten auf R\u00e4dern<\/h2>\n<p>Ein neues Highlight in diesem Jahr war ein spezielles Fahrrad-Event f\u00fcr Kinder.<\/p>\n<p><img loading=\"lazy\" decoding=\"async\" class=\"alignnone size-full wp-image-104610\" src=\"https:\/\/novak-m.com\/wp-content\/uploads\/2025\/06\/Maraton-Franija-2025_6.webp\" alt=\"\" width=\"602\" height=\"388\" srcset=\"https:\/\/novak-m.com\/wp-content\/uploads\/2025\/06\/Maraton-Franija-2025_6.webp 602w, https:\/\/novak-m.com\/wp-content\/uploads\/2025\/06\/Maraton-Franija-2025_6-300x193.webp 300w, https:\/\/novak-m.com\/wp-content\/uploads\/2025\/06\/Maraton-Franija-2025_6-600x387.webp 600w, https:\/\/novak-m.com\/wp-content\/uploads\/2025\/06\/Maraton-Franija-2025_6-186x120.webp 186w\" sizes=\"auto, (max-width: 602px) 100vw, 602px\" \/><\/p>\n<p>Unsere j\u00fcngsten Teilnehmer haben sich tapfer durch viele Herausforderungen gek\u00e4mpft<\/p>\n<p><img loading=\"lazy\" decoding=\"async\" class=\"alignnone size-full wp-image-104653\" src=\"https:\/\/novak-m.com\/wp-content\/uploads\/2025\/06\/Maraton-Franija-2025_11.webp\" alt=\"\" width=\"602\" height=\"388\" srcset=\"https:\/\/novak-m.com\/wp-content\/uploads\/2025\/06\/Maraton-Franija-2025_11.webp 602w, https:\/\/novak-m.com\/wp-content\/uploads\/2025\/06\/Maraton-Franija-2025_11-300x193.webp 300w, https:\/\/novak-m.com\/wp-content\/uploads\/2025\/06\/Maraton-Franija-2025_11-600x387.webp 600w, https:\/\/novak-m.com\/wp-content\/uploads\/2025\/06\/Maraton-Franija-2025_11-186x120.webp 186w\" sizes=\"auto, (max-width: 602px) 100vw, 602px\" \/><\/p>\n<p>und beeindruckten alle mit ihren Radfahrk\u00fcnsten und ihrem Mut.<\/p>\n<p><img loading=\"lazy\" decoding=\"async\" class=\"alignnone size-full wp-image-104660\" src=\"https:\/\/novak-m.com\/wp-content\/uploads\/2025\/06\/Maraton-Franija-2025_15.webp\" alt=\"\" width=\"602\" height=\"388\" srcset=\"https:\/\/novak-m.com\/wp-content\/uploads\/2025\/06\/Maraton-Franija-2025_15.webp 602w, https:\/\/novak-m.com\/wp-content\/uploads\/2025\/06\/Maraton-Franija-2025_15-300x193.webp 300w, https:\/\/novak-m.com\/wp-content\/uploads\/2025\/06\/Maraton-Franija-2025_15-600x387.webp 600w, https:\/\/novak-m.com\/wp-content\/uploads\/2025\/06\/Maraton-Franija-2025_15-186x120.webp 186w\" sizes=\"auto, (max-width: 602px) 100vw, 602px\" \/><\/p>\n<p>Die Fotos sprechen f\u00fcr sich!<\/p>\n","protected":false},"excerpt":{"rendered":"<p>Wieder einmal nahm unser Novak-Team an Sloweniens gr\u00f6\u00dftem Amateur-Radsportevent teil und bewies, dass keine Hitzewelle unsere Radler aufhalten kann!<\/p>\n","protected":false},"author":5,"featured_media":104540,"comment_status":"closed","ping_status":"closed","sticky":false,"template":"","format":"standard","meta":{"_acf_changed":false,"footnotes":""},"categories":[311],"tags":[],"class_list":["post-80005","post","type-post","status-publish","format-standard","has-post-thumbnail","hentry","category-neuigkeiten"],"acf":[],"yoast_head":"<!-- This site is optimized with the Yoast SEO plugin v25.5 - https:\/\/yoast.com\/wordpress\/plugins\/seo\/ -->\n<title>Das Team beim Franja Marathon und beim Picknick \u2502 Novak M<\/title>\n<meta name=\"description\" content=\"Wir hatten in diesem Jahr ein starkes Team f\u00fcr den Franja Marathon. Und allen mit ihren Familien waren zu einem Picknick eingeladen.\" \/>\n<meta name=\"robots\" content=\"index, follow, max-snippet:-1, max-image-preview:large, max-video-preview:-1\" \/>\n<link rel=\"canonical\" href=\"https:\/\/novak-m.com\/de\/team-beim-franja-marathon-und-picknick\/\" \/>\n<meta property=\"og:locale\" content=\"de_DE\" \/>\n<meta property=\"og:type\" content=\"article\" \/>\n<meta property=\"og:title\" content=\"Das Team beim Franja Marathon und beim Picknick \u2502 Novak M\" \/>\n<meta property=\"og:description\" content=\"Wir hatten in diesem Jahr ein starkes Team f\u00fcr den Franja Marathon. Und allen mit ihren Familien waren zu einem Picknick eingeladen.\" \/>\n<meta property=\"og:url\" content=\"https:\/\/novak-m.com\/de\/team-beim-franja-marathon-und-picknick\/\" \/>\n<meta property=\"og:site_name\" content=\"Novak-M\" \/>\n<meta property=\"article:published_time\" content=\"2025-06-16T11:37:30+00:00\" \/>\n<meta property=\"article:modified_time\" content=\"2025-07-07T09:13:12+00:00\" \/>\n<meta property=\"og:image\" content=\"https:\/\/novak-m.com\/wp-content\/uploads\/2025\/06\/Maraton-Franija-2025_1-1030x873.gif\" \/>\n\t<meta property=\"og:image:width\" content=\"1030\" \/>\n\t<meta property=\"og:image:height\" content=\"873\" \/>\n\t<meta property=\"og:image:type\" content=\"image\/gif\" \/>\n<meta name=\"author\" content=\"ana_cesen\" \/>\n<meta name=\"twitter:card\" content=\"summary_large_image\" \/>\n<meta name=\"twitter:label1\" content=\"Verfasst von\" \/>\n\t<meta name=\"twitter:data1\" content=\"ana_cesen\" \/>\n\t<meta name=\"twitter:label2\" content=\"Gesch\u00e4tzte Lesezeit\" \/>\n\t<meta name=\"twitter:data2\" content=\"2\u00a0Minuten\" \/>\n<script type=\"application\/ld+json\" class=\"yoast-schema-graph\">{\"@context\":\"https:\/\/schema.org\",\"@graph\":[{\"@type\":\"WebPage\",\"@id\":\"https:\/\/novak-m.com\/de\/team-beim-franja-marathon-und-picknick\/\",\"url\":\"https:\/\/novak-m.com\/de\/team-beim-franja-marathon-und-picknick\/\",\"name\":\"Das Team beim Franja Marathon und beim Picknick \u2502 Novak M\",\"isPartOf\":{\"@id\":\"https:\/\/novak-m.com\/fr\/#website\"},\"primaryImageOfPage\":{\"@id\":\"https:\/\/novak-m.com\/de\/team-beim-franja-marathon-und-picknick\/#primaryimage\"},\"image\":{\"@id\":\"https:\/\/novak-m.com\/de\/team-beim-franja-marathon-und-picknick\/#primaryimage\"},\"thumbnailUrl\":\"https:\/\/novak-m.com\/wp-content\/uploads\/2025\/06\/Maraton-Franija-2025_1.gif\",\"datePublished\":\"2025-06-16T11:37:30+00:00\",\"dateModified\":\"2025-07-07T09:13:12+00:00\",\"author\":{\"@id\":\"https:\/\/novak-m.com\/fr\/#\/schema\/person\/f484d4bdbb417bc65e1281ff35734865\"},\"description\":\"Wir hatten in diesem Jahr ein starkes Team f\u00fcr den Franja Marathon. Und allen mit ihren Familien waren zu einem Picknick eingeladen.\",\"breadcrumb\":{\"@id\":\"https:\/\/novak-m.com\/de\/team-beim-franja-marathon-und-picknick\/#breadcrumb\"},\"inLanguage\":\"de\",\"potentialAction\":[{\"@type\":\"ReadAction\",\"target\":[\"https:\/\/novak-m.com\/de\/team-beim-franja-marathon-und-picknick\/\"]}]},{\"@type\":\"ImageObject\",\"inLanguage\":\"de\",\"@id\":\"https:\/\/novak-m.com\/de\/team-beim-franja-marathon-und-picknick\/#primaryimage\",\"url\":\"https:\/\/novak-m.com\/wp-content\/uploads\/2025\/06\/Maraton-Franija-2025_1.gif\",\"contentUrl\":\"https:\/\/novak-m.com\/wp-content\/uploads\/2025\/06\/Maraton-Franija-2025_1.gif\",\"width\":1200,\"height\":1017,\"caption\":\"Novak M Radteam vor dem Marathon auf dem Kreisverkehr\"},{\"@type\":\"BreadcrumbList\",\"@id\":\"https:\/\/novak-m.com\/de\/team-beim-franja-marathon-und-picknick\/#breadcrumb\",\"itemListElement\":[{\"@type\":\"ListItem\",\"position\":1,\"name\":\"Home\",\"item\":\"https:\/\/novak-m.com\/de\/home\/\"},{\"@type\":\"ListItem\",\"position\":2,\"name\":\"Unser Franja 2025-Abenteuer\"}]},{\"@type\":\"WebSite\",\"@id\":\"https:\/\/novak-m.com\/fr\/#website\",\"url\":\"https:\/\/novak-m.com\/fr\/\",\"name\":\"Novak M\",\"description\":\"Novak M | official international webpage | novak-m.com\",\"potentialAction\":[{\"@type\":\"SearchAction\",\"target\":{\"@type\":\"EntryPoint\",\"urlTemplate\":\"https:\/\/novak-m.com\/fr\/?s={search_term_string}\"},\"query-input\":{\"@type\":\"PropertyValueSpecification\",\"valueRequired\":true,\"valueName\":\"search_term_string\"}}],\"inLanguage\":\"de\"},{\"@type\":\"Person\",\"@id\":\"https:\/\/novak-m.com\/fr\/#\/schema\/person\/f484d4bdbb417bc65e1281ff35734865\",\"name\":\"ana_cesen\",\"url\":\"https:\/\/novak-m.com\/de\/author\/ana_cesen\/\"}]}<\/script>\n<!-- \/ Yoast SEO plugin. -->","yoast_head_json":{"title":"Das Team beim Franja Marathon und beim Picknick \u2502 Novak M","description":"Wir hatten in diesem Jahr ein starkes Team f\u00fcr den Franja Marathon. Und allen mit ihren Familien waren zu einem Picknick eingeladen.","robots":{"index":"index","follow":"follow","max-snippet":"max-snippet:-1","max-image-preview":"max-image-preview:large","max-video-preview":"max-video-preview:-1"},"canonical":"https:\/\/novak-m.com\/de\/team-beim-franja-marathon-und-picknick\/","og_locale":"de_DE","og_type":"article","og_title":"Das Team beim Franja Marathon und beim Picknick \u2502 Novak M","og_description":"Wir hatten in diesem Jahr ein starkes Team f\u00fcr den Franja Marathon. Und allen mit ihren Familien waren zu einem Picknick eingeladen.","og_url":"https:\/\/novak-m.com\/de\/team-beim-franja-marathon-und-picknick\/","og_site_name":"Novak-M","article_published_time":"2025-06-16T11:37:30+00:00","article_modified_time":"2025-07-07T09:13:12+00:00","og_image":[{"width":1030,"height":873,"url":"https:\/\/novak-m.com\/wp-content\/uploads\/2025\/06\/Maraton-Franija-2025_1-1030x873.gif","type":"image\/gif"}],"author":"ana_cesen","twitter_card":"summary_large_image","twitter_misc":{"Verfasst von":"ana_cesen","Gesch\u00e4tzte Lesezeit":"2\u00a0Minuten"},"schema":{"@context":"https:\/\/schema.org","@graph":[{"@type":"WebPage","@id":"https:\/\/novak-m.com\/de\/team-beim-franja-marathon-und-picknick\/","url":"https:\/\/novak-m.com\/de\/team-beim-franja-marathon-und-picknick\/","name":"Das Team beim Franja Marathon und beim Picknick \u2502 Novak M","isPartOf":{"@id":"https:\/\/novak-m.com\/fr\/#website"},"primaryImageOfPage":{"@id":"https:\/\/novak-m.com\/de\/team-beim-franja-marathon-und-picknick\/#primaryimage"},"image":{"@id":"https:\/\/novak-m.com\/de\/team-beim-franja-marathon-und-picknick\/#primaryimage"},"thumbnailUrl":"https:\/\/novak-m.com\/wp-content\/uploads\/2025\/06\/Maraton-Franija-2025_1.gif","datePublished":"2025-06-16T11:37:30+00:00","dateModified":"2025-07-07T09:13:12+00:00","author":{"@id":"https:\/\/novak-m.com\/fr\/#\/schema\/person\/f484d4bdbb417bc65e1281ff35734865"},"description":"Wir hatten in diesem Jahr ein starkes Team f\u00fcr den Franja Marathon. Und allen mit ihren Familien waren zu einem Picknick eingeladen.","breadcrumb":{"@id":"https:\/\/novak-m.com\/de\/team-beim-franja-marathon-und-picknick\/#breadcrumb"},"inLanguage":"de","potentialAction":[{"@type":"ReadAction","target":["https:\/\/novak-m.com\/de\/team-beim-franja-marathon-und-picknick\/"]}]},{"@type":"ImageObject","inLanguage":"de","@id":"https:\/\/novak-m.com\/de\/team-beim-franja-marathon-und-picknick\/#primaryimage","url":"https:\/\/novak-m.com\/wp-content\/uploads\/2025\/06\/Maraton-Franija-2025_1.gif","contentUrl":"https:\/\/novak-m.com\/wp-content\/uploads\/2025\/06\/Maraton-Franija-2025_1.gif","width":1200,"height":1017,"caption":"Novak M Radteam vor dem Marathon auf dem Kreisverkehr"},{"@type":"BreadcrumbList","@id":"https:\/\/novak-m.com\/de\/team-beim-franja-marathon-und-picknick\/#breadcrumb","itemListElement":[{"@type":"ListItem","position":1,"name":"Home","item":"https:\/\/novak-m.com\/de\/home\/"},{"@type":"ListItem","position":2,"name":"Unser Franja 2025-Abenteuer"}]},{"@type":"WebSite","@id":"https:\/\/novak-m.com\/fr\/#website","url":"https:\/\/novak-m.com\/fr\/","name":"Novak M","description":"Novak M | official international webpage | novak-m.com","potentialAction":[{"@type":"SearchAction","target":{"@type":"EntryPoint","urlTemplate":"https:\/\/novak-m.com\/fr\/?s={search_term_string}"},"query-input":{"@type":"PropertyValueSpecification","valueRequired":true,"valueName":"search_term_string"}}],"inLanguage":"de"},{"@type":"Person","@id":"https:\/\/novak-m.com\/fr\/#\/schema\/person\/f484d4bdbb417bc65e1281ff35734865","name":"ana_cesen","url":"https:\/\/novak-m.com\/de\/author\/ana_cesen\/"}]}},"_links":{"self":[{"href":"https:\/\/novak-m.com\/de\/wp-json\/wp\/v2\/posts\/80005","targetHints":{"allow":["GET"]}}],"collection":[{"href":"https:\/\/novak-m.com\/de\/wp-json\/wp\/v2\/posts"}],"about":[{"href":"https:\/\/novak-m.com\/de\/wp-json\/wp\/v2\/types\/post"}],"author":[{"embeddable":true,"href":"https:\/\/novak-m.com\/de\/wp-json\/wp\/v2\/users\/5"}],"replies":[{"embeddable":true,"href":"https:\/\/novak-m.com\/de\/wp-json\/wp\/v2\/comments?post=80005"}],"version-history":[{"count":3,"href":"https:\/\/novak-m.com\/de\/wp-json\/wp\/v2\/posts\/80005\/revisions"}],"predecessor-version":[{"id":106073,"href":"https:\/\/novak-m.com\/de\/wp-json\/wp\/v2\/posts\/80005\/revisions\/106073"}],"wp:featuredmedia":[{"embeddable":true,"href":"https:\/\/novak-m.com\/de\/wp-json\/wp\/v2\/media\/104540"}],"wp:attachment":[{"href":"https:\/\/novak-m.com\/de\/wp-json\/wp\/v2\/media?parent=80005"}],"wp:term":[{"taxonomy":"category","embeddable":true,"href":"https:\/\/novak-m.com\/de\/wp-json\/wp\/v2\/categories?post=80005"},{"taxonomy":"post_tag","embeddable":true,"href":"https:\/\/novak-m.com\/de\/wp-json\/wp\/v2\/tags?post=80005"}],"curies":[{"name":"wp","href":"https:\/\/api.w.org\/{rel}","templated":true}]}}