{"id":68579,"date":"2022-08-22T10:27:36","date_gmt":"2022-08-22T08:27:36","guid":{"rendered":"https:\/\/www.novak-m.com\/?p=68579"},"modified":"2022-08-29T11:35:28","modified_gmt":"2022-08-29T09:35:28","slug":"medizinische-ausruestungim-gesundheitszentrum-novi-sad","status":"publish","type":"post","link":"https:\/\/novak-m.com\/de\/medizinische-ausruestungim-gesundheitszentrum-novi-sad\/","title":{"rendered":"Erstklassige medizinische Ausr\u00fcstung aus Slowenien im Gesundheitszentrum Novi Sad"},"content":{"rendered":"<h2>Medizinische Grundversorgung auf h\u00f6chstem Niveau<\/h2>\n<p>Im Gesundheitszentrum Novi Sad ist man sich bewusst, dass die Gesundheit des Einzelnen und der gesamten Gesellschaft ein wichtiger Faktor f\u00fcr ein gl\u00fcckliches Leben ist. Deshalb wollen sie den Menschen in der Region Novi Sad und Sremski Karlovci eine hochwertige medizinische Grundversorgung bieten. Dazu geh\u00f6ren Vorsorge- und Fr\u00fcherkennungsuntersuchungen, Diagnostik, Behandlung und Therapien.<\/p>\n<p><img loading=\"lazy\" decoding=\"async\" class=\"alignnone size-full wp-image-68568\" src=\"https:\/\/novak-m.com\/wp-content\/uploads\/2022\/08\/notranjost-ZD-Novi-sad.jpg\" alt=\"the interior of primary health center Novi Sad\" width=\"654\" height=\"466\" srcset=\"https:\/\/novak-m.com\/wp-content\/uploads\/2022\/08\/notranjost-ZD-Novi-sad.jpg 654w, https:\/\/novak-m.com\/wp-content\/uploads\/2022\/08\/notranjost-ZD-Novi-sad-300x214.jpg 300w, https:\/\/novak-m.com\/wp-content\/uploads\/2022\/08\/notranjost-ZD-Novi-sad-168x120.jpg 168w, https:\/\/novak-m.com\/wp-content\/uploads\/2022\/08\/notranjost-ZD-Novi-sad-600x428.jpg 600w\" sizes=\"auto, (max-width: 654px) 100vw, 654px\" \/><\/p>\n<h2>Behandlungen von hoher Qualit\u00e4t auf Untersuchungsliegen S &#8211; basic<\/h2>\n<p>Die Arztpraxen im Gesundheitszentrum wurden mit Untersuchungsliegen S-basic ausgestattet, die mit ihrer Funktionalit\u00e4t und ihrem sauberen Design die t\u00e4gliche Arbeit des Personals unterst\u00fctzen und vereinfachen. Die komfortabel gepolsterten Liegefl\u00e4chen und die verstellbaren Kopfteile sorgen f\u00fcr den Komfort der Patienten w\u00e4hrend der Untersuchung. Die H\u00f6he ist elektrisch verstellbar, was den Patienten das Aufsteigen auf die Liege erleichtert und wodurch vor allem das medizinische Personal ergonomisch und ohne sich zu b\u00fccken arbeiten kann.<\/p>\n<div style='text-align:center;' class='ow_post_button'><a target='_self' href='https:\/\/novak-m.com\/de\/konfigurator\/untersuchungsliege-s-elektrisch-hydraulisch\/'>KONFIGURIEREN<\/a><\/div>\n<h2>Labordiagnostik mit Blutentnahmest\u00fchlen N<\/h2>\n<p>Novak M <a href=\"https:\/\/novak-m.com\/de\/produktprasentation\/blutentnahmestuhl-n\/\"><strong>Blutentnahmest\u00fchle<\/strong> <\/a>sind auf die Bed\u00fcrfnisse von Patienten und medizinischem Personal im Labor abgestimmt. Der bequeme Sitz und die gepolsterten Armst\u00fctzen tragen wesentlich dazu bei, dass sich der Patient w\u00e4hrend der Blutabnahme sicher und entspannt f\u00fchlt. Beide Armst\u00fctzen sind in H\u00f6he und Neigung voll verstellbar, damit die Mitarbeiter eine ergonomische Position f\u00fcr ihre Aufgaben einnehmen k\u00f6nnen. Gleichzeitig gew\u00e4hrleistet der Stuhl eine schnelle Reaktion in F\u00e4llen, in denen der Patient gef\u00e4hrdet ist, da sich der Stuhl mit nur einem Druck auf den Hebel automatisch in die Trendelenburg-Position verstellt.<\/p>\n<p>&nbsp;<\/p>\n<p><img loading=\"lazy\" decoding=\"async\" class=\"alignnone size-full wp-image-68556\" src=\"https:\/\/novak-m.com\/wp-content\/uploads\/2022\/08\/blood-donor-chair.jpg\" alt=\"green blood donor chair in laboratory\" width=\"654\" height=\"466\" srcset=\"https:\/\/novak-m.com\/wp-content\/uploads\/2022\/08\/blood-donor-chair.jpg 654w, https:\/\/novak-m.com\/wp-content\/uploads\/2022\/08\/blood-donor-chair-300x214.jpg 300w, https:\/\/novak-m.com\/wp-content\/uploads\/2022\/08\/blood-donor-chair-168x120.jpg 168w, https:\/\/novak-m.com\/wp-content\/uploads\/2022\/08\/blood-donor-chair-600x428.jpg 600w\" sizes=\"auto, (max-width: 654px) 100vw, 654px\" \/><\/p>\n<h2>Vertrauen in Qualit\u00e4t<\/h2>\n<p>Wir bedanken uns beim Gesundheitszentrum Novi Sad f\u00fcr das Vertrauen in die hochwertigen Produkte aus unserer Produktion und bei unserem serbischen Partner <a href=\"https:\/\/novak-m.com\/de\/partnerschaft-ab-trade-novak-m\/\"><strong>AB Trade<\/strong><\/a>.<\/p>\n<p>Wenn Sie eine kleine Privatpraxis einrichten oder ein gro\u00dfes Projekt zur Ausstattung einer Klinik planen, k\u00f6nnen Sie die Auswahl an Untersuchungsliegen und anderen Produkten auf unserer Website anschauen und sie mit dem Online-Konfigurator an Ihre Bed\u00fcrfnisse anpassen. Z\u00f6gern Sie nicht, Kontakt zu unserem Team aufzunehmen, wenn Sie weitere Informationen ben\u00f6tigen.<\/p>\n<div style='text-align:center;' class='ow_post_button'><a target='_self' href='https:\/\/novak-m.com\/de\/kontakt\/'>KONTAKTIEREN SIE UNS<\/a><\/div>\n","protected":false},"excerpt":{"rendered":"<p>Die hochwertige medizinische Ausr\u00fcstung von Novak M im Prim\u00e4rversorgungszentrum in Novi Sad, Serbien, wird dem medizinischen Personal helfen, eine qualitativ hochwertige medizinische Grundversorgung zu gew\u00e4hrleisten. <\/p>\n","protected":false},"author":5,"featured_media":68553,"comment_status":"open","ping_status":"open","sticky":false,"template":"","format":"standard","meta":{"_acf_changed":false,"footnotes":""},"categories":[317],"tags":[],"class_list":["post-68579","post","type-post","status-publish","format-standard","has-post-thumbnail","hentry","category-case-study-novak-m-de"],"acf":[],"yoast_head":"<!-- This site is optimized with the Yoast SEO plugin v25.5 - https:\/\/yoast.com\/wordpress\/plugins\/seo\/ -->\n<title>medizinische Ausr\u00fcstung im Gesundheitszentrum Novi Sad \u2502 Novak M<\/title>\n<meta name=\"description\" content=\"Die medizinische Ausr\u00fcstung von Novak M im Prim\u00e4rversorgungszentrum in Novi Sad, Serbien, wird dem medizinischen Personal helfen.\" \/>\n<meta name=\"robots\" content=\"index, follow, max-snippet:-1, max-image-preview:large, max-video-preview:-1\" \/>\n<link rel=\"canonical\" href=\"https:\/\/novak-m.com\/de\/medizinische-ausruestungim-gesundheitszentrum-novi-sad\/\" \/>\n<meta property=\"og:locale\" content=\"de_DE\" \/>\n<meta property=\"og:type\" content=\"article\" \/>\n<meta property=\"og:title\" content=\"medizinische Ausr\u00fcstung im Gesundheitszentrum Novi Sad \u2502 Novak M\" \/>\n<meta property=\"og:description\" content=\"Die medizinische Ausr\u00fcstung von Novak M im Prim\u00e4rversorgungszentrum in Novi Sad, Serbien, wird dem medizinischen Personal helfen.\" \/>\n<meta property=\"og:url\" content=\"https:\/\/novak-m.com\/de\/medizinische-ausruestungim-gesundheitszentrum-novi-sad\/\" \/>\n<meta property=\"og:site_name\" content=\"Novak-M\" \/>\n<meta property=\"article:published_time\" content=\"2022-08-22T08:27:36+00:00\" \/>\n<meta property=\"article:modified_time\" content=\"2022-08-29T09:35:28+00:00\" \/>\n<meta property=\"og:image\" content=\"https:\/\/novak-m.com\/wp-content\/uploads\/2022\/08\/FB_novi-sad.jpg\" \/>\n\t<meta property=\"og:image:width\" content=\"1245\" \/>\n\t<meta property=\"og:image:height\" content=\"712\" \/>\n\t<meta property=\"og:image:type\" content=\"image\/jpeg\" \/>\n<meta name=\"author\" content=\"ana_cesen\" \/>\n<meta name=\"twitter:card\" content=\"summary_large_image\" \/>\n<meta name=\"twitter:label1\" content=\"Verfasst von\" \/>\n\t<meta name=\"twitter:data1\" content=\"ana_cesen\" \/>\n\t<meta name=\"twitter:label2\" content=\"Gesch\u00e4tzte Lesezeit\" \/>\n\t<meta name=\"twitter:data2\" content=\"2\u00a0Minuten\" \/>\n<script type=\"application\/ld+json\" class=\"yoast-schema-graph\">{\"@context\":\"https:\/\/schema.org\",\"@graph\":[{\"@type\":\"WebPage\",\"@id\":\"https:\/\/novak-m.com\/de\/medizinische-ausruestungim-gesundheitszentrum-novi-sad\/\",\"url\":\"https:\/\/novak-m.com\/de\/medizinische-ausruestungim-gesundheitszentrum-novi-sad\/\",\"name\":\"medizinische Ausr\u00fcstung im Gesundheitszentrum Novi Sad \u2502 Novak M\",\"isPartOf\":{\"@id\":\"https:\/\/novak-m.com\/fr\/#website\"},\"primaryImageOfPage\":{\"@id\":\"https:\/\/novak-m.com\/de\/medizinische-ausruestungim-gesundheitszentrum-novi-sad\/#primaryimage\"},\"image\":{\"@id\":\"https:\/\/novak-m.com\/de\/medizinische-ausruestungim-gesundheitszentrum-novi-sad\/#primaryimage\"},\"thumbnailUrl\":\"https:\/\/novak-m.com\/wp-content\/uploads\/2022\/08\/zd-novi-sad.jpg\",\"datePublished\":\"2022-08-22T08:27:36+00:00\",\"dateModified\":\"2022-08-29T09:35:28+00:00\",\"author\":{\"@id\":\"https:\/\/novak-m.com\/fr\/#\/schema\/person\/f484d4bdbb417bc65e1281ff35734865\"},\"description\":\"Die medizinische Ausr\u00fcstung von Novak M im Prim\u00e4rversorgungszentrum in Novi Sad, Serbien, wird dem medizinischen Personal helfen.\",\"breadcrumb\":{\"@id\":\"https:\/\/novak-m.com\/de\/medizinische-ausruestungim-gesundheitszentrum-novi-sad\/#breadcrumb\"},\"inLanguage\":\"de\",\"potentialAction\":[{\"@type\":\"ReadAction\",\"target\":[\"https:\/\/novak-m.com\/de\/medizinische-ausruestungim-gesundheitszentrum-novi-sad\/\"]}]},{\"@type\":\"ImageObject\",\"inLanguage\":\"de\",\"@id\":\"https:\/\/novak-m.com\/de\/medizinische-ausruestungim-gesundheitszentrum-novi-sad\/#primaryimage\",\"url\":\"https:\/\/novak-m.com\/wp-content\/uploads\/2022\/08\/zd-novi-sad.jpg\",\"contentUrl\":\"https:\/\/novak-m.com\/wp-content\/uploads\/2022\/08\/zd-novi-sad.jpg\",\"width\":1037,\"height\":929,\"caption\":\"Gesundheitszentrum Novi Sad\"},{\"@type\":\"BreadcrumbList\",\"@id\":\"https:\/\/novak-m.com\/de\/medizinische-ausruestungim-gesundheitszentrum-novi-sad\/#breadcrumb\",\"itemListElement\":[{\"@type\":\"ListItem\",\"position\":1,\"name\":\"Home\",\"item\":\"https:\/\/novak-m.com\/de\/home\/\"},{\"@type\":\"ListItem\",\"position\":2,\"name\":\"Erstklassige medizinische Ausr\u00fcstung aus Slowenien im Gesundheitszentrum Novi Sad\"}]},{\"@type\":\"WebSite\",\"@id\":\"https:\/\/novak-m.com\/fr\/#website\",\"url\":\"https:\/\/novak-m.com\/fr\/\",\"name\":\"Novak M\",\"description\":\"Novak M | official international webpage | novak-m.com\",\"potentialAction\":[{\"@type\":\"SearchAction\",\"target\":{\"@type\":\"EntryPoint\",\"urlTemplate\":\"https:\/\/novak-m.com\/fr\/?s={search_term_string}\"},\"query-input\":{\"@type\":\"PropertyValueSpecification\",\"valueRequired\":true,\"valueName\":\"search_term_string\"}}],\"inLanguage\":\"de\"},{\"@type\":\"Person\",\"@id\":\"https:\/\/novak-m.com\/fr\/#\/schema\/person\/f484d4bdbb417bc65e1281ff35734865\",\"name\":\"ana_cesen\",\"url\":\"https:\/\/novak-m.com\/de\/author\/ana_cesen\/\"}]}<\/script>\n<!-- \/ Yoast SEO plugin. -->","yoast_head_json":{"title":"medizinische Ausr\u00fcstung im Gesundheitszentrum Novi Sad \u2502 Novak M","description":"Die medizinische Ausr\u00fcstung von Novak M im Prim\u00e4rversorgungszentrum in Novi Sad, Serbien, wird dem medizinischen Personal helfen.","robots":{"index":"index","follow":"follow","max-snippet":"max-snippet:-1","max-image-preview":"max-image-preview:large","max-video-preview":"max-video-preview:-1"},"canonical":"https:\/\/novak-m.com\/de\/medizinische-ausruestungim-gesundheitszentrum-novi-sad\/","og_locale":"de_DE","og_type":"article","og_title":"medizinische Ausr\u00fcstung im Gesundheitszentrum Novi Sad \u2502 Novak M","og_description":"Die medizinische Ausr\u00fcstung von Novak M im Prim\u00e4rversorgungszentrum in Novi Sad, Serbien, wird dem medizinischen Personal helfen.","og_url":"https:\/\/novak-m.com\/de\/medizinische-ausruestungim-gesundheitszentrum-novi-sad\/","og_site_name":"Novak-M","article_published_time":"2022-08-22T08:27:36+00:00","article_modified_time":"2022-08-29T09:35:28+00:00","og_image":[{"width":1245,"height":712,"url":"https:\/\/novak-m.com\/wp-content\/uploads\/2022\/08\/FB_novi-sad.jpg","type":"image\/jpeg"}],"author":"ana_cesen","twitter_card":"summary_large_image","twitter_misc":{"Verfasst von":"ana_cesen","Gesch\u00e4tzte Lesezeit":"2\u00a0Minuten"},"schema":{"@context":"https:\/\/schema.org","@graph":[{"@type":"WebPage","@id":"https:\/\/novak-m.com\/de\/medizinische-ausruestungim-gesundheitszentrum-novi-sad\/","url":"https:\/\/novak-m.com\/de\/medizinische-ausruestungim-gesundheitszentrum-novi-sad\/","name":"medizinische Ausr\u00fcstung im Gesundheitszentrum Novi Sad \u2502 Novak M","isPartOf":{"@id":"https:\/\/novak-m.com\/fr\/#website"},"primaryImageOfPage":{"@id":"https:\/\/novak-m.com\/de\/medizinische-ausruestungim-gesundheitszentrum-novi-sad\/#primaryimage"},"image":{"@id":"https:\/\/novak-m.com\/de\/medizinische-ausruestungim-gesundheitszentrum-novi-sad\/#primaryimage"},"thumbnailUrl":"https:\/\/novak-m.com\/wp-content\/uploads\/2022\/08\/zd-novi-sad.jpg","datePublished":"2022-08-22T08:27:36+00:00","dateModified":"2022-08-29T09:35:28+00:00","author":{"@id":"https:\/\/novak-m.com\/fr\/#\/schema\/person\/f484d4bdbb417bc65e1281ff35734865"},"description":"Die medizinische Ausr\u00fcstung von Novak M im Prim\u00e4rversorgungszentrum in Novi Sad, Serbien, wird dem medizinischen Personal helfen.","breadcrumb":{"@id":"https:\/\/novak-m.com\/de\/medizinische-ausruestungim-gesundheitszentrum-novi-sad\/#breadcrumb"},"inLanguage":"de","potentialAction":[{"@type":"ReadAction","target":["https:\/\/novak-m.com\/de\/medizinische-ausruestungim-gesundheitszentrum-novi-sad\/"]}]},{"@type":"ImageObject","inLanguage":"de","@id":"https:\/\/novak-m.com\/de\/medizinische-ausruestungim-gesundheitszentrum-novi-sad\/#primaryimage","url":"https:\/\/novak-m.com\/wp-content\/uploads\/2022\/08\/zd-novi-sad.jpg","contentUrl":"https:\/\/novak-m.com\/wp-content\/uploads\/2022\/08\/zd-novi-sad.jpg","width":1037,"height":929,"caption":"Gesundheitszentrum Novi Sad"},{"@type":"BreadcrumbList","@id":"https:\/\/novak-m.com\/de\/medizinische-ausruestungim-gesundheitszentrum-novi-sad\/#breadcrumb","itemListElement":[{"@type":"ListItem","position":1,"name":"Home","item":"https:\/\/novak-m.com\/de\/home\/"},{"@type":"ListItem","position":2,"name":"Erstklassige medizinische Ausr\u00fcstung aus Slowenien im Gesundheitszentrum Novi Sad"}]},{"@type":"WebSite","@id":"https:\/\/novak-m.com\/fr\/#website","url":"https:\/\/novak-m.com\/fr\/","name":"Novak M","description":"Novak M | official international webpage | novak-m.com","potentialAction":[{"@type":"SearchAction","target":{"@type":"EntryPoint","urlTemplate":"https:\/\/novak-m.com\/fr\/?s={search_term_string}"},"query-input":{"@type":"PropertyValueSpecification","valueRequired":true,"valueName":"search_term_string"}}],"inLanguage":"de"},{"@type":"Person","@id":"https:\/\/novak-m.com\/fr\/#\/schema\/person\/f484d4bdbb417bc65e1281ff35734865","name":"ana_cesen","url":"https:\/\/novak-m.com\/de\/author\/ana_cesen\/"}]}},"_links":{"self":[{"href":"https:\/\/novak-m.com\/de\/wp-json\/wp\/v2\/posts\/68579","targetHints":{"allow":["GET"]}}],"collection":[{"href":"https:\/\/novak-m.com\/de\/wp-json\/wp\/v2\/posts"}],"about":[{"href":"https:\/\/novak-m.com\/de\/wp-json\/wp\/v2\/types\/post"}],"author":[{"embeddable":true,"href":"https:\/\/novak-m.com\/de\/wp-json\/wp\/v2\/users\/5"}],"replies":[{"embeddable":true,"href":"https:\/\/novak-m.com\/de\/wp-json\/wp\/v2\/comments?post=68579"}],"version-history":[{"count":0,"href":"https:\/\/novak-m.com\/de\/wp-json\/wp\/v2\/posts\/68579\/revisions"}],"wp:featuredmedia":[{"embeddable":true,"href":"https:\/\/novak-m.com\/de\/wp-json\/wp\/v2\/media\/68553"}],"wp:attachment":[{"href":"https:\/\/novak-m.com\/de\/wp-json\/wp\/v2\/media?parent=68579"}],"wp:term":[{"taxonomy":"category","embeddable":true,"href":"https:\/\/novak-m.com\/de\/wp-json\/wp\/v2\/categories?post=68579"},{"taxonomy":"post_tag","embeddable":true,"href":"https:\/\/novak-m.com\/de\/wp-json\/wp\/v2\/tags?post=68579"}],"curies":[{"name":"wp","href":"https:\/\/api.w.org\/{rel}","templated":true}]}}