{"id":67178,"date":"2022-06-23T08:45:08","date_gmt":"2022-06-23T06:45:08","guid":{"rendered":"https:\/\/www.novak-m.com\/?p=67178"},"modified":"2022-09-15T13:35:07","modified_gmt":"2022-09-15T11:35:07","slug":"preisverleihung-des-red-dot-awards","status":"publish","type":"post","link":"https:\/\/novak-m.com\/de\/preisverleihung-des-red-dot-awards\/","title":{"rendered":"Preisverleihung des Red Dot Awards"},"content":{"rendered":"<h2>Das Novak M Team bei der Red Dot Gala<\/h2>\n<p>Die Veranstaltung, bei der die Designer und Hersteller ausgezeichnet wurden, die den <a href=\"https:\/\/www.red-dot.org\/project\/stretcher-x2-58436\"><strong>Red Dot 2022<\/strong> <\/a>erhalten haben, fand in diesem Jahr wieder statt, nachdem die Feierlichkeiten aufgrund der Covid-19-Pandemie zwei Jahre lang nur online durchgef\u00fchrt werden konnten. Das Team von Novak M schloss sich den zahlreichen Vertretern der Red Dot-Preistr\u00e4ger aus der ganzen Welt an, um ihren Erfolg auf der Red Dot Gala zu feiern, auf der die Preistr\u00e4ger der h\u00f6chsten Auszeichnung des Wettbewerbs, \u201eRed Dot: Best of the Best Award\u201c, geehrt wurden. Eine spektakul\u00e4re Zeremonie wurde von Professor Dr. Peter Zec, dem Gr\u00fcnder und CEO des Red Dot Award, moderiert.<\/p>\n<p>Die zweite H\u00e4lfte des Abends fand im Red Dot Museum statt, einer ehemaligen Zeche in der N\u00e4he von Essen. Nach der Designers&#8216; Night schlenderte unser Team durch die Ausstellung der aktuellen Gewinnerprodukte und genoss die glamour\u00f6se After-Show-Party.<\/p>\n<h2>Patiententransporter Stretcher X2 \u2013 unser 4. Red Dot<\/h2>\n<p>\u201e<em>Es war faszinierend, unseren Patiententransporter Stretcher X2 neben anderen ausgezeichneten Objekten in der Ausstellung im Red Dot Museum zu sehen<\/em>\u201c, berichten die Mitglieder unseres Teams. Wir sind stolz und f\u00fchlen uns geehrt, dass der Patiententransporter Stretcher X2 die fachkundige Jury \u00fcberzeugt hat, die dieses begehrte G\u00fctesiegel nur an Projekte vergibt, die sich durch ihr hervorragendes Design deutlich von vergleichbaren Projekten abheben. &#8222;<em>Die ausgezeichneten Sicherheits- und Komfortmerkmale des Patiententransporters Stretcher X2 bieten ein hohes Ma\u00df an Benutzerfreundlichkeit und Ergonomie.<\/em>&#8220; ist die Erkl\u00e4rung der Jury.<\/p>\n<div style=\"width: 1500px;\" class=\"wp-video\"><!--[if lt IE 9]><script>document.createElement('video');<\/script><![endif]-->\n<video class=\"wp-video-shortcode\" id=\"video-67178-1\" width=\"1500\" height=\"844\" preload=\"metadata\" controls=\"controls\"><source type=\"video\/mp4\" src=\"https:\/\/novak-m.com\/wp-content\/uploads\/2022\/01\/Stretcher_X2_Short-EN.mp4?_=1\" \/><a href=\"https:\/\/novak-m.com\/wp-content\/uploads\/2022\/01\/Stretcher_X2_Short-EN.mp4\">https:\/\/novak-m.com\/wp-content\/uploads\/2022\/01\/Stretcher_X2_Short-EN.mp4<\/a><\/video><\/div>\n<h2>Weiter so!<\/h2>\n<p>\u201eWer sich in einem so starken und internationalen Wettbewerb durchsetzt, hat es verdient, stolz auf sich und seine Leistungen zu sein\u201c, sagt Professor Dr. Peter Zec. Dieser Red Dot Award ist der vierte f\u00fcr Novak M. Er bedeutet einfach, dass wir gut sind in dem, was wir tun. Nochmals vielen Dank an unser F&amp;E-Team und an <a href=\"https:\/\/www.wilsonicdesign.com\/\"><strong>Wilsonic design<\/strong><\/a>, mit denen wir bei allen vier ausgezeichneten Projekten zusammengearbeitet haben.<\/p>\n<div style='text-align:center;' class='ow_post_button'><a target='_self' href='https:\/\/novak-m.com\/de\/kontakt\/'>KONTAKTIEREN SIE UNS<\/a><\/div>\n","protected":false},"excerpt":{"rendered":"<p>In Glitzer und Glamour mit rotem Teppich, eleganten Kleidern, designbegeisterten G\u00e4sten und einer fantastisch feierlichen Atmosph\u00e4re fand die Preisverleihung des Red Dot Awards am 20. Juni 2022 im wundersch\u00f6nen Aalto-Theater in Essen statt. <\/p>\n","protected":false},"author":5,"featured_media":67516,"comment_status":"open","ping_status":"open","sticky":false,"template":"","format":"standard","meta":{"_acf_changed":false,"footnotes":""},"categories":[311],"tags":[],"class_list":["post-67178","post","type-post","status-publish","format-standard","has-post-thumbnail","hentry","category-neuigkeiten"],"acf":[],"yoast_head":"<!-- This site is optimized with the Yoast SEO plugin v25.5 - https:\/\/yoast.com\/wordpress\/plugins\/seo\/ -->\n<title>Das Novak M Team bei der Red Dot Gala 2022 \u2502 Novak M<\/title>\n<meta name=\"description\" content=\"Das Team von Novak M schloss sich den zahlreichen Vertretern der Red Dot-Preistr\u00e4ger aus der ganzen Welt an.\" \/>\n<meta name=\"robots\" content=\"index, follow, max-snippet:-1, max-image-preview:large, max-video-preview:-1\" \/>\n<link rel=\"canonical\" href=\"https:\/\/novak-m.com\/de\/preisverleihung-des-red-dot-awards\/\" \/>\n<meta property=\"og:locale\" content=\"de_DE\" \/>\n<meta property=\"og:type\" content=\"article\" \/>\n<meta property=\"og:title\" content=\"Das Novak M Team bei der Red Dot Gala 2022 \u2502 Novak M\" \/>\n<meta property=\"og:description\" content=\"Das Team von Novak M schloss sich den zahlreichen Vertretern der Red Dot-Preistr\u00e4ger aus der ganzen Welt an.\" \/>\n<meta property=\"og:url\" content=\"https:\/\/novak-m.com\/de\/preisverleihung-des-red-dot-awards\/\" \/>\n<meta property=\"og:site_name\" content=\"Novak-M\" \/>\n<meta property=\"article:published_time\" content=\"2022-06-23T06:45:08+00:00\" \/>\n<meta property=\"article:modified_time\" content=\"2022-09-15T11:35:07+00:00\" \/>\n<meta property=\"og:image\" content=\"https:\/\/novak-m.com\/wp-content\/uploads\/2022\/06\/Red-Dot-award-celebration-2022.png\" \/>\n\t<meta property=\"og:image:width\" content=\"1037\" \/>\n\t<meta property=\"og:image:height\" content=\"929\" \/>\n\t<meta property=\"og:image:type\" content=\"image\/png\" \/>\n<meta name=\"author\" content=\"ana_cesen\" \/>\n<meta name=\"twitter:card\" content=\"summary_large_image\" \/>\n<meta name=\"twitter:label1\" content=\"Verfasst von\" \/>\n\t<meta name=\"twitter:data1\" content=\"ana_cesen\" \/>\n\t<meta name=\"twitter:label2\" content=\"Gesch\u00e4tzte Lesezeit\" \/>\n\t<meta name=\"twitter:data2\" content=\"2\u00a0Minuten\" \/>\n<script type=\"application\/ld+json\" class=\"yoast-schema-graph\">{\"@context\":\"https:\/\/schema.org\",\"@graph\":[{\"@type\":\"WebPage\",\"@id\":\"https:\/\/novak-m.com\/de\/preisverleihung-des-red-dot-awards\/\",\"url\":\"https:\/\/novak-m.com\/de\/preisverleihung-des-red-dot-awards\/\",\"name\":\"Das Novak M Team bei der Red Dot Gala 2022 \u2502 Novak M\",\"isPartOf\":{\"@id\":\"https:\/\/novak-m.com\/fr\/#website\"},\"primaryImageOfPage\":{\"@id\":\"https:\/\/novak-m.com\/de\/preisverleihung-des-red-dot-awards\/#primaryimage\"},\"image\":{\"@id\":\"https:\/\/novak-m.com\/de\/preisverleihung-des-red-dot-awards\/#primaryimage\"},\"thumbnailUrl\":\"https:\/\/novak-m.com\/wp-content\/uploads\/2022\/06\/Red-Dot-award-celebration-2022.png\",\"datePublished\":\"2022-06-23T06:45:08+00:00\",\"dateModified\":\"2022-09-15T11:35:07+00:00\",\"author\":{\"@id\":\"https:\/\/novak-m.com\/fr\/#\/schema\/person\/f484d4bdbb417bc65e1281ff35734865\"},\"description\":\"Das Team von Novak M schloss sich den zahlreichen Vertretern der Red Dot-Preistr\u00e4ger aus der ganzen Welt an.\",\"breadcrumb\":{\"@id\":\"https:\/\/novak-m.com\/de\/preisverleihung-des-red-dot-awards\/#breadcrumb\"},\"inLanguage\":\"de\",\"potentialAction\":[{\"@type\":\"ReadAction\",\"target\":[\"https:\/\/novak-m.com\/de\/preisverleihung-des-red-dot-awards\/\"]}]},{\"@type\":\"ImageObject\",\"inLanguage\":\"de\",\"@id\":\"https:\/\/novak-m.com\/de\/preisverleihung-des-red-dot-awards\/#primaryimage\",\"url\":\"https:\/\/novak-m.com\/wp-content\/uploads\/2022\/06\/Red-Dot-award-celebration-2022.png\",\"contentUrl\":\"https:\/\/novak-m.com\/wp-content\/uploads\/2022\/06\/Red-Dot-award-celebration-2022.png\",\"width\":1037,\"height\":929,\"caption\":\"Red-Dot-Preisverleihung 2022\"},{\"@type\":\"BreadcrumbList\",\"@id\":\"https:\/\/novak-m.com\/de\/preisverleihung-des-red-dot-awards\/#breadcrumb\",\"itemListElement\":[{\"@type\":\"ListItem\",\"position\":1,\"name\":\"Home\",\"item\":\"https:\/\/novak-m.com\/de\/home\/\"},{\"@type\":\"ListItem\",\"position\":2,\"name\":\"Preisverleihung des Red Dot Awards\"}]},{\"@type\":\"WebSite\",\"@id\":\"https:\/\/novak-m.com\/fr\/#website\",\"url\":\"https:\/\/novak-m.com\/fr\/\",\"name\":\"Novak M\",\"description\":\"Novak M | official international webpage | novak-m.com\",\"potentialAction\":[{\"@type\":\"SearchAction\",\"target\":{\"@type\":\"EntryPoint\",\"urlTemplate\":\"https:\/\/novak-m.com\/fr\/?s={search_term_string}\"},\"query-input\":{\"@type\":\"PropertyValueSpecification\",\"valueRequired\":true,\"valueName\":\"search_term_string\"}}],\"inLanguage\":\"de\"},{\"@type\":\"Person\",\"@id\":\"https:\/\/novak-m.com\/fr\/#\/schema\/person\/f484d4bdbb417bc65e1281ff35734865\",\"name\":\"ana_cesen\",\"url\":\"https:\/\/novak-m.com\/de\/author\/ana_cesen\/\"}]}<\/script>\n<!-- \/ Yoast SEO plugin. -->","yoast_head_json":{"title":"Das Novak M Team bei der Red Dot Gala 2022 \u2502 Novak M","description":"Das Team von Novak M schloss sich den zahlreichen Vertretern der Red Dot-Preistr\u00e4ger aus der ganzen Welt an.","robots":{"index":"index","follow":"follow","max-snippet":"max-snippet:-1","max-image-preview":"max-image-preview:large","max-video-preview":"max-video-preview:-1"},"canonical":"https:\/\/novak-m.com\/de\/preisverleihung-des-red-dot-awards\/","og_locale":"de_DE","og_type":"article","og_title":"Das Novak M Team bei der Red Dot Gala 2022 \u2502 Novak M","og_description":"Das Team von Novak M schloss sich den zahlreichen Vertretern der Red Dot-Preistr\u00e4ger aus der ganzen Welt an.","og_url":"https:\/\/novak-m.com\/de\/preisverleihung-des-red-dot-awards\/","og_site_name":"Novak-M","article_published_time":"2022-06-23T06:45:08+00:00","article_modified_time":"2022-09-15T11:35:07+00:00","og_image":[{"width":1037,"height":929,"url":"https:\/\/novak-m.com\/wp-content\/uploads\/2022\/06\/Red-Dot-award-celebration-2022.png","type":"image\/png"}],"author":"ana_cesen","twitter_card":"summary_large_image","twitter_misc":{"Verfasst von":"ana_cesen","Gesch\u00e4tzte Lesezeit":"2\u00a0Minuten"},"schema":{"@context":"https:\/\/schema.org","@graph":[{"@type":"WebPage","@id":"https:\/\/novak-m.com\/de\/preisverleihung-des-red-dot-awards\/","url":"https:\/\/novak-m.com\/de\/preisverleihung-des-red-dot-awards\/","name":"Das Novak M Team bei der Red Dot Gala 2022 \u2502 Novak M","isPartOf":{"@id":"https:\/\/novak-m.com\/fr\/#website"},"primaryImageOfPage":{"@id":"https:\/\/novak-m.com\/de\/preisverleihung-des-red-dot-awards\/#primaryimage"},"image":{"@id":"https:\/\/novak-m.com\/de\/preisverleihung-des-red-dot-awards\/#primaryimage"},"thumbnailUrl":"https:\/\/novak-m.com\/wp-content\/uploads\/2022\/06\/Red-Dot-award-celebration-2022.png","datePublished":"2022-06-23T06:45:08+00:00","dateModified":"2022-09-15T11:35:07+00:00","author":{"@id":"https:\/\/novak-m.com\/fr\/#\/schema\/person\/f484d4bdbb417bc65e1281ff35734865"},"description":"Das Team von Novak M schloss sich den zahlreichen Vertretern der Red Dot-Preistr\u00e4ger aus der ganzen Welt an.","breadcrumb":{"@id":"https:\/\/novak-m.com\/de\/preisverleihung-des-red-dot-awards\/#breadcrumb"},"inLanguage":"de","potentialAction":[{"@type":"ReadAction","target":["https:\/\/novak-m.com\/de\/preisverleihung-des-red-dot-awards\/"]}]},{"@type":"ImageObject","inLanguage":"de","@id":"https:\/\/novak-m.com\/de\/preisverleihung-des-red-dot-awards\/#primaryimage","url":"https:\/\/novak-m.com\/wp-content\/uploads\/2022\/06\/Red-Dot-award-celebration-2022.png","contentUrl":"https:\/\/novak-m.com\/wp-content\/uploads\/2022\/06\/Red-Dot-award-celebration-2022.png","width":1037,"height":929,"caption":"Red-Dot-Preisverleihung 2022"},{"@type":"BreadcrumbList","@id":"https:\/\/novak-m.com\/de\/preisverleihung-des-red-dot-awards\/#breadcrumb","itemListElement":[{"@type":"ListItem","position":1,"name":"Home","item":"https:\/\/novak-m.com\/de\/home\/"},{"@type":"ListItem","position":2,"name":"Preisverleihung des Red Dot Awards"}]},{"@type":"WebSite","@id":"https:\/\/novak-m.com\/fr\/#website","url":"https:\/\/novak-m.com\/fr\/","name":"Novak M","description":"Novak M | official international webpage | novak-m.com","potentialAction":[{"@type":"SearchAction","target":{"@type":"EntryPoint","urlTemplate":"https:\/\/novak-m.com\/fr\/?s={search_term_string}"},"query-input":{"@type":"PropertyValueSpecification","valueRequired":true,"valueName":"search_term_string"}}],"inLanguage":"de"},{"@type":"Person","@id":"https:\/\/novak-m.com\/fr\/#\/schema\/person\/f484d4bdbb417bc65e1281ff35734865","name":"ana_cesen","url":"https:\/\/novak-m.com\/de\/author\/ana_cesen\/"}]}},"_links":{"self":[{"href":"https:\/\/novak-m.com\/de\/wp-json\/wp\/v2\/posts\/67178","targetHints":{"allow":["GET"]}}],"collection":[{"href":"https:\/\/novak-m.com\/de\/wp-json\/wp\/v2\/posts"}],"about":[{"href":"https:\/\/novak-m.com\/de\/wp-json\/wp\/v2\/types\/post"}],"author":[{"embeddable":true,"href":"https:\/\/novak-m.com\/de\/wp-json\/wp\/v2\/users\/5"}],"replies":[{"embeddable":true,"href":"https:\/\/novak-m.com\/de\/wp-json\/wp\/v2\/comments?post=67178"}],"version-history":[{"count":0,"href":"https:\/\/novak-m.com\/de\/wp-json\/wp\/v2\/posts\/67178\/revisions"}],"wp:featuredmedia":[{"embeddable":true,"href":"https:\/\/novak-m.com\/de\/wp-json\/wp\/v2\/media\/67516"}],"wp:attachment":[{"href":"https:\/\/novak-m.com\/de\/wp-json\/wp\/v2\/media?parent=67178"}],"wp:term":[{"taxonomy":"category","embeddable":true,"href":"https:\/\/novak-m.com\/de\/wp-json\/wp\/v2\/categories?post=67178"},{"taxonomy":"post_tag","embeddable":true,"href":"https:\/\/novak-m.com\/de\/wp-json\/wp\/v2\/tags?post=67178"}],"curies":[{"name":"wp","href":"https:\/\/api.w.org\/{rel}","templated":true}]}}