{"id":61523,"date":"2022-01-31T10:53:07","date_gmt":"2022-01-31T09:53:07","guid":{"rendered":"https:\/\/www.novak-m.com\/?p=61523"},"modified":"2022-02-14T11:11:01","modified_gmt":"2022-02-14T10:11:01","slug":"weltkrebstag-2022","status":"publish","type":"post","link":"https:\/\/novak-m.com\/de\/weltkrebstag-2022\/","title":{"rendered":"Weltkrebstag 2022"},"content":{"rendered":"<h2>Krebs &#8211; eine lebensver\u00e4ndernde Erfahrung<\/h2>\n<p>Mit fast 10 Millionen krebsbedingten Todesf\u00e4llen im Jahr 2020 weltweit ist Krebs eine der h\u00e4ufigsten Todesursachen, wie eine Untersuchung der Internationalen Agentur f\u00fcr Krebsforschung* zeigt. Mit fast 20 Millionen Neuerkrankungen im Jahr 2020 gehen die Auswirkungen von Krebs weit \u00fcber die k\u00f6rperliche Gesundheit hinaus und beeintr\u00e4chtigen die emotionale und geistige Gesundheit der Patienten sowie ihrer Familien und Betreuer.<\/p>\n<h2>\u201eVersorgungsl\u00fccken schlie\u00dfen\u201c<\/h2>\n<p>In diesem Jahr findet zum ersten Mal die neue Kampagne zum <strong>Weltkrebstag <\/strong>2022-2024 unter dem Motto &#8222;Versorgungsl\u00fccken schlie\u00dfen&#8220; statt. Es geht darum, die weltweiten Ungleichheiten hinsichtlich des Zugangs zu Krebsbehandlungen zu erkennen und zu verstehen. Alle Menschen rund um den Globus, unabh\u00e4ngig davon, wo sie geboren wurden, aufwachsen, alt werden, arbeiten oder leben, haben ein Recht auf Zugang zu Informationen \u00fcber Krebs und zu Dienstleistungen in den Bereichen Pr\u00e4vention, Diagnose, Behandlung und Unterst\u00fctzung.<\/p>\n<h3>Zuh\u00f6ren\u2026<\/h3>\n<p>Die Union for International Cancer Control (UICC), die die globale Initiative leitet, fordert uns auf, der aktuellen Situation Rechnung zu tragen und dazu beizutragen, die Stigmatisierung von Krebspatienten zu verringern. Sie sollten die M\u00f6glichkeit haben, \u00fcber ihre Perspektiven zu sprechen, und die Erfahrungen aus erster Hand sollten zur Richtschnur f\u00fcr unser Handeln werden.<\/p>\n<h3>&#8230; und etwas dagegen tun<\/h3>\n<p>Viele von uns glauben, dass wir keine Entscheidungstr\u00e4ger sind, dass wir nichts \u00e4ndern k\u00f6nnen, aber jeder Einzelne von uns kann in dem Umfeld, in dem wir leben und arbeiten, etwas tun. Als Einzelpersonen k\u00f6nnen wir den ersten Schritt tun, indem wir schlechte Gewohnheiten vermeiden, einen gesunden Lebensstil f\u00f6rdern, nicht nur in Bezug auf k\u00f6rperliche Aktivit\u00e4t, sondern auch durch den Aufbau gesunder und starker Beziehungen, oder indem wir einem kranken Freund in schweren Momenten mit Rat und Tat zur Seite stehen.<\/p>\n<p>Bei Novak M stehen wir in engem Kontakt mit dem Krankenhauspersonal, damit unsere Produkte den Bed\u00fcrfnissen der Patienten gerecht werden. Die Therapiest\u00fchle ZeroG wurden entwickelt, um Patienten bei langen Infusionsbehandlungen, wie z. B. einer Chemotherapie, perfekten Komfort und Sicherheit zu bieten. Zwei unserer j\u00fcngsten Fallstudien aus dem <strong><a href=\"https:\/\/novak-m.com\/de\/der-komfort-der-zerog-therapiestuehle-auch-im-ukc-ljubljana\/\">Universit\u00e4tsklinikum Ljubljana<\/a> <\/strong>und der <a href=\"https:\/\/novak-m.com\/de\/therapy-chairs-a\u2026enerale-beaulieu\/\"><strong>Clinique G\u00e9n\u00e9rale Beaulieu<\/strong><\/a> in der Schweiz zeigen, wie wichtig es ist, den Patienten Komfort und Sicherheit w\u00e4hrend ihrer Behandlung zu bieten.<\/p>\n<div style='text-align:center;' class='ow_post_button'><a target='_self' href='https:\/\/youtu.be\/coFcpIf0rr4'>THERAPIESTUHL ZEROG<\/a><\/div>\n<h2>Besonderer Dank und Unterst\u00fctzung<\/h2>\n<p>Am Weltkrebstag 2022 m\u00f6chten wir denjenigen, die derzeit mit einer Krebserkrankung zu k\u00e4mpfen haben, unsere Unterst\u00fctzung zusichern und denjenigen danken, die ihnen zur Seite stehen. Sorgen wir f\u00fcr kleine oder gro\u00dfe Ver\u00e4nderungen, um Krebs zu verhindern und Versorgungsl\u00fccken zu schlie\u00dfen!<\/p>\n<div style='text-align:center;' class='ow_post_button'><a target='_self' href='https:\/\/novak-m.com\/de\/kontakt\/'>KONTAKTIEREN SIE UNS<\/a><\/div>\n<p>*Ferlay J, Ervik M, Lam F, Colombet M, Mery L, Pi\u00f1eros M, et al. Global Cancer Observatory: Cancer Today. Lyon: International Agency for Research on Cancer; 2020 (<a href=\"https:\/\/gco.iarc.fr\/today\">https:\/\/gco.iarc.fr\/today<\/a>, accessed January 2022)<\/p>\n","protected":false},"excerpt":{"rendered":"<p>Seit dem Jahr 2000 wird der Weltkrebstag jedes Jahr am 4. Februar begangen. Er ist eine globale Initiative, um einer unserer gr\u00f6\u00dften Herausforderungen zu begegnen. Trotz der Tatsache, dass sich die Welt mitten in der Pandemie von Covid-19 befindet, darf Krebs nicht vergessen werden.<\/p>\n","protected":false},"author":5,"featured_media":61510,"comment_status":"open","ping_status":"open","sticky":false,"template":"","format":"standard","meta":{"_acf_changed":false,"footnotes":""},"categories":[311],"tags":[],"class_list":["post-61523","post","type-post","status-publish","format-standard","has-post-thumbnail","hentry","category-neuigkeiten"],"acf":[],"yoast_head":"<!-- This site is optimized with the Yoast SEO plugin v25.5 - https:\/\/yoast.com\/wordpress\/plugins\/seo\/ -->\n<title>Weltkrebstag, jedes Jahr am 4. Februar \u2502 Novak M<\/title>\n<meta name=\"description\" content=\"Weltkrebstag ist eine globale Initiative, um einer unserer gr\u00f6\u00dften Herausforderungen zu begegnen. Lesen Sie mehr\" \/>\n<meta name=\"robots\" content=\"index, follow, max-snippet:-1, max-image-preview:large, max-video-preview:-1\" \/>\n<link rel=\"canonical\" href=\"https:\/\/novak-m.com\/de\/weltkrebstag-2022\/\" \/>\n<meta property=\"og:locale\" content=\"de_DE\" \/>\n<meta property=\"og:type\" content=\"article\" \/>\n<meta property=\"og:title\" content=\"Weltkrebstag 2022 \u2502 Novak M\" \/>\n<meta property=\"og:description\" content=\"Weltkrebstag ist eine globale Initiative, um einer unserer gr\u00f6\u00dften Herausforderungen zu begegnen. Lesen Sie mehr\" \/>\n<meta property=\"og:url\" content=\"https:\/\/novak-m.com\/de\/weltkrebstag-2022\/\" \/>\n<meta property=\"og:site_name\" content=\"Novak-M\" \/>\n<meta property=\"article:published_time\" content=\"2022-01-31T09:53:07+00:00\" \/>\n<meta property=\"article:modified_time\" content=\"2022-02-14T10:11:01+00:00\" \/>\n<meta property=\"og:image\" content=\"https:\/\/novak-m.com\/wp-content\/uploads\/2022\/01\/doctor-holding-patients-hand-1.jpg\" \/>\n\t<meta property=\"og:image:width\" content=\"1037\" \/>\n\t<meta property=\"og:image:height\" content=\"929\" \/>\n\t<meta property=\"og:image:type\" content=\"image\/jpeg\" \/>\n<meta name=\"author\" content=\"ana_cesen\" \/>\n<meta name=\"twitter:card\" content=\"summary_large_image\" \/>\n<meta name=\"twitter:label1\" content=\"Verfasst von\" \/>\n\t<meta name=\"twitter:data1\" content=\"ana_cesen\" \/>\n\t<meta name=\"twitter:label2\" content=\"Gesch\u00e4tzte Lesezeit\" \/>\n\t<meta name=\"twitter:data2\" content=\"2\u00a0Minuten\" \/>\n<script type=\"application\/ld+json\" class=\"yoast-schema-graph\">{\"@context\":\"https:\/\/schema.org\",\"@graph\":[{\"@type\":\"WebPage\",\"@id\":\"https:\/\/novak-m.com\/de\/weltkrebstag-2022\/\",\"url\":\"https:\/\/novak-m.com\/de\/weltkrebstag-2022\/\",\"name\":\"Weltkrebstag, jedes Jahr am 4. Februar \u2502 Novak M\",\"isPartOf\":{\"@id\":\"https:\/\/novak-m.com\/fr\/#website\"},\"primaryImageOfPage\":{\"@id\":\"https:\/\/novak-m.com\/de\/weltkrebstag-2022\/#primaryimage\"},\"image\":{\"@id\":\"https:\/\/novak-m.com\/de\/weltkrebstag-2022\/#primaryimage\"},\"thumbnailUrl\":\"https:\/\/novak-m.com\/wp-content\/uploads\/2022\/01\/doctor-holding-patients-hand.jpg\",\"datePublished\":\"2022-01-31T09:53:07+00:00\",\"dateModified\":\"2022-02-14T10:11:01+00:00\",\"author\":{\"@id\":\"https:\/\/novak-m.com\/fr\/#\/schema\/person\/f484d4bdbb417bc65e1281ff35734865\"},\"description\":\"Weltkrebstag ist eine globale Initiative, um einer unserer gr\u00f6\u00dften Herausforderungen zu begegnen. Lesen Sie mehr\",\"breadcrumb\":{\"@id\":\"https:\/\/novak-m.com\/de\/weltkrebstag-2022\/#breadcrumb\"},\"inLanguage\":\"de\",\"potentialAction\":[{\"@type\":\"ReadAction\",\"target\":[\"https:\/\/novak-m.com\/de\/weltkrebstag-2022\/\"]}]},{\"@type\":\"ImageObject\",\"inLanguage\":\"de\",\"@id\":\"https:\/\/novak-m.com\/de\/weltkrebstag-2022\/#primaryimage\",\"url\":\"https:\/\/novak-m.com\/wp-content\/uploads\/2022\/01\/doctor-holding-patients-hand.jpg\",\"contentUrl\":\"https:\/\/novak-m.com\/wp-content\/uploads\/2022\/01\/doctor-holding-patients-hand.jpg\",\"width\":1037,\"height\":929,\"caption\":\"Arzt h\u00e4lt die Hand eines Patienten\"},{\"@type\":\"BreadcrumbList\",\"@id\":\"https:\/\/novak-m.com\/de\/weltkrebstag-2022\/#breadcrumb\",\"itemListElement\":[{\"@type\":\"ListItem\",\"position\":1,\"name\":\"Home\",\"item\":\"https:\/\/novak-m.com\/de\/home\/\"},{\"@type\":\"ListItem\",\"position\":2,\"name\":\"Weltkrebstag 2022\"}]},{\"@type\":\"WebSite\",\"@id\":\"https:\/\/novak-m.com\/fr\/#website\",\"url\":\"https:\/\/novak-m.com\/fr\/\",\"name\":\"Novak M\",\"description\":\"Novak M | official international webpage | novak-m.com\",\"potentialAction\":[{\"@type\":\"SearchAction\",\"target\":{\"@type\":\"EntryPoint\",\"urlTemplate\":\"https:\/\/novak-m.com\/fr\/?s={search_term_string}\"},\"query-input\":{\"@type\":\"PropertyValueSpecification\",\"valueRequired\":true,\"valueName\":\"search_term_string\"}}],\"inLanguage\":\"de\"},{\"@type\":\"Person\",\"@id\":\"https:\/\/novak-m.com\/fr\/#\/schema\/person\/f484d4bdbb417bc65e1281ff35734865\",\"name\":\"ana_cesen\",\"url\":\"https:\/\/novak-m.com\/de\/author\/ana_cesen\/\"}]}<\/script>\n<!-- \/ Yoast SEO plugin. -->","yoast_head_json":{"title":"Weltkrebstag, jedes Jahr am 4. Februar \u2502 Novak M","description":"Weltkrebstag ist eine globale Initiative, um einer unserer gr\u00f6\u00dften Herausforderungen zu begegnen. Lesen Sie mehr","robots":{"index":"index","follow":"follow","max-snippet":"max-snippet:-1","max-image-preview":"max-image-preview:large","max-video-preview":"max-video-preview:-1"},"canonical":"https:\/\/novak-m.com\/de\/weltkrebstag-2022\/","og_locale":"de_DE","og_type":"article","og_title":"Weltkrebstag 2022 \u2502 Novak M","og_description":"Weltkrebstag ist eine globale Initiative, um einer unserer gr\u00f6\u00dften Herausforderungen zu begegnen. Lesen Sie mehr","og_url":"https:\/\/novak-m.com\/de\/weltkrebstag-2022\/","og_site_name":"Novak-M","article_published_time":"2022-01-31T09:53:07+00:00","article_modified_time":"2022-02-14T10:11:01+00:00","og_image":[{"width":1037,"height":929,"url":"https:\/\/novak-m.com\/wp-content\/uploads\/2022\/01\/doctor-holding-patients-hand-1.jpg","type":"image\/jpeg"}],"author":"ana_cesen","twitter_card":"summary_large_image","twitter_misc":{"Verfasst von":"ana_cesen","Gesch\u00e4tzte Lesezeit":"2\u00a0Minuten"},"schema":{"@context":"https:\/\/schema.org","@graph":[{"@type":"WebPage","@id":"https:\/\/novak-m.com\/de\/weltkrebstag-2022\/","url":"https:\/\/novak-m.com\/de\/weltkrebstag-2022\/","name":"Weltkrebstag, jedes Jahr am 4. Februar \u2502 Novak M","isPartOf":{"@id":"https:\/\/novak-m.com\/fr\/#website"},"primaryImageOfPage":{"@id":"https:\/\/novak-m.com\/de\/weltkrebstag-2022\/#primaryimage"},"image":{"@id":"https:\/\/novak-m.com\/de\/weltkrebstag-2022\/#primaryimage"},"thumbnailUrl":"https:\/\/novak-m.com\/wp-content\/uploads\/2022\/01\/doctor-holding-patients-hand.jpg","datePublished":"2022-01-31T09:53:07+00:00","dateModified":"2022-02-14T10:11:01+00:00","author":{"@id":"https:\/\/novak-m.com\/fr\/#\/schema\/person\/f484d4bdbb417bc65e1281ff35734865"},"description":"Weltkrebstag ist eine globale Initiative, um einer unserer gr\u00f6\u00dften Herausforderungen zu begegnen. Lesen Sie mehr","breadcrumb":{"@id":"https:\/\/novak-m.com\/de\/weltkrebstag-2022\/#breadcrumb"},"inLanguage":"de","potentialAction":[{"@type":"ReadAction","target":["https:\/\/novak-m.com\/de\/weltkrebstag-2022\/"]}]},{"@type":"ImageObject","inLanguage":"de","@id":"https:\/\/novak-m.com\/de\/weltkrebstag-2022\/#primaryimage","url":"https:\/\/novak-m.com\/wp-content\/uploads\/2022\/01\/doctor-holding-patients-hand.jpg","contentUrl":"https:\/\/novak-m.com\/wp-content\/uploads\/2022\/01\/doctor-holding-patients-hand.jpg","width":1037,"height":929,"caption":"Arzt h\u00e4lt die Hand eines Patienten"},{"@type":"BreadcrumbList","@id":"https:\/\/novak-m.com\/de\/weltkrebstag-2022\/#breadcrumb","itemListElement":[{"@type":"ListItem","position":1,"name":"Home","item":"https:\/\/novak-m.com\/de\/home\/"},{"@type":"ListItem","position":2,"name":"Weltkrebstag 2022"}]},{"@type":"WebSite","@id":"https:\/\/novak-m.com\/fr\/#website","url":"https:\/\/novak-m.com\/fr\/","name":"Novak M","description":"Novak M | official international webpage | novak-m.com","potentialAction":[{"@type":"SearchAction","target":{"@type":"EntryPoint","urlTemplate":"https:\/\/novak-m.com\/fr\/?s={search_term_string}"},"query-input":{"@type":"PropertyValueSpecification","valueRequired":true,"valueName":"search_term_string"}}],"inLanguage":"de"},{"@type":"Person","@id":"https:\/\/novak-m.com\/fr\/#\/schema\/person\/f484d4bdbb417bc65e1281ff35734865","name":"ana_cesen","url":"https:\/\/novak-m.com\/de\/author\/ana_cesen\/"}]}},"_links":{"self":[{"href":"https:\/\/novak-m.com\/de\/wp-json\/wp\/v2\/posts\/61523","targetHints":{"allow":["GET"]}}],"collection":[{"href":"https:\/\/novak-m.com\/de\/wp-json\/wp\/v2\/posts"}],"about":[{"href":"https:\/\/novak-m.com\/de\/wp-json\/wp\/v2\/types\/post"}],"author":[{"embeddable":true,"href":"https:\/\/novak-m.com\/de\/wp-json\/wp\/v2\/users\/5"}],"replies":[{"embeddable":true,"href":"https:\/\/novak-m.com\/de\/wp-json\/wp\/v2\/comments?post=61523"}],"version-history":[{"count":0,"href":"https:\/\/novak-m.com\/de\/wp-json\/wp\/v2\/posts\/61523\/revisions"}],"wp:featuredmedia":[{"embeddable":true,"href":"https:\/\/novak-m.com\/de\/wp-json\/wp\/v2\/media\/61510"}],"wp:attachment":[{"href":"https:\/\/novak-m.com\/de\/wp-json\/wp\/v2\/media?parent=61523"}],"wp:term":[{"taxonomy":"category","embeddable":true,"href":"https:\/\/novak-m.com\/de\/wp-json\/wp\/v2\/categories?post=61523"},{"taxonomy":"post_tag","embeddable":true,"href":"https:\/\/novak-m.com\/de\/wp-json\/wp\/v2\/tags?post=61523"}],"curies":[{"name":"wp","href":"https:\/\/api.w.org\/{rel}","templated":true}]}}