{"id":59157,"date":"2021-12-13T12:30:45","date_gmt":"2021-12-13T11:30:45","guid":{"rendered":"https:\/\/www.novak-m.com\/?p=59157"},"modified":"2022-01-10T07:25:08","modified_gmt":"2022-01-10T06:25:08","slug":"ein-teil-unseres-teams-ist-an-der-iese-business-school","status":"publish","type":"post","link":"https:\/\/novak-m.com\/de\/ein-teil-unseres-teams-ist-an-der-iese-business-school\/","title":{"rendered":"Ein Teil unseres Teams ist in Barcelona an der IESE Business School"},"content":{"rendered":"<h2>Neues Wissen und Fortschritt<\/h2>\n<p>Bei Novak M stehen Wissen und Fortschritt ganz oben auf der Werteskala. Nur wenn wir f\u00fcr neues Wissen und neue Erkenntnisse offen sind, k\u00f6nnen wir mit der Entwicklung Schritt halten und konsequent auf die Bed\u00fcrfnisse unserer Kunden eingehen.<\/p>\n<h2>Reichhaltige Lernumgebung<\/h2>\n<p>In diesem Jahr nehmen zwei unserer Mitarbeiter am Programm f\u00fcr Managemententwicklung an der renommierten <strong><a href=\"https:\/\/www.iese.edu\/\">IESE business scho<\/a>ol<\/strong>\u00a0der Universit\u00e4t von Navarra in Spanien teil. Das 6-monatige Programm f\u00fcr Funktionsmanager wird derzeit von 23 Teilnehmern aus ganz Europa besucht, die aus verschiedenen Branchen kommen und verschiedene Erfahrungen mitbringen. F\u00fcr den Lernprozess werden haupts\u00e4chlich Fallstudien, Debatten und Simulationen verwendet. In einer dynamischen und reichhaltigen Lernumgebung lernen die Teilnehmer, Strategien, Menschen, Prozesse und Systeme in verschiedenen Funktionen zu verstehen und wie sie zusammenwirken, um Werte zu schaffen. Einfacher ausgedr\u00fcckt: Sie erwerben Kompetenzen und F\u00e4higkeiten, die jeder gute leitende Funktionsmanager braucht.<\/p>\n<p><img loading=\"lazy\" decoding=\"async\" class=\"alignnone size-full wp-image-59142\" src=\"https:\/\/novak-m.com\/wp-content\/uploads\/2021\/12\/IESE-Business-School_gal.jpg\" alt=\"Iese business scool in Barcelona\" width=\"602\" height=\"388\" srcset=\"https:\/\/novak-m.com\/wp-content\/uploads\/2021\/12\/IESE-Business-School_gal.jpg 602w, https:\/\/novak-m.com\/wp-content\/uploads\/2021\/12\/IESE-Business-School_gal-300x193.jpg 300w, https:\/\/novak-m.com\/wp-content\/uploads\/2021\/12\/IESE-Business-School_gal-600x387.jpg 600w, https:\/\/novak-m.com\/wp-content\/uploads\/2021\/12\/IESE-Business-School_gal-186x120.jpg 186w\" sizes=\"auto, (max-width: 602px) 100vw, 602px\" \/><\/p>\n<h2>Erfahrungen aus erster Hand<\/h2>\n<p>Jakob Jau\u0161evec, Marktentwicklungsmanager bei Novak M, sagt \u00fcber das Programm: \u00bb<em>Die Entscheidung f\u00fcr das PMD am IESE Barcelona war eine meiner besten Entscheidungen der letzten Zeit. Das Programm selbst, die anspruchsvollen Vorlesungen und die internationale Gruppe haben mich definitiv aus meiner t\u00e4glichen Routine und Arbeitsumgebung herausgeholt. Au\u00dferdem kann ich so mehr \u00fcber Unternehmen, Wirtschaft und F\u00fchrung erfahren und lernen und die Herausforderungen aus verschiedenen Perspektiven betrachten. Das bringt mich pers\u00f6nlich und beruflich weiter und gibt mir das R\u00fcstzeug, um bessere Entscheidungen zu treffen.<\/em>\u00ab<\/p>\n<h2>\u00bbDer Mensch steht an erster Stelle\u00ab<\/h2>\n<p>Wir bei Novak M m\u00f6chten, dass unser Unternehmen ein anregendes Umfeld f\u00fcr unsere Mitarbeiter ist, nicht nur im Hinblick auf das Wachstum unseres Unternehmens, sondern auch im Hinblick auf die berufliche und pers\u00f6nliche Weiterentwicklung jedes Einzelnen. Abschlie\u00dfend m\u00f6chten wir einen der Werte der IESE Business School zitieren, der auch uns sehr am Herzen liegt: \u00bbWir glauben, dass der Mensch an erster Stelle steht. Die Humanressourcen sind das wertvollste Kapital eines jeden Unternehmens.\u00ab<\/p>\n<p>&nbsp;<\/p>\n<div style='text-align:center;' class='ow_post_button'><a target='_self' href='https:\/\/novak-m.com\/de\/kontakt\/'>KONTAKTIEREN SIE UNS<\/a><\/div>\n","protected":false},"excerpt":{"rendered":"<p>Zwei Mitglieder unseres Teams sind diese Woche in Barcelona, um am Programm f\u00fcr Managemententwicklung an der IESE Business School, Universit\u00e4t von Navarra, Spanien, teilzunehmen.<\/p>\n","protected":false},"author":5,"featured_media":59139,"comment_status":"open","ping_status":"open","sticky":false,"template":"","format":"standard","meta":{"_acf_changed":false,"footnotes":""},"categories":[311],"tags":[],"class_list":["post-59157","post","type-post","status-publish","format-standard","has-post-thumbnail","hentry","category-neuigkeiten"],"acf":[],"yoast_head":"<!-- This site is optimized with the Yoast SEO plugin v25.5 - https:\/\/yoast.com\/wordpress\/plugins\/seo\/ -->\n<title>Ein Teil unseres Teams ist an der IESE Business School | Novak M<\/title>\n<meta name=\"description\" content=\"Zwei unserer Mitarbeiter nehmen am Programm f\u00fcr Managemententwicklung an der renommierten IESE Business School in Spanien teil.\" \/>\n<meta name=\"robots\" content=\"index, follow, max-snippet:-1, max-image-preview:large, max-video-preview:-1\" \/>\n<link rel=\"canonical\" href=\"https:\/\/novak-m.com\/de\/ein-teil-unseres-teams-ist-an-der-iese-business-school\/\" \/>\n<meta property=\"og:locale\" content=\"de_DE\" \/>\n<meta property=\"og:type\" content=\"article\" \/>\n<meta property=\"og:title\" content=\"Ein Teil unseres Teams ist an der IESE Business School | Novak M\" \/>\n<meta property=\"og:description\" content=\"Zwei unserer Mitarbeiter nehmen am Programm f\u00fcr Managemententwicklung an der renommierten IESE Business School in Spanien teil.\" \/>\n<meta property=\"og:url\" content=\"https:\/\/novak-m.com\/de\/ein-teil-unseres-teams-ist-an-der-iese-business-school\/\" \/>\n<meta property=\"og:site_name\" content=\"Novak-M\" \/>\n<meta property=\"article:published_time\" content=\"2021-12-13T11:30:45+00:00\" \/>\n<meta property=\"article:modified_time\" content=\"2022-01-10T06:25:08+00:00\" \/>\n<meta property=\"og:image\" content=\"https:\/\/novak-m.com\/wp-content\/uploads\/2021\/12\/IESE_fb.jpg\" \/>\n\t<meta property=\"og:image:width\" content=\"1200\" \/>\n\t<meta property=\"og:image:height\" content=\"627\" \/>\n\t<meta property=\"og:image:type\" content=\"image\/jpeg\" \/>\n<meta name=\"author\" content=\"ana_cesen\" \/>\n<meta name=\"twitter:card\" content=\"summary_large_image\" \/>\n<meta name=\"twitter:label1\" content=\"Verfasst von\" \/>\n\t<meta name=\"twitter:data1\" content=\"ana_cesen\" \/>\n\t<meta name=\"twitter:label2\" content=\"Gesch\u00e4tzte Lesezeit\" \/>\n\t<meta name=\"twitter:data2\" content=\"2\u00a0Minuten\" \/>\n<script type=\"application\/ld+json\" class=\"yoast-schema-graph\">{\"@context\":\"https:\/\/schema.org\",\"@graph\":[{\"@type\":\"WebPage\",\"@id\":\"https:\/\/novak-m.com\/de\/ein-teil-unseres-teams-ist-an-der-iese-business-school\/\",\"url\":\"https:\/\/novak-m.com\/de\/ein-teil-unseres-teams-ist-an-der-iese-business-school\/\",\"name\":\"Ein Teil unseres Teams ist an der IESE Business School | Novak M\",\"isPartOf\":{\"@id\":\"https:\/\/novak-m.com\/fr\/#website\"},\"primaryImageOfPage\":{\"@id\":\"https:\/\/novak-m.com\/de\/ein-teil-unseres-teams-ist-an-der-iese-business-school\/#primaryimage\"},\"image\":{\"@id\":\"https:\/\/novak-m.com\/de\/ein-teil-unseres-teams-ist-an-der-iese-business-school\/#primaryimage\"},\"thumbnailUrl\":\"https:\/\/novak-m.com\/wp-content\/uploads\/2021\/12\/IESE-Business-School_gen.jpg\",\"datePublished\":\"2021-12-13T11:30:45+00:00\",\"dateModified\":\"2022-01-10T06:25:08+00:00\",\"author\":{\"@id\":\"https:\/\/novak-m.com\/fr\/#\/schema\/person\/f484d4bdbb417bc65e1281ff35734865\"},\"description\":\"Zwei unserer Mitarbeiter nehmen am Programm f\u00fcr Managemententwicklung an der renommierten IESE Business School in Spanien teil.\",\"breadcrumb\":{\"@id\":\"https:\/\/novak-m.com\/de\/ein-teil-unseres-teams-ist-an-der-iese-business-school\/#breadcrumb\"},\"inLanguage\":\"de\",\"potentialAction\":[{\"@type\":\"ReadAction\",\"target\":[\"https:\/\/novak-m.com\/de\/ein-teil-unseres-teams-ist-an-der-iese-business-school\/\"]}]},{\"@type\":\"ImageObject\",\"inLanguage\":\"de\",\"@id\":\"https:\/\/novak-m.com\/de\/ein-teil-unseres-teams-ist-an-der-iese-business-school\/#primaryimage\",\"url\":\"https:\/\/novak-m.com\/wp-content\/uploads\/2021\/12\/IESE-Business-School_gen.jpg\",\"contentUrl\":\"https:\/\/novak-m.com\/wp-content\/uploads\/2021\/12\/IESE-Business-School_gen.jpg\",\"width\":1037,\"height\":929,\"caption\":\"in front of IESE business school\"},{\"@type\":\"BreadcrumbList\",\"@id\":\"https:\/\/novak-m.com\/de\/ein-teil-unseres-teams-ist-an-der-iese-business-school\/#breadcrumb\",\"itemListElement\":[{\"@type\":\"ListItem\",\"position\":1,\"name\":\"Home\",\"item\":\"https:\/\/novak-m.com\/de\/home\/\"},{\"@type\":\"ListItem\",\"position\":2,\"name\":\"Ein Teil unseres Teams ist in Barcelona an der IESE Business School\"}]},{\"@type\":\"WebSite\",\"@id\":\"https:\/\/novak-m.com\/fr\/#website\",\"url\":\"https:\/\/novak-m.com\/fr\/\",\"name\":\"Novak M\",\"description\":\"Novak M | official international webpage | novak-m.com\",\"potentialAction\":[{\"@type\":\"SearchAction\",\"target\":{\"@type\":\"EntryPoint\",\"urlTemplate\":\"https:\/\/novak-m.com\/fr\/?s={search_term_string}\"},\"query-input\":{\"@type\":\"PropertyValueSpecification\",\"valueRequired\":true,\"valueName\":\"search_term_string\"}}],\"inLanguage\":\"de\"},{\"@type\":\"Person\",\"@id\":\"https:\/\/novak-m.com\/fr\/#\/schema\/person\/f484d4bdbb417bc65e1281ff35734865\",\"name\":\"ana_cesen\",\"url\":\"https:\/\/novak-m.com\/de\/author\/ana_cesen\/\"}]}<\/script>\n<!-- \/ Yoast SEO plugin. -->","yoast_head_json":{"title":"Ein Teil unseres Teams ist an der IESE Business School | Novak M","description":"Zwei unserer Mitarbeiter nehmen am Programm f\u00fcr Managemententwicklung an der renommierten IESE Business School in Spanien teil.","robots":{"index":"index","follow":"follow","max-snippet":"max-snippet:-1","max-image-preview":"max-image-preview:large","max-video-preview":"max-video-preview:-1"},"canonical":"https:\/\/novak-m.com\/de\/ein-teil-unseres-teams-ist-an-der-iese-business-school\/","og_locale":"de_DE","og_type":"article","og_title":"Ein Teil unseres Teams ist an der IESE Business School | Novak M","og_description":"Zwei unserer Mitarbeiter nehmen am Programm f\u00fcr Managemententwicklung an der renommierten IESE Business School in Spanien teil.","og_url":"https:\/\/novak-m.com\/de\/ein-teil-unseres-teams-ist-an-der-iese-business-school\/","og_site_name":"Novak-M","article_published_time":"2021-12-13T11:30:45+00:00","article_modified_time":"2022-01-10T06:25:08+00:00","og_image":[{"width":1200,"height":627,"url":"https:\/\/novak-m.com\/wp-content\/uploads\/2021\/12\/IESE_fb.jpg","type":"image\/jpeg"}],"author":"ana_cesen","twitter_card":"summary_large_image","twitter_misc":{"Verfasst von":"ana_cesen","Gesch\u00e4tzte Lesezeit":"2\u00a0Minuten"},"schema":{"@context":"https:\/\/schema.org","@graph":[{"@type":"WebPage","@id":"https:\/\/novak-m.com\/de\/ein-teil-unseres-teams-ist-an-der-iese-business-school\/","url":"https:\/\/novak-m.com\/de\/ein-teil-unseres-teams-ist-an-der-iese-business-school\/","name":"Ein Teil unseres Teams ist an der IESE Business School | Novak M","isPartOf":{"@id":"https:\/\/novak-m.com\/fr\/#website"},"primaryImageOfPage":{"@id":"https:\/\/novak-m.com\/de\/ein-teil-unseres-teams-ist-an-der-iese-business-school\/#primaryimage"},"image":{"@id":"https:\/\/novak-m.com\/de\/ein-teil-unseres-teams-ist-an-der-iese-business-school\/#primaryimage"},"thumbnailUrl":"https:\/\/novak-m.com\/wp-content\/uploads\/2021\/12\/IESE-Business-School_gen.jpg","datePublished":"2021-12-13T11:30:45+00:00","dateModified":"2022-01-10T06:25:08+00:00","author":{"@id":"https:\/\/novak-m.com\/fr\/#\/schema\/person\/f484d4bdbb417bc65e1281ff35734865"},"description":"Zwei unserer Mitarbeiter nehmen am Programm f\u00fcr Managemententwicklung an der renommierten IESE Business School in Spanien teil.","breadcrumb":{"@id":"https:\/\/novak-m.com\/de\/ein-teil-unseres-teams-ist-an-der-iese-business-school\/#breadcrumb"},"inLanguage":"de","potentialAction":[{"@type":"ReadAction","target":["https:\/\/novak-m.com\/de\/ein-teil-unseres-teams-ist-an-der-iese-business-school\/"]}]},{"@type":"ImageObject","inLanguage":"de","@id":"https:\/\/novak-m.com\/de\/ein-teil-unseres-teams-ist-an-der-iese-business-school\/#primaryimage","url":"https:\/\/novak-m.com\/wp-content\/uploads\/2021\/12\/IESE-Business-School_gen.jpg","contentUrl":"https:\/\/novak-m.com\/wp-content\/uploads\/2021\/12\/IESE-Business-School_gen.jpg","width":1037,"height":929,"caption":"in front of IESE business school"},{"@type":"BreadcrumbList","@id":"https:\/\/novak-m.com\/de\/ein-teil-unseres-teams-ist-an-der-iese-business-school\/#breadcrumb","itemListElement":[{"@type":"ListItem","position":1,"name":"Home","item":"https:\/\/novak-m.com\/de\/home\/"},{"@type":"ListItem","position":2,"name":"Ein Teil unseres Teams ist in Barcelona an der IESE Business School"}]},{"@type":"WebSite","@id":"https:\/\/novak-m.com\/fr\/#website","url":"https:\/\/novak-m.com\/fr\/","name":"Novak M","description":"Novak M | official international webpage | novak-m.com","potentialAction":[{"@type":"SearchAction","target":{"@type":"EntryPoint","urlTemplate":"https:\/\/novak-m.com\/fr\/?s={search_term_string}"},"query-input":{"@type":"PropertyValueSpecification","valueRequired":true,"valueName":"search_term_string"}}],"inLanguage":"de"},{"@type":"Person","@id":"https:\/\/novak-m.com\/fr\/#\/schema\/person\/f484d4bdbb417bc65e1281ff35734865","name":"ana_cesen","url":"https:\/\/novak-m.com\/de\/author\/ana_cesen\/"}]}},"_links":{"self":[{"href":"https:\/\/novak-m.com\/de\/wp-json\/wp\/v2\/posts\/59157","targetHints":{"allow":["GET"]}}],"collection":[{"href":"https:\/\/novak-m.com\/de\/wp-json\/wp\/v2\/posts"}],"about":[{"href":"https:\/\/novak-m.com\/de\/wp-json\/wp\/v2\/types\/post"}],"author":[{"embeddable":true,"href":"https:\/\/novak-m.com\/de\/wp-json\/wp\/v2\/users\/5"}],"replies":[{"embeddable":true,"href":"https:\/\/novak-m.com\/de\/wp-json\/wp\/v2\/comments?post=59157"}],"version-history":[{"count":0,"href":"https:\/\/novak-m.com\/de\/wp-json\/wp\/v2\/posts\/59157\/revisions"}],"wp:featuredmedia":[{"embeddable":true,"href":"https:\/\/novak-m.com\/de\/wp-json\/wp\/v2\/media\/59139"}],"wp:attachment":[{"href":"https:\/\/novak-m.com\/de\/wp-json\/wp\/v2\/media?parent=59157"}],"wp:term":[{"taxonomy":"category","embeddable":true,"href":"https:\/\/novak-m.com\/de\/wp-json\/wp\/v2\/categories?post=59157"},{"taxonomy":"post_tag","embeddable":true,"href":"https:\/\/novak-m.com\/de\/wp-json\/wp\/v2\/tags?post=59157"}],"curies":[{"name":"wp","href":"https:\/\/api.w.org\/{rel}","templated":true}]}}